{"id":59398,"date":"2025-09-22T15:10:23","date_gmt":"2025-09-22T18:10:23","guid":{"rendered":"https:\/\/radiorevelacionfm.cl\/?p=59398"},"modified":"2025-09-22T15:10:23","modified_gmt":"2025-09-22T18:10:23","slug":"21-personas-becadas-por-culturas-aysen-participan-en-diplomado-en-educacion-artistica","status":"publish","type":"post","link":"https:\/\/radiorevelacionfm.cl\/?p=59398","title":{"rendered":"21 personas becadas por Culturas Ays\u00e9n participan en Diplomado en Educaci\u00f3n Art\u00edstica"},"content":{"rendered":"<div class=\"flex_column av_one_full  flex_column_div av-zero-column-padding first  avia-builder-el-0  el_before_av_one_full  avia-builder-el-first  \" style='border-radius:0px; '><div  class='avia-image-container  av-styling-    avia-builder-el-1  avia-builder-el-no-sibling  avia-align-center '  itemprop=\"image\" itemscope=\"itemscope\" itemtype=\"https:\/\/schema.org\/ImageObject\"  ><div class='avia-image-container-inner'><div class='avia-image-overlay-wrap'><img decoding=\"async\" class='wp-image-59399 avia-img-lazy-loading-not-59399 avia_image' src=\"https:\/\/radiorevelacionfm.cl\/wp-content\/uploads\/2025\/09\/diplomado-1-1.jpeg\" alt='' title='diplomado (1) (1)' height=\"600\" width=\"800\"  itemprop=\"thumbnailUrl\" srcset=\"https:\/\/radiorevelacionfm.cl\/wp-content\/uploads\/2025\/09\/diplomado-1-1.jpeg 800w, https:\/\/radiorevelacionfm.cl\/wp-content\/uploads\/2025\/09\/diplomado-1-1-300x225.jpeg 300w, https:\/\/radiorevelacionfm.cl\/wp-content\/uploads\/2025\/09\/diplomado-1-1-768x576.jpeg 768w, https:\/\/radiorevelacionfm.cl\/wp-content\/uploads\/2025\/09\/diplomado-1-1-705x529.jpeg 705w, https:\/\/radiorevelacionfm.cl\/wp-content\/uploads\/2025\/09\/diplomado-1-1-450x338.jpeg 450w, https:\/\/radiorevelacionfm.cl\/wp-content\/uploads\/2025\/09\/diplomado-1-1-600x450.jpeg 600w\" sizes=\"(max-width: 800px) 100vw, 800px\" \/><\/div><\/div><\/div><\/div><div class=\"flex_column av_one_full  flex_column_div av-zero-column-padding first  avia-builder-el-2  el_after_av_one_full  el_before_av_one_full  column-top-margin\" style='border-radius:0px; '><section class=\"av_textblock_section \"  itemscope=\"itemscope\" itemtype=\"https:\/\/schema.org\/BlogPosting\" itemprop=\"blogPost\" ><div class='avia_textblock  '   itemprop=\"text\" ><p style=\"text-align: center;\"><strong><span style=\"font-size: 18pt;\">21 personas becadas por Culturas Ays\u00e9n participan en Diplomado en Educaci\u00f3n Art\u00edstica<\/span><\/strong><\/p>\n<div id=\"gtx-trans\" style=\"position: absolute; left: -50px; top: 4.31534px;\">\n<div class=\"gtx-trans-icon\"><\/div>\n<\/div>\n<\/div><\/section><\/div><div class=\"flex_column av_one_full  flex_column_div av-zero-column-padding first  avia-builder-el-4  el_after_av_one_full  el_before_av_hr  column-top-margin\" style='border-radius:0px; '><section class=\"av_textblock_section \"  itemscope=\"itemscope\" itemtype=\"https:\/\/schema.org\/BlogPosting\" itemprop=\"blogPost\" ><div class='avia_textblock  '   itemprop=\"text\" ><p style=\"text-align: justify;\">Estudiantes de las comunas de Coyhaique, Cochrane, Chile Chico, Cisnes y Puerto Ays\u00e9n est\u00e1n participando en el I Diplomado en Educaci\u00f3n Art\u00edstica que dicta la Universidad de Los Lagos, gracias a un convenio de cooperaci\u00f3n con el Ministerio de las Culturas, las Artes y el Patrimonio.<\/p>\n<p style=\"text-align: justify;\">21 agentes culturales de la Regi\u00f3n de Ays\u00e9n fueron beneficiados con una beca que les est\u00e1 permitiendo ser parte de este espacio formativo para artistas docentes del Programa Nacional de Desarrollo Art\u00edstico en la Educaci\u00f3n (PNDAE) de Culturas Ays\u00e9n.<\/p>\n<p style=\"text-align: justify;\">A trav\u00e9s del diplomado, cobra fuerza la Pol\u00edtica Nacional de Educaci\u00f3n Art\u00edstica de los ministerios de Culturas y Educaci\u00f3n, y re\u00fane el trabajo de las mesas regionales de Ays\u00e9n y Los Lagos .<\/p>\n<p style=\"text-align: justify;\">Para la seremi (s) de Culturas Ays\u00e9n, Claudia Bustamante, se trata de \u201cuna gran oportunidad para fortalecer el ecosistema y las redes art\u00edstico-culturales de nuestro territorio, con el respaldo de una instituci\u00f3n como la Universidad de los Lagos y con c\u00e1tedras de connotados acad\u00e9micos\u201d.<\/p>\n<p style=\"text-align: justify;\">La modalidad del diplomado es h\u00edbrida, con clases online dos veces por semana y dos clases magistrales presenciales en Coyhaique, cuya primera sesi\u00f3n ocurri\u00f3 el pasado 13 de septiembre y estuvo a cargo de la directora de la Escuela de M\u00fasica y Artes Integradas de Coyhaique, directora del Chelo Fest e integrante del directorio de la Fundaci\u00f3n de Orquestas Juveniles e Infantiles de Chile, Magdalena Rosas.<\/p>\n<p style=\"text-align: justify;\">Una de las participantes, Mar\u00eda Jos\u00e9 \u00c1lvarez del colectivo Patagoniarte dijo que \u201cha estado superbueno, muy agradecida porque todo estuvo superbi\u00e9n coordinado, estoy segura de que todo este esfuerzo va a dar y est\u00e1 dando frutos\u201d<\/p>\n<p style=\"text-align: justify;\">El I Diplomado en Educaci\u00f3n Art\u00edstica es fruto del trabajo sostenido durante los \u00faltimos a\u00f1os entre el Ministerio de las Culturas y la Universidad de Los Lagos, que ha permitido entregar herramientas a gestores culturales de todas las comunas de la regi\u00f3n.<\/p>\n<\/div><\/section><\/div><div  style='height:50px' class='hr hr-invisible   avia-builder-el-6  el_after_av_one_full  el_before_av_social_share '><span class='hr-inner ' ><span class='hr-inner-style'><\/span><\/span><\/div><\/p>\n<div  class='av-social-sharing-box  avia-builder-el-7  el_after_av_hr  el_before_av_hr  '><div class='av-share-box'><h5 class='av-share-link-description av-no-toc '>Compartir esta noticia<\/h5><ul class='av-share-box-list noLightbox'><li class='av-share-link av-social-link-facebook' ><a target=\"_blank\" aria-label=\"Compartir en Facebook\" href='https:\/\/www.facebook.com\/sharer.php?u=https:\/\/radiorevelacionfm.cl\/?p=59398&#038;t=21%20personas%20becadas%20por%20Culturas%20Ays%C3%A9n%20participan%20en%20Diplomado%20en%20Educaci%C3%B3n%20Art%C3%ADstica' aria-hidden='false' data-av_icon='\ue8f3' data-av_iconfont='entypo-fontello' title='' data-avia-related-tooltip='Compartir en Facebook' rel=\"noopener\"><span class='avia_hidden_link_text'>Compartir en Facebook<\/span><\/a><\/li><li class='av-share-link av-social-link-twitter' ><a target=\"_blank\" aria-label=\"Compartir en Twitter\" href='https:\/\/twitter.com\/share?text=21%20personas%20becadas%20por%20Culturas%20Ays%C3%A9n%20participan%20en%20Diplomado%20en%20Educaci%C3%B3n%20Art%C3%ADstica&#038;url=https:\/\/radiorevelacionfm.cl\/?p=59398' aria-hidden='false' data-av_icon='\ue8f1' data-av_iconfont='entypo-fontello' title='' data-avia-related-tooltip='Compartir en Twitter' rel=\"noopener\"><span class='avia_hidden_link_text'>Compartir en Twitter<\/span><\/a><\/li><li class='av-share-link av-social-link-whatsapp' ><a target=\"_blank\" aria-label=\"Compartir en Whatsapp\" href='https:\/\/api.whatsapp.com\/send?text=https:\/\/radiorevelacionfm.cl\/?p=59398' aria-hidden='false' data-av_icon='\uf232' data-av_iconfont='entypo-fontello' title='' data-avia-related-tooltip='Compartir en Whatsapp' rel=\"noopener\"><span class='avia_hidden_link_text'>Compartir en Whatsapp<\/span><\/a><\/li><li class='av-share-link av-social-link-linkedin' ><a target=\"_blank\" aria-label=\"Compartir en LinkedIn\" href='https:\/\/linkedin.com\/shareArticle?mini=true&#038;title=21%20personas%20becadas%20por%20Culturas%20Ays%C3%A9n%20participan%20en%20Diplomado%20en%20Educaci%C3%B3n%20Art%C3%ADstica&#038;url=https:\/\/radiorevelacionfm.cl\/?p=59398' aria-hidden='false' data-av_icon='\ue8fc' data-av_iconfont='entypo-fontello' title='' data-avia-related-tooltip='Compartir en LinkedIn' rel=\"noopener\"><span class='avia_hidden_link_text'>Compartir en LinkedIn<\/span><\/a><\/li><li class='av-share-link av-social-link-mail' ><a  aria-label=\"Compartir por correo\" href='mailto:?subject=21%20personas%20becadas%20por%20Culturas%20Ays%C3%A9n%20participan%20en%20Diplomado%20en%20Educaci%C3%B3n%20Art%C3%ADstica&#038;body=https:\/\/radiorevelacionfm.cl\/?p=59398' aria-hidden='false' data-av_icon='\ue805' data-av_iconfont='entypo-fontello' title='' data-avia-related-tooltip='Compartir por correo'><span class='avia_hidden_link_text'>Compartir por correo<\/span><\/a><\/li><\/ul><\/div><\/div>\n<div  style='height:50px' class='hr hr-invisible   avia-builder-el-8  el_after_av_social_share  el_before_av_comments_list '><span class='hr-inner ' ><span class='hr-inner-style'><\/span><\/span><\/div>\n<div  class='av-buildercomment  av-blog-meta-html-info-disabled av-blog-meta-tag-disabled  '><\/div>\n","protected":false},"excerpt":{"rendered":"","protected":false},"author":1,"featured_media":59399,"comment_status":"closed","ping_status":"closed","sticky":false,"template":"","format":"standard","meta":{"footnotes":""},"categories":[52],"tags":[],"class_list":["post-59398","post","type-post","status-publish","format-standard","has-post-thumbnail","hentry","category-cultura"],"jetpack_featured_media_url":"https:\/\/radiorevelacionfm.cl\/wp-content\/uploads\/2025\/09\/diplomado-1-1.jpeg","_links":{"self":[{"href":"https:\/\/radiorevelacionfm.cl\/index.php?rest_route=\/wp\/v2\/posts\/59398","targetHints":{"allow":["GET"]}}],"collection":[{"href":"https:\/\/radiorevelacionfm.cl\/index.php?rest_route=\/wp\/v2\/posts"}],"about":[{"href":"https:\/\/radiorevelacionfm.cl\/index.php?rest_route=\/wp\/v2\/types\/post"}],"author":[{"embeddable":true,"href":"https:\/\/radiorevelacionfm.cl\/index.php?rest_route=\/wp\/v2\/users\/1"}],"replies":[{"embeddable":true,"href":"https:\/\/radiorevelacionfm.cl\/index.php?rest_route=%2Fwp%2Fv2%2Fcomments&post=59398"}],"version-history":[{"count":2,"href":"https:\/\/radiorevelacionfm.cl\/index.php?rest_route=\/wp\/v2\/posts\/59398\/revisions"}],"predecessor-version":[{"id":59401,"href":"https:\/\/radiorevelacionfm.cl\/index.php?rest_route=\/wp\/v2\/posts\/59398\/revisions\/59401"}],"wp:featuredmedia":[{"embeddable":true,"href":"https:\/\/radiorevelacionfm.cl\/index.php?rest_route=\/wp\/v2\/media\/59399"}],"wp:attachment":[{"href":"https:\/\/radiorevelacionfm.cl\/index.php?rest_route=%2Fwp%2Fv2%2Fmedia&parent=59398"}],"wp:term":[{"taxonomy":"category","embeddable":true,"href":"https:\/\/radiorevelacionfm.cl\/index.php?rest_route=%2Fwp%2Fv2%2Fcategories&post=59398"},{"taxonomy":"post_tag","embeddable":true,"href":"https:\/\/radiorevelacionfm.cl\/index.php?rest_route=%2Fwp%2Fv2%2Ftags&post=59398"}],"curies":[{"name":"wp","href":"https:\/\/api.w.org\/{rel}","templated":true}]}}