{"id":59393,"date":"2025-09-22T10:47:01","date_gmt":"2025-09-22T13:47:01","guid":{"rendered":"https:\/\/radiorevelacionfm.cl\/?p=59393"},"modified":"2025-09-22T10:47:01","modified_gmt":"2025-09-22T13:47:01","slug":"senador-sandoval-entrega-reconocimiento-al-cuerpo-militar-del-trabajo-cmt-por-su-rol-en-la-construccion-de-la-carretera-austral","status":"publish","type":"post","link":"https:\/\/radiorevelacionfm.cl\/?p=59393","title":{"rendered":"Senador Sandoval entrega reconocimiento al Cuerpo Militar del Trabajo (CMT) por su rol en la construcci\u00f3n de la Carretera Austral"},"content":{"rendered":"<div class=\"flex_column av_one_full  flex_column_div av-zero-column-padding first  avia-builder-el-0  el_before_av_one_full  avia-builder-el-first  \" style='border-radius:0px; '><div  class='avia-image-container  av-styling-    avia-builder-el-1  avia-builder-el-no-sibling  avia-align-center '  itemprop=\"image\" itemscope=\"itemscope\" itemtype=\"https:\/\/schema.org\/ImageObject\"  ><div class='avia-image-container-inner'><div class='avia-image-overlay-wrap'><img decoding=\"async\" class='wp-image-59394 avia-img-lazy-loading-not-59394 avia_image' src=\"https:\/\/radiorevelacionfm.cl\/wp-content\/uploads\/2025\/09\/Entrega-reconocimiento-1-1.jpg\" alt='' title='Entrega reconocimiento (1) (1)' height=\"600\" width=\"899\"  itemprop=\"thumbnailUrl\" srcset=\"https:\/\/radiorevelacionfm.cl\/wp-content\/uploads\/2025\/09\/Entrega-reconocimiento-1-1.jpg 899w, https:\/\/radiorevelacionfm.cl\/wp-content\/uploads\/2025\/09\/Entrega-reconocimiento-1-1-300x200.jpg 300w, https:\/\/radiorevelacionfm.cl\/wp-content\/uploads\/2025\/09\/Entrega-reconocimiento-1-1-768x513.jpg 768w, https:\/\/radiorevelacionfm.cl\/wp-content\/uploads\/2025\/09\/Entrega-reconocimiento-1-1-705x471.jpg 705w, https:\/\/radiorevelacionfm.cl\/wp-content\/uploads\/2025\/09\/Entrega-reconocimiento-1-1-450x300.jpg 450w, https:\/\/radiorevelacionfm.cl\/wp-content\/uploads\/2025\/09\/Entrega-reconocimiento-1-1-600x400.jpg 600w\" sizes=\"(max-width: 899px) 100vw, 899px\" \/><\/div><\/div><\/div><\/div><div class=\"flex_column av_one_full  flex_column_div av-zero-column-padding first  avia-builder-el-2  el_after_av_one_full  el_before_av_one_full  column-top-margin\" style='border-radius:0px; '><section class=\"av_textblock_section \"  itemscope=\"itemscope\" itemtype=\"https:\/\/schema.org\/BlogPosting\" itemprop=\"blogPost\" ><div class='avia_textblock  '   itemprop=\"text\" ><p style=\"text-align: center;\"><strong><span style=\"font-size: 18pt;\">Senador Sandoval entrega reconocimiento al Cuerpo Militar del Trabajo (CMT) por su rol en la construcci\u00f3n de la Carretera Austral<\/span><\/strong><\/p>\n<div id=\"gtx-trans\" style=\"position: absolute; left: -50px; top: 4.31534px;\">\n<div class=\"gtx-trans-icon\"><\/div>\n<\/div>\n<\/div><\/section><\/div><div class=\"flex_column av_one_full  flex_column_div av-zero-column-padding first  avia-builder-el-4  el_after_av_one_full  el_before_av_hr  column-top-margin\" style='border-radius:0px; '><section class=\"av_textblock_section \"  itemscope=\"itemscope\" itemtype=\"https:\/\/schema.org\/BlogPosting\" itemprop=\"blogPost\" ><div class='avia_textblock  '   itemprop=\"text\" ><p style=\"text-align: justify;\"><em>Parlamentario entreg\u00f3 un documento firmado tambi\u00e9n por el presidente del Senado, Manuel Jose a Ossandon, as\u00ed como una medalla de la misma corporaci\u00f3n para reconocer la labor fundamental cumplida por la instituci\u00f3n.<\/em><\/p>\n<p style=\"text-align: justify;\">En el marco de la ceremonia del d\u00eda de las Glorias del Ej\u00e9rcito, celebrado recientemente en Coyhaique, el senador David Sandoval hizo entrega de un reconocimiento al Cuerpo Militar del Trabajo (CMT), a trav\u00e9s de la IV Divisi\u00f3n de Ej\u00e9rcito, por el el rol fundamental que ha cumplido la instituci\u00f3n en la construcci\u00f3n de la Carretera Longitudinal Austral.<\/p>\n<p style=\"text-align: justify;\">En el documento, tambi\u00e9n firmado por el presidente del Senado, Manuel Jose Ossandon, se destaca que el CMT ha dejado \u201cuna huella imborrable en nuestra historia y en la vida de los habitantes de la Patagonia Occidental\u201d, agregando que ese compromiso permiti\u00f3 construir una ruta que acerca no s\u00f3lo territorios sino que tambi\u00e9n familias, donde la conectividad es clave para la integraci\u00f3n territorial.<\/p>\n<p style=\"text-align: justify;\">Al respecto, el senador Sandoval resalt\u00f3 que la carretera le cambi\u00f3 la vida a muchas comunidades, por ejemplo de la zona sur de nuestra regi\u00f3n, valorando el esfuerzo que se ha realizado en este \u00e1mbito. \u201cEl testimonio era muy atingente a la celebraci\u00f3n de las Glorias del Ej\u00e9rcito y porque adem\u00e1s muchos soldados conscriptos perdieron su vida en estos trabajos, muchos de los cuales vinieron de diferentes rincones del pa\u00eds a hacer su servicio militar y muchos tuvieron accidentes de diversa naturaleza\u201d, record\u00f3.<\/p>\n<p style=\"text-align: justify;\">En ese sentido, el legislador insisti\u00f3 en la importancia que tiene la conectividad a nivel regional, donde el CMT ha tenido un importante papel. \u201cHicieron la conexi\u00f3n de O\u2019Higgins al Mayer, est\u00e1n trabajando en el camino Tapera &#8211; Lago Verde, entre tantas otras rutas\u201d, precis\u00f3.<\/p>\n<p style=\"text-align: justify;\">Junto con ello, Sandoval record\u00f3 otras rutas que tambi\u00e9n ser\u00edan muy importante se pudieran concretar en el futuro. \u201cLa ruta Puerto Yungay &#8211; Rio Pascua, para que Villa O\u2019Higgins deje de ser una isla; y el camino de Laguna Jeinimeni hacia Valle Chacabuco, entre otros\u201d.<\/p>\n<p style=\"text-align: justify;\">Cabe se\u00f1alar que junto con el documento de reconocimiento, en el acto tambi\u00e9n se hizo entrega de la medalla del Senado en el mismo sentido.<\/p>\n<\/div><\/section><\/div><div  style='height:50px' class='hr hr-invisible   avia-builder-el-6  el_after_av_one_full  el_before_av_social_share '><span class='hr-inner ' ><span class='hr-inner-style'><\/span><\/span><\/div><\/p>\n<div  class='av-social-sharing-box  avia-builder-el-7  el_after_av_hr  el_before_av_hr  '><div class='av-share-box'><h5 class='av-share-link-description av-no-toc '>Compartir esta noticia<\/h5><ul class='av-share-box-list noLightbox'><li class='av-share-link av-social-link-facebook' ><a target=\"_blank\" aria-label=\"Compartir en Facebook\" href='https:\/\/www.facebook.com\/sharer.php?u=https:\/\/radiorevelacionfm.cl\/?p=59393&#038;t=Senador%20Sandoval%20entrega%20reconocimiento%20al%20Cuerpo%20Militar%20del%20Trabajo%20%28CMT%29%20por%20su%20rol%20en%20la%20construcci%C3%B3n%20de%20la%20Carretera%20Austral' aria-hidden='false' data-av_icon='\ue8f3' data-av_iconfont='entypo-fontello' title='' data-avia-related-tooltip='Compartir en Facebook' rel=\"noopener\"><span class='avia_hidden_link_text'>Compartir en Facebook<\/span><\/a><\/li><li class='av-share-link av-social-link-twitter' ><a target=\"_blank\" aria-label=\"Compartir en Twitter\" href='https:\/\/twitter.com\/share?text=Senador%20Sandoval%20entrega%20reconocimiento%20al%20Cuerpo%20Militar%20del%20Trabajo%20%28CMT%29%20por%20su%20rol%20en%20la%20construcci%C3%B3n%20de%20la%20Carretera%20Austral&#038;url=https:\/\/radiorevelacionfm.cl\/?p=59393' aria-hidden='false' data-av_icon='\ue8f1' data-av_iconfont='entypo-fontello' title='' data-avia-related-tooltip='Compartir en Twitter' rel=\"noopener\"><span class='avia_hidden_link_text'>Compartir en Twitter<\/span><\/a><\/li><li class='av-share-link av-social-link-whatsapp' ><a target=\"_blank\" aria-label=\"Compartir en Whatsapp\" href='https:\/\/api.whatsapp.com\/send?text=https:\/\/radiorevelacionfm.cl\/?p=59393' aria-hidden='false' data-av_icon='\uf232' data-av_iconfont='entypo-fontello' title='' data-avia-related-tooltip='Compartir en Whatsapp' rel=\"noopener\"><span class='avia_hidden_link_text'>Compartir en Whatsapp<\/span><\/a><\/li><li class='av-share-link av-social-link-linkedin' ><a target=\"_blank\" aria-label=\"Compartir en LinkedIn\" href='https:\/\/linkedin.com\/shareArticle?mini=true&#038;title=Senador%20Sandoval%20entrega%20reconocimiento%20al%20Cuerpo%20Militar%20del%20Trabajo%20%28CMT%29%20por%20su%20rol%20en%20la%20construcci%C3%B3n%20de%20la%20Carretera%20Austral&#038;url=https:\/\/radiorevelacionfm.cl\/?p=59393' aria-hidden='false' data-av_icon='\ue8fc' data-av_iconfont='entypo-fontello' title='' data-avia-related-tooltip='Compartir en LinkedIn' rel=\"noopener\"><span class='avia_hidden_link_text'>Compartir en LinkedIn<\/span><\/a><\/li><li class='av-share-link av-social-link-mail' ><a  aria-label=\"Compartir por correo\" href='mailto:?subject=Senador%20Sandoval%20entrega%20reconocimiento%20al%20Cuerpo%20Militar%20del%20Trabajo%20%28CMT%29%20por%20su%20rol%20en%20la%20construcci%C3%B3n%20de%20la%20Carretera%20Austral&#038;body=https:\/\/radiorevelacionfm.cl\/?p=59393' aria-hidden='false' data-av_icon='\ue805' data-av_iconfont='entypo-fontello' title='' data-avia-related-tooltip='Compartir por correo'><span class='avia_hidden_link_text'>Compartir por correo<\/span><\/a><\/li><\/ul><\/div><\/div>\n<div  style='height:50px' class='hr hr-invisible   avia-builder-el-8  el_after_av_social_share  el_before_av_comments_list '><span class='hr-inner ' ><span class='hr-inner-style'><\/span><\/span><\/div>\n<div  class='av-buildercomment  av-blog-meta-html-info-disabled av-blog-meta-tag-disabled  '><\/div>\n","protected":false},"excerpt":{"rendered":"","protected":false},"author":1,"featured_media":59394,"comment_status":"closed","ping_status":"closed","sticky":false,"template":"","format":"standard","meta":{"footnotes":""},"categories":[38],"tags":[],"class_list":["post-59393","post","type-post","status-publish","format-standard","has-post-thumbnail","hentry","category-regional"],"jetpack_featured_media_url":"https:\/\/radiorevelacionfm.cl\/wp-content\/uploads\/2025\/09\/Entrega-reconocimiento-1-1.jpg","_links":{"self":[{"href":"https:\/\/radiorevelacionfm.cl\/index.php?rest_route=\/wp\/v2\/posts\/59393","targetHints":{"allow":["GET"]}}],"collection":[{"href":"https:\/\/radiorevelacionfm.cl\/index.php?rest_route=\/wp\/v2\/posts"}],"about":[{"href":"https:\/\/radiorevelacionfm.cl\/index.php?rest_route=\/wp\/v2\/types\/post"}],"author":[{"embeddable":true,"href":"https:\/\/radiorevelacionfm.cl\/index.php?rest_route=\/wp\/v2\/users\/1"}],"replies":[{"embeddable":true,"href":"https:\/\/radiorevelacionfm.cl\/index.php?rest_route=%2Fwp%2Fv2%2Fcomments&post=59393"}],"version-history":[{"count":2,"href":"https:\/\/radiorevelacionfm.cl\/index.php?rest_route=\/wp\/v2\/posts\/59393\/revisions"}],"predecessor-version":[{"id":59397,"href":"https:\/\/radiorevelacionfm.cl\/index.php?rest_route=\/wp\/v2\/posts\/59393\/revisions\/59397"}],"wp:featuredmedia":[{"embeddable":true,"href":"https:\/\/radiorevelacionfm.cl\/index.php?rest_route=\/wp\/v2\/media\/59394"}],"wp:attachment":[{"href":"https:\/\/radiorevelacionfm.cl\/index.php?rest_route=%2Fwp%2Fv2%2Fmedia&parent=59393"}],"wp:term":[{"taxonomy":"category","embeddable":true,"href":"https:\/\/radiorevelacionfm.cl\/index.php?rest_route=%2Fwp%2Fv2%2Fcategories&post=59393"},{"taxonomy":"post_tag","embeddable":true,"href":"https:\/\/radiorevelacionfm.cl\/index.php?rest_route=%2Fwp%2Fv2%2Ftags&post=59393"}],"curies":[{"name":"wp","href":"https:\/\/api.w.org\/{rel}","templated":true}]}}