{"id":59386,"date":"2025-09-21T18:28:24","date_gmt":"2025-09-21T21:28:24","guid":{"rendered":"https:\/\/radiorevelacionfm.cl\/?p=59386"},"modified":"2025-09-21T18:28:24","modified_gmt":"2025-09-21T21:28:24","slug":"la-gran-empanada-de-cochrane-celebro-sabor-tradicion-y-comunidad-en-fiestas-patrias","status":"publish","type":"post","link":"https:\/\/radiorevelacionfm.cl\/?p=59386","title":{"rendered":"La gran empanada de Cochrane celebr\u00f3 sabor, tradici\u00f3n y comunidad en Fiestas Patrias"},"content":{"rendered":"<div class=\"flex_column av_one_full  flex_column_div av-zero-column-padding first  avia-builder-el-0  el_before_av_one_full  avia-builder-el-first  \" style='border-radius:0px; '><div  class='avia-image-container  av-styling-    avia-builder-el-1  avia-builder-el-no-sibling  avia-align-center '  itemprop=\"image\" itemscope=\"itemscope\" itemtype=\"https:\/\/schema.org\/ImageObject\"  ><div class='avia-image-container-inner'><div class='avia-image-overlay-wrap'><img decoding=\"async\" class='wp-image-59387 avia-img-lazy-loading-not-59387 avia_image' src=\"https:\/\/radiorevelacionfm.cl\/wp-content\/uploads\/2025\/09\/IMG_1640-1-1.jpg\" alt='' title='IMG_1640 (1) (1)' height=\"600\" width=\"900\"  itemprop=\"thumbnailUrl\" srcset=\"https:\/\/radiorevelacionfm.cl\/wp-content\/uploads\/2025\/09\/IMG_1640-1-1.jpg 900w, https:\/\/radiorevelacionfm.cl\/wp-content\/uploads\/2025\/09\/IMG_1640-1-1-300x200.jpg 300w, https:\/\/radiorevelacionfm.cl\/wp-content\/uploads\/2025\/09\/IMG_1640-1-1-768x512.jpg 768w, https:\/\/radiorevelacionfm.cl\/wp-content\/uploads\/2025\/09\/IMG_1640-1-1-705x470.jpg 705w, https:\/\/radiorevelacionfm.cl\/wp-content\/uploads\/2025\/09\/IMG_1640-1-1-450x300.jpg 450w, https:\/\/radiorevelacionfm.cl\/wp-content\/uploads\/2025\/09\/IMG_1640-1-1-600x400.jpg 600w\" sizes=\"(max-width: 900px) 100vw, 900px\" \/><\/div><\/div><\/div><\/div><div class=\"flex_column av_one_full  flex_column_div av-zero-column-padding first  avia-builder-el-2  el_after_av_one_full  el_before_av_one_full  column-top-margin\" style='border-radius:0px; '><section class=\"av_textblock_section \"  itemscope=\"itemscope\" itemtype=\"https:\/\/schema.org\/BlogPosting\" itemprop=\"blogPost\" ><div class='avia_textblock  '   itemprop=\"text\" ><p style=\"text-align: center;\"><strong><span style=\"font-size: 18pt;\">La gran empanada de Cochrane celebr\u00f3 sabor, tradici\u00f3n y comunidad en Fiestas Patrias<\/span><\/strong><\/p>\n<div id=\"gtx-trans\" style=\"position: absolute; left: -50px; top: 4.31534px;\">\n<div class=\"gtx-trans-icon\"><\/div>\n<\/div>\n<\/div><\/section><\/div><div class=\"flex_column av_one_full  flex_column_div av-zero-column-padding first  avia-builder-el-4  el_after_av_one_full  el_before_av_hr  column-top-margin\" style='border-radius:0px; '><section class=\"av_textblock_section \"  itemscope=\"itemscope\" itemtype=\"https:\/\/schema.org\/BlogPosting\" itemprop=\"blogPost\" ><div class='avia_textblock  '   itemprop=\"text\" ><p style=\"text-align: justify;\">Con un Parque Costumbrista repleto de p\u00fablico y un ambiente cargado de identidad, Cochrane vivi\u00f3 la Gran Empanada 2025, concurso gastron\u00f3mico que reuni\u00f3 a talentosas cocineras locales y que se transform\u00f3 en uno de los hitos m\u00e1s emotivos de las celebraciones de Fiestas Patrias. El certamen convoc\u00f3 a numerosas participantes que presentaron con orgullo la receta m\u00e1s t\u00edpica de la comuna: la empanada frita de pino, cada una con su propio sello familiar. El entusiasmo de las concursantes y el nivel de las preparaciones hicieron muy dif\u00edcil la labor del jurado.<\/p>\n<p style=\"text-align: justify;\"><strong>El primer lugar fue para M\u00f3nica Olivares<\/strong>, quien dedic\u00f3 emocionada su triunfo a su madre y a su familia: \u201cagradecida de lo que mi madre me ense\u00f1\u00f3, cuando ella dec\u00eda: \u2018Hija, tienen que aprender y alg\u00fan d\u00eda pueden tener un buen logro\u2019. Y as\u00ed ha sido. Para m\u00ed, yo no he tenido curso de cocina, pero me gusta. Y, bueno, agradecer todo esto que hicieron hoy d\u00eda, porque mis nietos, mi hija, mi nuera, todos me dec\u00edan: \u2018participe, participe, si usted va a salir va a tener buen resultado\u2019 y as\u00ed fue, buen logro. As\u00ed que, muy agradecida de todo.<\/p>\n<p style=\"text-align: justify;\"><strong>El segundo lugar fue para Fresia Bustamante<\/strong>, quien expres\u00f3 su gratitud: \u201cEstoy muy agradecida, porque hab\u00eda muchas participantes y nunca pens\u00e9 quedar en el segundo lugar. Para m\u00ed es una alegr\u00eda muy grande, porque la empanada es tradici\u00f3n y la hacemos con cari\u00f1o. Gracias a todos los que nos apoyaron.\u201d<\/p>\n<p style=\"text-align: justify;\"><strong>El tercer lugar lo obtuvo Nora Vel\u00e1squez<\/strong>, quien dedic\u00f3 su reconocimiento a su madre: \u201ceste triunfo, en realidad, a mi mamita. Somos hartas. En realidad, nunca esper\u00e9 tener un tercer lugar. Para m\u00ed, maravilloso. Y se lo dedico a mi madre, que ya no est\u00e1, pero s\u00ed, yo aprend\u00ed cocina, en realidad, de ella. Y viendo, como dije, mirando. As\u00ed que, muy feliz, contenta por esto.\u201d<\/p>\n<p style=\"text-align: justify;\">El concurso cont\u00f3 con un jurado de lujo, integrado por el alcalde de Cochrane, Patricio Ulloa Georgia, junto a Marta Reyes, due\u00f1a del restaurante Martica, y Alejandro Ulloa Barr\u00eda, representante de La Zaranda y Kofkewe.<\/p>\n<p><strong>El alcalde de Cochrane, Patricio Ulloa Georgia destac\u00f3 el valor comunitario de la actividad<\/strong>: \u201cLa gran empanada de Cochrane, un concurso de la empanada t\u00edpica de nuestra comuna. Dif\u00edcil la decisi\u00f3n, nos toc\u00f3 ser jurado con dos referentes que saben de cocina. Yo s\u00e9 comer, pero coincidimos en los lugares, a pesar de lo re\u00f1ido. Lo importante fue la participaci\u00f3n de la comunidad, de nuestros fonderos y puesteros que se atrevieron a presentar su empanada. Descubrimos que, aunque los ingredientes sean los mismos la carne, la pasa, el huevo, cada preparaci\u00f3n tiene su sello propio. Felicito a cada uno de los participantes, sobre todo a nuestras mujeres cochraninas. Y a quienes vean esto, los invito: v\u00e9nganse a Cochrane, ac\u00e1 tenemos la gran empanada y la mejor empanada de la Regi\u00f3n de Ays\u00e9n.\u201d<\/p>\n<p style=\"text-align: justify;\"><strong>Marta Reyes<\/strong>, en tanto, subray\u00f3 la calidad del certamen: \u201cQuiero felicitarlas a todas. Su empanada estaba realmente deliciosa. Usaron las t\u00e9cnicas, las recetas, la masa&#8230; y eso es muy importante. Fue muy dif\u00edcil decidir, porque punto por punto se la jugaron haciendo las empanaditas. Pero es hermoso lo que lograron. Para todas ustedes, un abrazo y un beso. Hicimos lo mejor que pudimos. Gracias.\u201d<\/p>\n<p style=\"text-align: justify;\">Por su parte, <strong>Alejandro Ulloa<\/strong> destac\u00f3 el nivel gastron\u00f3mico: \u201cFue entretenido y a la vez tambi\u00e9n dif\u00edcil, porque los sabores se iban mezclando. Sin embargo, pudimos apreciar las distintas t\u00e9cnicas de cocina, los sabores y el manejo de la cocci\u00f3n. Nos dimos cuenta del esfuerzo y de las diferentes formas que utilizaron para preparar el pino. Todas estaban realmente muy ricas y agradecemos sinceramente su participaci\u00f3n.\u201d<\/p>\n<p style=\"text-align: justify;\">M\u00e1s all\u00e1 de la competencia, la jornada se transform\u00f3 en una verdadera fiesta comunitaria donde la gastronom\u00eda, la tradici\u00f3n y la identidad cochranina fueron protagonistas. La Municipalidad de Cochrane agradeci\u00f3 la participaci\u00f3n de todas las concursantes, destacando que la empanada es m\u00e1s que un plato t\u00edpico, es cultura, tradici\u00f3n y uni\u00f3n comunitaria que hoy se comparti\u00f3 con toda la regi\u00f3n.<\/p>\n<\/div><\/section><\/div><div  style='height:50px' class='hr hr-invisible   avia-builder-el-6  el_after_av_one_full  el_before_av_social_share '><span class='hr-inner ' ><span class='hr-inner-style'><\/span><\/span><\/div><\/p>\n<div  class='av-social-sharing-box  avia-builder-el-7  el_after_av_hr  el_before_av_hr  '><div class='av-share-box'><h5 class='av-share-link-description av-no-toc '>Compartir esta noticia<\/h5><ul class='av-share-box-list noLightbox'><li class='av-share-link av-social-link-facebook' ><a target=\"_blank\" aria-label=\"Compartir en Facebook\" href='https:\/\/www.facebook.com\/sharer.php?u=https:\/\/radiorevelacionfm.cl\/?p=59386&#038;t=La%20gran%20empanada%20de%20Cochrane%20celebr%C3%B3%20sabor%2C%20tradici%C3%B3n%20y%20comunidad%20en%20Fiestas%20Patrias' aria-hidden='false' data-av_icon='\ue8f3' data-av_iconfont='entypo-fontello' title='' data-avia-related-tooltip='Compartir en Facebook' rel=\"noopener\"><span class='avia_hidden_link_text'>Compartir en Facebook<\/span><\/a><\/li><li class='av-share-link av-social-link-twitter' ><a target=\"_blank\" aria-label=\"Compartir en Twitter\" href='https:\/\/twitter.com\/share?text=La%20gran%20empanada%20de%20Cochrane%20celebr%C3%B3%20sabor%2C%20tradici%C3%B3n%20y%20comunidad%20en%20Fiestas%20Patrias&#038;url=https:\/\/radiorevelacionfm.cl\/?p=59386' aria-hidden='false' data-av_icon='\ue8f1' data-av_iconfont='entypo-fontello' title='' data-avia-related-tooltip='Compartir en Twitter' rel=\"noopener\"><span class='avia_hidden_link_text'>Compartir en Twitter<\/span><\/a><\/li><li class='av-share-link av-social-link-whatsapp' ><a target=\"_blank\" aria-label=\"Compartir en Whatsapp\" href='https:\/\/api.whatsapp.com\/send?text=https:\/\/radiorevelacionfm.cl\/?p=59386' aria-hidden='false' data-av_icon='\uf232' data-av_iconfont='entypo-fontello' title='' data-avia-related-tooltip='Compartir en Whatsapp' rel=\"noopener\"><span class='avia_hidden_link_text'>Compartir en Whatsapp<\/span><\/a><\/li><li class='av-share-link av-social-link-linkedin' ><a target=\"_blank\" aria-label=\"Compartir en LinkedIn\" href='https:\/\/linkedin.com\/shareArticle?mini=true&#038;title=La%20gran%20empanada%20de%20Cochrane%20celebr%C3%B3%20sabor%2C%20tradici%C3%B3n%20y%20comunidad%20en%20Fiestas%20Patrias&#038;url=https:\/\/radiorevelacionfm.cl\/?p=59386' aria-hidden='false' data-av_icon='\ue8fc' data-av_iconfont='entypo-fontello' title='' data-avia-related-tooltip='Compartir en LinkedIn' rel=\"noopener\"><span class='avia_hidden_link_text'>Compartir en LinkedIn<\/span><\/a><\/li><li class='av-share-link av-social-link-mail' ><a  aria-label=\"Compartir por correo\" href='mailto:?subject=La%20gran%20empanada%20de%20Cochrane%20celebr%C3%B3%20sabor%2C%20tradici%C3%B3n%20y%20comunidad%20en%20Fiestas%20Patrias&#038;body=https:\/\/radiorevelacionfm.cl\/?p=59386' aria-hidden='false' data-av_icon='\ue805' data-av_iconfont='entypo-fontello' title='' data-avia-related-tooltip='Compartir por correo'><span class='avia_hidden_link_text'>Compartir por correo<\/span><\/a><\/li><\/ul><\/div><\/div>\n<div  style='height:50px' class='hr hr-invisible   avia-builder-el-8  el_after_av_social_share  el_before_av_comments_list '><span class='hr-inner ' ><span class='hr-inner-style'><\/span><\/span><\/div>\n<div  class='av-buildercomment  av-blog-meta-html-info-disabled av-blog-meta-tag-disabled  '><\/div>\n","protected":false},"excerpt":{"rendered":"","protected":false},"author":1,"featured_media":59387,"comment_status":"closed","ping_status":"closed","sticky":false,"template":"","format":"standard","meta":{"footnotes":""},"categories":[38],"tags":[],"class_list":["post-59386","post","type-post","status-publish","format-standard","has-post-thumbnail","hentry","category-regional"],"jetpack_featured_media_url":"https:\/\/radiorevelacionfm.cl\/wp-content\/uploads\/2025\/09\/IMG_1640-1-1.jpg","_links":{"self":[{"href":"https:\/\/radiorevelacionfm.cl\/index.php?rest_route=\/wp\/v2\/posts\/59386","targetHints":{"allow":["GET"]}}],"collection":[{"href":"https:\/\/radiorevelacionfm.cl\/index.php?rest_route=\/wp\/v2\/posts"}],"about":[{"href":"https:\/\/radiorevelacionfm.cl\/index.php?rest_route=\/wp\/v2\/types\/post"}],"author":[{"embeddable":true,"href":"https:\/\/radiorevelacionfm.cl\/index.php?rest_route=\/wp\/v2\/users\/1"}],"replies":[{"embeddable":true,"href":"https:\/\/radiorevelacionfm.cl\/index.php?rest_route=%2Fwp%2Fv2%2Fcomments&post=59386"}],"version-history":[{"count":2,"href":"https:\/\/radiorevelacionfm.cl\/index.php?rest_route=\/wp\/v2\/posts\/59386\/revisions"}],"predecessor-version":[{"id":59389,"href":"https:\/\/radiorevelacionfm.cl\/index.php?rest_route=\/wp\/v2\/posts\/59386\/revisions\/59389"}],"wp:featuredmedia":[{"embeddable":true,"href":"https:\/\/radiorevelacionfm.cl\/index.php?rest_route=\/wp\/v2\/media\/59387"}],"wp:attachment":[{"href":"https:\/\/radiorevelacionfm.cl\/index.php?rest_route=%2Fwp%2Fv2%2Fmedia&parent=59386"}],"wp:term":[{"taxonomy":"category","embeddable":true,"href":"https:\/\/radiorevelacionfm.cl\/index.php?rest_route=%2Fwp%2Fv2%2Fcategories&post=59386"},{"taxonomy":"post_tag","embeddable":true,"href":"https:\/\/radiorevelacionfm.cl\/index.php?rest_route=%2Fwp%2Fv2%2Ftags&post=59386"}],"curies":[{"name":"wp","href":"https:\/\/api.w.org\/{rel}","templated":true}]}}