{"id":5938,"date":"2021-07-05T16:59:05","date_gmt":"2021-07-05T19:59:05","guid":{"rendered":"https:\/\/radiorevelacionfm.cl\/?p=5938"},"modified":"2021-07-05T17:16:31","modified_gmt":"2021-07-05T20:16:31","slug":"equipo-regional-de-futbol-juvenil-obtiene-medalla-de-bronce-en-mundial-de-clubes-ifa-7-en-cancun","status":"publish","type":"post","link":"https:\/\/radiorevelacionfm.cl\/?p=5938","title":{"rendered":"Equipo regional de f\u00fatbol juvenil obtiene medalla de bronce en Mundial de Clubes IFA 7 en Canc\u00fan"},"content":{"rendered":"<div class=\"flex_column av_one_full  flex_column_div av-zero-column-padding first  avia-builder-el-0  el_before_av_one_full  avia-builder-el-first  \" style='border-radius:0px; '><div  class='avia-image-container  av-styling-    avia-builder-el-1  avia-builder-el-no-sibling  avia-align-center '  itemprop=\"image\" itemscope=\"itemscope\" itemtype=\"https:\/\/schema.org\/ImageObject\"  ><div class='avia-image-container-inner'><div class='avia-image-overlay-wrap'><img decoding=\"async\" class='wp-image-5941 avia-img-lazy-loading-not-5941 avia_image' src=\"https:\/\/radiorevelacionfm.cl\/wp-content\/uploads\/2021\/07\/2-12.jpeg\" alt='' title='2 (12)' height=\"720\" width=\"960\"  itemprop=\"thumbnailUrl\" srcset=\"https:\/\/radiorevelacionfm.cl\/wp-content\/uploads\/2021\/07\/2-12.jpeg 960w, https:\/\/radiorevelacionfm.cl\/wp-content\/uploads\/2021\/07\/2-12-300x225.jpeg 300w, https:\/\/radiorevelacionfm.cl\/wp-content\/uploads\/2021\/07\/2-12-768x576.jpeg 768w, https:\/\/radiorevelacionfm.cl\/wp-content\/uploads\/2021\/07\/2-12-705x529.jpeg 705w, https:\/\/radiorevelacionfm.cl\/wp-content\/uploads\/2021\/07\/2-12-600x450.jpeg 600w\" sizes=\"(max-width: 960px) 100vw, 960px\" \/><\/div><\/div><\/div><\/div><div class=\"flex_column av_one_full  flex_column_div av-zero-column-padding first  avia-builder-el-2  el_after_av_one_full  el_before_av_one_full  column-top-margin\" style='border-radius:0px; '><section class=\"av_textblock_section \"  itemscope=\"itemscope\" itemtype=\"https:\/\/schema.org\/BlogPosting\" itemprop=\"blogPost\" ><div class='avia_textblock  '   itemprop=\"text\" ><p style=\"text-align: center;\"><strong><span style=\"font-size: 18pt;\">Equipo regional de f\u00fatbol juvenil obtiene medalla de bronce en Mundial de Clubes IFA 7 en Canc\u00fan<\/span><\/strong><\/p>\n<div id=\"gtx-trans\" style=\"position: absolute; left: -50px; top: 4.31534px;\">\n<div class=\"gtx-trans-icon\"><\/div>\n<\/div>\n<\/div><\/section><\/div><\/p>\n<div class=\"flex_column av_one_full  flex_column_div av-zero-column-padding first  avia-builder-el-4  el_after_av_one_full  el_before_av_hr  column-top-margin\" style='border-radius:0px; '><section class=\"av_textblock_section \"  itemscope=\"itemscope\" itemtype=\"https:\/\/schema.org\/BlogPosting\" itemprop=\"blogPost\" ><div class='avia_textblock  '   itemprop=\"text\" ><div>\n<p style=\"text-align: justify;\">Los representantes nacionales de la rama juvenil de f\u00fatbol 7 se quedaron con la medalla de bronce, mientras que el equipo femenino obtuvo el cuarto lugar. Asimismo, el equipo de varones adultos tuvo una destacada participaci\u00f3n, logrando medalla de plata en su categor\u00eda.<\/p>\n<p style=\"text-align: justify;\">En ese contexto, el Seremi del Deporte, Rodrigo Cubilla Retamal se\u00f1al\u00f3 \u00abqueremos felicitar a nuestros deportistas que han tenido una gran participaci\u00f3n en este mundial, quienes a pesar de la pandemia se las han arreglado para mantenerse activos y obtener estos resultados, como Ministerio del Deporte e IND, junto a su Director Jos\u00e9 Manuel Sep\u00falveda seguiremos apoyando a nuestros deportistas regionales quienes en este momento se encuentran en Santiago cumpliendo con la cuarentena obligatoria y esperamos que las condiciones sanitarias permitan que en el mes de septiembre se pueda desarrollar un campeonato en la comuna de Ays\u00e9n donde tendremos la visita de equipos de la Regi\u00f3n Metropolitana\u00bb.<\/p>\n<p style=\"text-align: justify;\">Asimismo, Andrea Catal\u00e1n, coordinadora de la delegaci\u00f3n aisenina destac\u00f3 \u00abnuestras jugadoras y jugadores han tenido una gran desempe\u00f1o, destacando Diego Loyola, goleador del equipo, el arquero Ignacio Burgos, Felipe Uarac quien juega de lateral y por cierto tambi\u00e9n nuestras jugadoras del equipo femenino que obtuvieron el cuarto lugar\u00bb.<\/p>\n<p style=\"text-align: justify;\">En el mes de noviembre, la rama femenil, juvenil y de varones viajar\u00e1 a Estados Unidos para participar en el mundial de clubes de Las Vegas.<\/p>\n<\/div>\n<div style=\"text-align: justify;\"><\/div>\n<\/div><\/section><\/div>\n<div  style='height:50px' class='hr hr-invisible   avia-builder-el-6  el_after_av_one_full  el_before_av_social_share '><span class='hr-inner ' ><span class='hr-inner-style'><\/span><\/span><\/div>\n<div  class='av-social-sharing-box  avia-builder-el-7  el_after_av_hr  el_before_av_hr  '><div class='av-share-box'><h5 class='av-share-link-description av-no-toc '>Compartir esta noticia<\/h5><ul class='av-share-box-list noLightbox'><li class='av-share-link av-social-link-facebook' ><a target=\"_blank\" aria-label=\"Compartir en Facebook\" href='https:\/\/www.facebook.com\/sharer.php?u=https:\/\/radiorevelacionfm.cl\/?p=5938&#038;t=Equipo%20regional%20de%20f%C3%BAtbol%20juvenil%20obtiene%20medalla%20de%20bronce%20en%20Mundial%20de%20Clubes%20IFA%207%20en%20Canc%C3%BAn' aria-hidden='false' data-av_icon='\ue8f3' data-av_iconfont='entypo-fontello' title='' data-avia-related-tooltip='Compartir en Facebook' rel=\"noopener\"><span class='avia_hidden_link_text'>Compartir en Facebook<\/span><\/a><\/li><li class='av-share-link av-social-link-twitter' ><a target=\"_blank\" aria-label=\"Compartir en Twitter\" href='https:\/\/twitter.com\/share?text=Equipo%20regional%20de%20f%C3%BAtbol%20juvenil%20obtiene%20medalla%20de%20bronce%20en%20Mundial%20de%20Clubes%20IFA%207%20en%20Canc%C3%BAn&#038;url=https:\/\/radiorevelacionfm.cl\/?p=5938' aria-hidden='false' data-av_icon='\ue8f1' data-av_iconfont='entypo-fontello' title='' data-avia-related-tooltip='Compartir en Twitter' rel=\"noopener\"><span class='avia_hidden_link_text'>Compartir en Twitter<\/span><\/a><\/li><li class='av-share-link av-social-link-whatsapp' ><a target=\"_blank\" aria-label=\"Compartir en Whatsapp\" href='https:\/\/api.whatsapp.com\/send?text=https:\/\/radiorevelacionfm.cl\/?p=5938' aria-hidden='false' data-av_icon='\uf232' data-av_iconfont='entypo-fontello' title='' data-avia-related-tooltip='Compartir en Whatsapp' rel=\"noopener\"><span class='avia_hidden_link_text'>Compartir en Whatsapp<\/span><\/a><\/li><li class='av-share-link av-social-link-linkedin' ><a target=\"_blank\" aria-label=\"Compartir en LinkedIn\" href='https:\/\/linkedin.com\/shareArticle?mini=true&#038;title=Equipo%20regional%20de%20f%C3%BAtbol%20juvenil%20obtiene%20medalla%20de%20bronce%20en%20Mundial%20de%20Clubes%20IFA%207%20en%20Canc%C3%BAn&#038;url=https:\/\/radiorevelacionfm.cl\/?p=5938' aria-hidden='false' data-av_icon='\ue8fc' data-av_iconfont='entypo-fontello' title='' data-avia-related-tooltip='Compartir en LinkedIn' rel=\"noopener\"><span class='avia_hidden_link_text'>Compartir en LinkedIn<\/span><\/a><\/li><li class='av-share-link av-social-link-mail' ><a  aria-label=\"Compartir por correo\" href='mailto:?subject=Equipo%20regional%20de%20f%C3%BAtbol%20juvenil%20obtiene%20medalla%20de%20bronce%20en%20Mundial%20de%20Clubes%20IFA%207%20en%20Canc%C3%BAn&#038;body=https:\/\/radiorevelacionfm.cl\/?p=5938' aria-hidden='false' data-av_icon='\ue805' data-av_iconfont='entypo-fontello' title='' data-avia-related-tooltip='Compartir por correo'><span class='avia_hidden_link_text'>Compartir por correo<\/span><\/a><\/li><\/ul><\/div><\/div>\n<div  style='height:50px' class='hr hr-invisible   avia-builder-el-8  el_after_av_social_share  el_before_av_comments_list '><span class='hr-inner ' ><span class='hr-inner-style'><\/span><\/span><\/div>\n<div  class='av-buildercomment  av-blog-meta-html-info-disabled av-blog-meta-tag-disabled  '><\/div>\n","protected":false},"excerpt":{"rendered":"","protected":false},"author":1,"featured_media":5941,"comment_status":"open","ping_status":"open","sticky":false,"template":"","format":"standard","meta":{"footnotes":""},"categories":[40],"tags":[],"class_list":["post-5938","post","type-post","status-publish","format-standard","has-post-thumbnail","hentry","category-deportes"],"jetpack_featured_media_url":"https:\/\/radiorevelacionfm.cl\/wp-content\/uploads\/2021\/07\/2-12.jpeg","_links":{"self":[{"href":"https:\/\/radiorevelacionfm.cl\/index.php?rest_route=\/wp\/v2\/posts\/5938","targetHints":{"allow":["GET"]}}],"collection":[{"href":"https:\/\/radiorevelacionfm.cl\/index.php?rest_route=\/wp\/v2\/posts"}],"about":[{"href":"https:\/\/radiorevelacionfm.cl\/index.php?rest_route=\/wp\/v2\/types\/post"}],"author":[{"embeddable":true,"href":"https:\/\/radiorevelacionfm.cl\/index.php?rest_route=\/wp\/v2\/users\/1"}],"replies":[{"embeddable":true,"href":"https:\/\/radiorevelacionfm.cl\/index.php?rest_route=%2Fwp%2Fv2%2Fcomments&post=5938"}],"version-history":[{"count":2,"href":"https:\/\/radiorevelacionfm.cl\/index.php?rest_route=\/wp\/v2\/posts\/5938\/revisions"}],"predecessor-version":[{"id":5942,"href":"https:\/\/radiorevelacionfm.cl\/index.php?rest_route=\/wp\/v2\/posts\/5938\/revisions\/5942"}],"wp:featuredmedia":[{"embeddable":true,"href":"https:\/\/radiorevelacionfm.cl\/index.php?rest_route=\/wp\/v2\/media\/5941"}],"wp:attachment":[{"href":"https:\/\/radiorevelacionfm.cl\/index.php?rest_route=%2Fwp%2Fv2%2Fmedia&parent=5938"}],"wp:term":[{"taxonomy":"category","embeddable":true,"href":"https:\/\/radiorevelacionfm.cl\/index.php?rest_route=%2Fwp%2Fv2%2Fcategories&post=5938"},{"taxonomy":"post_tag","embeddable":true,"href":"https:\/\/radiorevelacionfm.cl\/index.php?rest_route=%2Fwp%2Fv2%2Ftags&post=5938"}],"curies":[{"name":"wp","href":"https:\/\/api.w.org\/{rel}","templated":true}]}}