{"id":59378,"date":"2025-09-21T15:29:18","date_gmt":"2025-09-21T18:29:18","guid":{"rendered":"https:\/\/radiorevelacionfm.cl\/?p=59378"},"modified":"2025-09-21T15:29:18","modified_gmt":"2025-09-21T18:29:18","slug":"cochrane-recicla-mas-de-1-500-kilos-de-residuos-fueron-recuperados-tras-las-fiestas-patrias","status":"publish","type":"post","link":"https:\/\/radiorevelacionfm.cl\/?p=59378","title":{"rendered":"Cochrane recicla: m\u00e1s de 1.500 kilos de residuos fueron recuperados tras las Fiestas Patrias"},"content":{"rendered":"<div class=\"flex_column av_one_full  flex_column_div av-zero-column-padding first  avia-builder-el-0  el_before_av_one_full  avia-builder-el-first  \" style='border-radius:0px; '><div  class='avia-image-container  av-styling-    avia-builder-el-1  avia-builder-el-no-sibling  avia-align-center '  itemprop=\"image\" itemscope=\"itemscope\" itemtype=\"https:\/\/schema.org\/ImageObject\"  ><div class='avia-image-container-inner'><div class='avia-image-overlay-wrap'><img decoding=\"async\" class='wp-image-59379 avia-img-lazy-loading-not-59379 avia_image' src=\"https:\/\/radiorevelacionfm.cl\/wp-content\/uploads\/2025\/09\/cochrane-reciclaje-fiestas-patrias-1-1_optimized.jpeg\" alt='' title='cochrane-reciclaje-fiestas-patrias-(1)-(1)_optimized' height=\"600\" width=\"802\"  itemprop=\"thumbnailUrl\" srcset=\"https:\/\/radiorevelacionfm.cl\/wp-content\/uploads\/2025\/09\/cochrane-reciclaje-fiestas-patrias-1-1_optimized.jpeg 802w, https:\/\/radiorevelacionfm.cl\/wp-content\/uploads\/2025\/09\/cochrane-reciclaje-fiestas-patrias-1-1_optimized-300x224.jpeg 300w, https:\/\/radiorevelacionfm.cl\/wp-content\/uploads\/2025\/09\/cochrane-reciclaje-fiestas-patrias-1-1_optimized-768x575.jpeg 768w, https:\/\/radiorevelacionfm.cl\/wp-content\/uploads\/2025\/09\/cochrane-reciclaje-fiestas-patrias-1-1_optimized-705x527.jpeg 705w, https:\/\/radiorevelacionfm.cl\/wp-content\/uploads\/2025\/09\/cochrane-reciclaje-fiestas-patrias-1-1_optimized-450x337.jpeg 450w, https:\/\/radiorevelacionfm.cl\/wp-content\/uploads\/2025\/09\/cochrane-reciclaje-fiestas-patrias-1-1_optimized-600x449.jpeg 600w\" sizes=\"(max-width: 802px) 100vw, 802px\" \/><\/div><\/div><\/div><\/div><div class=\"flex_column av_one_full  flex_column_div av-zero-column-padding first  avia-builder-el-2  el_after_av_one_full  el_before_av_one_full  column-top-margin\" style='border-radius:0px; '><section class=\"av_textblock_section \"  itemscope=\"itemscope\" itemtype=\"https:\/\/schema.org\/BlogPosting\" itemprop=\"blogPost\" ><div class='avia_textblock  '   itemprop=\"text\" ><p style=\"text-align: center;\"><strong><span style=\"font-size: 18pt;\">Cochrane recicla: m\u00e1s de 1.500 kilos de residuos fueron recuperados tras las Fiestas Patrias<\/span><\/strong><\/p>\n<div id=\"gtx-trans\" style=\"position: absolute; left: -50px; top: 4.31534px;\">\n<div class=\"gtx-trans-icon\"><\/div>\n<\/div>\n<\/div><\/section><\/div><div class=\"flex_column av_one_full  flex_column_div av-zero-column-padding first  avia-builder-el-4  el_after_av_one_full  el_before_av_hr  column-top-margin\" style='border-radius:0px; '><section class=\"av_textblock_section \"  itemscope=\"itemscope\" itemtype=\"https:\/\/schema.org\/BlogPosting\" itemprop=\"blogPost\" ><div class='avia_textblock  '   itemprop=\"text\" ><p style=\"text-align: justify;\">La Ilustre Municipalidad de Cochrane realiz\u00f3 un positivo balance ambiental tras las celebraciones de Fiestas Patrias en el Parque Costumbrista, donde se generaron alrededor de 6.000 kilos de residuos, de los cuales 1.500 kilos fueron reciclados, principalmente botellas de vidrio y pl\u00e1sticas, y tambi\u00e9n aceite comestible vegetal.<\/p>\n<p style=\"text-align: justify;\">El alcalde Patricio Ulloa Georgia, junto al equipo municipal, destac\u00f3 que este esfuerzo no solo refleja el compromiso de la municipalidad, sino tambi\u00e9n de la comunidad que se involucr\u00f3 activamente en la tarea de separar y reducir los desechos.<\/p>\n<p style=\"text-align: justify;\">\u201cLo que queremos hacer hoy es generar conciencia, porque todos en nuestras casas y en actividades como estas generamos residuos. Nuestro objetivo es reducir esa cantidad y, en la medida de lo posible, reutilizar y reciclar. En el Parque Costumbrista vimos que gran parte de lo recolectado se pudo recuperar, gracias al trabajo de separaci\u00f3n que estamos impulsando con la comunidad\u201d, se\u00f1al\u00f3 el alcalde Ulloa.<\/p>\n<p style=\"text-align: justify;\">El edil subray\u00f3 adem\u00e1s el rol del equipo del Relleno Sanitario Municipal, encabezado por Alexis Herrera, junto al Departamento de Obras, quienes trabajaron intensamente durante estas jornadas.<\/p>\n<p style=\"text-align: justify;\">Por su parte, Alexis Herrera, encargado del Relleno Sanitario, valor\u00f3 la experiencia de colaboraci\u00f3n directa con los fonderos y ramaderos:<\/p>\n<p style=\"text-align: justify;\">\u201cEn estas tres jornadas recolectamos cercanos a 6.000 kilos de residuos, y de eso logramos recuperar alrededor de 1.500 kilos, principalmente vidrio y botellas. Fue la primera vez que trabajamos de forma directa con los fonderos y result\u00f3 muy positivo. Adem\u00e1s, agradecemos al Comit\u00e9 Ambiental de Cochrane (CAC), que nos apoy\u00f3 en la recolecci\u00f3n y segregaci\u00f3n, especialmente de vidrios en una de estas jornadas\u201d.<\/p>\n<p style=\"text-align: justify;\">El alcalde Ulloa insisti\u00f3 en que este es un trabajo silencioso, que muchas veces la comunidad no ve, pero que es fundamental para mantener un Cochrane limpio, ordenado y responsable con su entorno:<\/p>\n<p style=\"text-align: justify;\">\u201cAl d\u00eda siguiente de cada jornada, nuestro parque amanec\u00eda lleno de residuos. Y ah\u00ed estaba nuestro equipo, separando, limpiando y sacando desechos fuera de Cochrane. Pero este esfuerzo no puede quedar solo en el municipio: necesitamos que la comunidad entienda que no todo puede ir a disposici\u00f3n final, que hay residuos que se pueden reciclar, reutilizar y darles un nuevo uso. Al final, esto es cuidar nuestro medioambiente y tambi\u00e9n el futuro de Cochrane\u201d.<\/p>\n<p style=\"text-align: justify;\">La autoridad comunal recalc\u00f3 que la apuesta por el turismo y el desarrollo econ\u00f3mico debe ir de la mano del cuidado del medioambiente, y que este balance es un paso importante en la construcci\u00f3n de una cultura m\u00e1s responsable y consciente con los residuos en la regi\u00f3n de Ays\u00e9n.<\/p>\n<\/div><\/section><\/div><div  style='height:50px' class='hr hr-invisible   avia-builder-el-6  el_after_av_one_full  el_before_av_social_share '><span class='hr-inner ' ><span class='hr-inner-style'><\/span><\/span><\/div><\/p>\n<div  class='av-social-sharing-box  avia-builder-el-7  el_after_av_hr  el_before_av_hr  '><div class='av-share-box'><h5 class='av-share-link-description av-no-toc '>Compartir esta noticia<\/h5><ul class='av-share-box-list noLightbox'><li class='av-share-link av-social-link-facebook' ><a target=\"_blank\" aria-label=\"Compartir en Facebook\" href='https:\/\/www.facebook.com\/sharer.php?u=https:\/\/radiorevelacionfm.cl\/?p=59378&#038;t=Cochrane%20recicla%3A%20m%C3%A1s%20de%201.500%20kilos%20de%20residuos%20fueron%20recuperados%20tras%20las%20Fiestas%20Patrias' aria-hidden='false' data-av_icon='\ue8f3' data-av_iconfont='entypo-fontello' title='' data-avia-related-tooltip='Compartir en Facebook' rel=\"noopener\"><span class='avia_hidden_link_text'>Compartir en Facebook<\/span><\/a><\/li><li class='av-share-link av-social-link-twitter' ><a target=\"_blank\" aria-label=\"Compartir en Twitter\" href='https:\/\/twitter.com\/share?text=Cochrane%20recicla%3A%20m%C3%A1s%20de%201.500%20kilos%20de%20residuos%20fueron%20recuperados%20tras%20las%20Fiestas%20Patrias&#038;url=https:\/\/radiorevelacionfm.cl\/?p=59378' aria-hidden='false' data-av_icon='\ue8f1' data-av_iconfont='entypo-fontello' title='' data-avia-related-tooltip='Compartir en Twitter' rel=\"noopener\"><span class='avia_hidden_link_text'>Compartir en Twitter<\/span><\/a><\/li><li class='av-share-link av-social-link-whatsapp' ><a target=\"_blank\" aria-label=\"Compartir en Whatsapp\" href='https:\/\/api.whatsapp.com\/send?text=https:\/\/radiorevelacionfm.cl\/?p=59378' aria-hidden='false' data-av_icon='\uf232' data-av_iconfont='entypo-fontello' title='' data-avia-related-tooltip='Compartir en Whatsapp' rel=\"noopener\"><span class='avia_hidden_link_text'>Compartir en Whatsapp<\/span><\/a><\/li><li class='av-share-link av-social-link-linkedin' ><a target=\"_blank\" aria-label=\"Compartir en LinkedIn\" href='https:\/\/linkedin.com\/shareArticle?mini=true&#038;title=Cochrane%20recicla%3A%20m%C3%A1s%20de%201.500%20kilos%20de%20residuos%20fueron%20recuperados%20tras%20las%20Fiestas%20Patrias&#038;url=https:\/\/radiorevelacionfm.cl\/?p=59378' aria-hidden='false' data-av_icon='\ue8fc' data-av_iconfont='entypo-fontello' title='' data-avia-related-tooltip='Compartir en LinkedIn' rel=\"noopener\"><span class='avia_hidden_link_text'>Compartir en LinkedIn<\/span><\/a><\/li><li class='av-share-link av-social-link-mail' ><a  aria-label=\"Compartir por correo\" href='mailto:?subject=Cochrane%20recicla%3A%20m%C3%A1s%20de%201.500%20kilos%20de%20residuos%20fueron%20recuperados%20tras%20las%20Fiestas%20Patrias&#038;body=https:\/\/radiorevelacionfm.cl\/?p=59378' aria-hidden='false' data-av_icon='\ue805' data-av_iconfont='entypo-fontello' title='' data-avia-related-tooltip='Compartir por correo'><span class='avia_hidden_link_text'>Compartir por correo<\/span><\/a><\/li><\/ul><\/div><\/div>\n<div  style='height:50px' class='hr hr-invisible   avia-builder-el-8  el_after_av_social_share  el_before_av_comments_list '><span class='hr-inner ' ><span class='hr-inner-style'><\/span><\/span><\/div>\n<div  class='av-buildercomment  av-blog-meta-html-info-disabled av-blog-meta-tag-disabled  '><\/div>\n","protected":false},"excerpt":{"rendered":"","protected":false},"author":1,"featured_media":59379,"comment_status":"closed","ping_status":"closed","sticky":false,"template":"","format":"standard","meta":{"footnotes":""},"categories":[38],"tags":[],"class_list":["post-59378","post","type-post","status-publish","format-standard","has-post-thumbnail","hentry","category-regional"],"jetpack_featured_media_url":"https:\/\/radiorevelacionfm.cl\/wp-content\/uploads\/2025\/09\/cochrane-reciclaje-fiestas-patrias-1-1_optimized.jpeg","_links":{"self":[{"href":"https:\/\/radiorevelacionfm.cl\/index.php?rest_route=\/wp\/v2\/posts\/59378","targetHints":{"allow":["GET"]}}],"collection":[{"href":"https:\/\/radiorevelacionfm.cl\/index.php?rest_route=\/wp\/v2\/posts"}],"about":[{"href":"https:\/\/radiorevelacionfm.cl\/index.php?rest_route=\/wp\/v2\/types\/post"}],"author":[{"embeddable":true,"href":"https:\/\/radiorevelacionfm.cl\/index.php?rest_route=\/wp\/v2\/users\/1"}],"replies":[{"embeddable":true,"href":"https:\/\/radiorevelacionfm.cl\/index.php?rest_route=%2Fwp%2Fv2%2Fcomments&post=59378"}],"version-history":[{"count":2,"href":"https:\/\/radiorevelacionfm.cl\/index.php?rest_route=\/wp\/v2\/posts\/59378\/revisions"}],"predecessor-version":[{"id":59381,"href":"https:\/\/radiorevelacionfm.cl\/index.php?rest_route=\/wp\/v2\/posts\/59378\/revisions\/59381"}],"wp:featuredmedia":[{"embeddable":true,"href":"https:\/\/radiorevelacionfm.cl\/index.php?rest_route=\/wp\/v2\/media\/59379"}],"wp:attachment":[{"href":"https:\/\/radiorevelacionfm.cl\/index.php?rest_route=%2Fwp%2Fv2%2Fmedia&parent=59378"}],"wp:term":[{"taxonomy":"category","embeddable":true,"href":"https:\/\/radiorevelacionfm.cl\/index.php?rest_route=%2Fwp%2Fv2%2Fcategories&post=59378"},{"taxonomy":"post_tag","embeddable":true,"href":"https:\/\/radiorevelacionfm.cl\/index.php?rest_route=%2Fwp%2Fv2%2Ftags&post=59378"}],"curies":[{"name":"wp","href":"https:\/\/api.w.org\/{rel}","templated":true}]}}