{"id":59369,"date":"2025-09-20T21:31:54","date_gmt":"2025-09-21T00:31:54","guid":{"rendered":"https:\/\/radiorevelacionfm.cl\/?p=59369"},"modified":"2025-09-20T21:31:54","modified_gmt":"2025-09-21T00:31:54","slug":"puerto-aysen-fiscalia-formalizo-investigacion-por-robo-con-violencia-y-maltrato-de-obra-a-carabineros","status":"publish","type":"post","link":"https:\/\/radiorevelacionfm.cl\/?p=59369","title":{"rendered":"Puerto Ays\u00e9n: Fiscal\u00eda formaliz\u00f3 investigaci\u00f3n por robo con violencia y maltrato de obra a Carabineros"},"content":{"rendered":"<div class=\"flex_column av_one_full  flex_column_div av-zero-column-padding first  avia-builder-el-0  el_before_av_one_full  avia-builder-el-first  \" style='border-radius:0px; '><div  class='avia-image-container  av-styling-    avia-builder-el-1  avia-builder-el-no-sibling  avia-align-center '  itemprop=\"image\" itemscope=\"itemscope\" itemtype=\"https:\/\/schema.org\/ImageObject\"  ><div class='avia-image-container-inner'><div class='avia-image-overlay-wrap'><img decoding=\"async\" class='wp-image-51926 avia-img-lazy-loading-not-51926 avia_image' src=\"https:\/\/radiorevelacionfm.cl\/wp-content\/uploads\/2025\/03\/carabineros-aysen-6-1_optimized-1.jpg\" alt='' title='carabineros-aysen-(6)-(1)_optimized (1)' height=\"600\" width=\"800\"  itemprop=\"thumbnailUrl\" srcset=\"https:\/\/radiorevelacionfm.cl\/wp-content\/uploads\/2025\/03\/carabineros-aysen-6-1_optimized-1.jpg 800w, https:\/\/radiorevelacionfm.cl\/wp-content\/uploads\/2025\/03\/carabineros-aysen-6-1_optimized-1-300x225.jpg 300w, https:\/\/radiorevelacionfm.cl\/wp-content\/uploads\/2025\/03\/carabineros-aysen-6-1_optimized-1-768x576.jpg 768w, https:\/\/radiorevelacionfm.cl\/wp-content\/uploads\/2025\/03\/carabineros-aysen-6-1_optimized-1-705x529.jpg 705w, https:\/\/radiorevelacionfm.cl\/wp-content\/uploads\/2025\/03\/carabineros-aysen-6-1_optimized-1-450x338.jpg 450w, https:\/\/radiorevelacionfm.cl\/wp-content\/uploads\/2025\/03\/carabineros-aysen-6-1_optimized-1-600x450.jpg 600w\" sizes=\"(max-width: 800px) 100vw, 800px\" \/><\/div><\/div><\/div><\/div><div class=\"flex_column av_one_full  flex_column_div av-zero-column-padding first  avia-builder-el-2  el_after_av_one_full  el_before_av_one_full  column-top-margin\" style='border-radius:0px; '><section class=\"av_textblock_section \"  itemscope=\"itemscope\" itemtype=\"https:\/\/schema.org\/BlogPosting\" itemprop=\"blogPost\" ><div class='avia_textblock  '   itemprop=\"text\" ><p style=\"text-align: center;\"><span style=\"font-size: 18pt;\"><b>Puerto Ays\u00e9n: Fiscal\u00eda formaliz\u00f3 investigaci\u00f3n por robo con violencia y maltrato de obra a Carabineros<\/b><\/span><\/p>\n<div id=\"gtx-trans\" style=\"position: absolute; left: -50px; top: 4.31534px;\">\n<div class=\"gtx-trans-icon\"><\/div>\n<\/div>\n<\/div><\/section><\/div><div class=\"flex_column av_one_full  flex_column_div av-zero-column-padding first  avia-builder-el-4  el_after_av_one_full  el_before_av_hr  column-top-margin\" style='border-radius:0px; '><section class=\"av_textblock_section \"  itemscope=\"itemscope\" itemtype=\"https:\/\/schema.org\/BlogPosting\" itemprop=\"blogPost\" ><div class='avia_textblock  '   itemprop=\"text\" ><p style=\"font-weight: 400; text-align: justify;\">La Fiscal\u00eda Local de Ays\u00e9n-Cisnes formaliz\u00f3 una investigaci\u00f3n en contra de un imputado por los delitos de robo con violencia y maltrato de obra a Carabineros, hechos ocurridos en Puerto Ays\u00e9n.<\/p>\n<p style=\"font-weight: 400; text-align: justify;\">Seg\u00fan explic\u00f3 Marcela Vald\u00e9s, fiscal subrogante, el imputado fue aprehendida el jueves reci\u00e9n pasado, por personal de Carabineros de la Segunda Comisar\u00eda. En este hecho, coment\u00f3 la profesional, fue detenida una persona adulta de sexo masculino, quien \u201chab\u00eda sido sindicada como el autor de un delito de robo con violencia, ya que, al momento de la sustracci\u00f3n de la especie, este habr\u00eda ocasionado lesiones a la v\u00edctima, propin\u00e1ndole golpes, para luego huir del lugar\u201d.<\/p>\n<p style=\"font-weight: 400; text-align: justify;\">La fiscal subrogante Marcela Vald\u00e9s a\u00f1adi\u00f3 que, con esta informaci\u00f3n, fue detenido por parte de Carabineros. \u201cAl momento de la detenci\u00f3n, tambi\u00e9n el imputado present\u00f3 una actitud agresiva, reaccionando en contra de Carabineros y tambi\u00e9n produci\u00e9ndose -en este caso- el resultado de lesiones de uno de los funcionarios y por lo mismo, se configur\u00f3 el delito de maltrato de obra a Carabineros\u201d.<\/p>\n<p style=\"font-weight: 400; text-align: justify;\">La representante del Ministerio P\u00fablico agreg\u00f3 que la audiencia de control de la detenci\u00f3n se efectu\u00f3 el viernes, ante el Juzgado de Garant\u00eda de Puerto Ays\u00e9n, en donde el Ministerio P\u00fablico formaliz\u00f3 la investigaci\u00f3n por el delito de robo con violencia y tambi\u00e9n un delito de maltrato de obra a Carabineros, ocasi\u00f3n en la que se solicit\u00f3 la medida cautelar de prisi\u00f3n preventiva en contra del sujeto, la cual fue otorgada por el Tribunal.<\/p>\n<p style=\"font-weight: 400; text-align: justify;\">Para esta investigaci\u00f3n se fij\u00f3 un plazo \u201cde 45 d\u00edas, en los cuales se van a llevar a cabo las diligencias que se encuentren pendientes para la determinaci\u00f3n del delito y la participaci\u00f3n del imputado\u201d, concluy\u00f3 la fiscal (s), Marcela Vald\u00e9s.<\/p>\n<\/div><\/section><\/div><div  style='height:50px' class='hr hr-invisible   avia-builder-el-6  el_after_av_one_full  el_before_av_social_share '><span class='hr-inner ' ><span class='hr-inner-style'><\/span><\/span><\/div><\/p>\n<div  class='av-social-sharing-box  avia-builder-el-7  el_after_av_hr  el_before_av_hr  '><div class='av-share-box'><h5 class='av-share-link-description av-no-toc '>Compartir esta noticia<\/h5><ul class='av-share-box-list noLightbox'><li class='av-share-link av-social-link-facebook' ><a target=\"_blank\" aria-label=\"Compartir en Facebook\" href='https:\/\/www.facebook.com\/sharer.php?u=https:\/\/radiorevelacionfm.cl\/?p=59369&#038;t=Puerto%20Ays%C3%A9n%3A%20Fiscal%C3%ADa%20formaliz%C3%B3%20investigaci%C3%B3n%20por%20robo%20con%20violencia%20y%20maltrato%20de%20obra%20a%20Carabineros' aria-hidden='false' data-av_icon='\ue8f3' data-av_iconfont='entypo-fontello' title='' data-avia-related-tooltip='Compartir en Facebook' rel=\"noopener\"><span class='avia_hidden_link_text'>Compartir en Facebook<\/span><\/a><\/li><li class='av-share-link av-social-link-twitter' ><a target=\"_blank\" aria-label=\"Compartir en Twitter\" href='https:\/\/twitter.com\/share?text=Puerto%20Ays%C3%A9n%3A%20Fiscal%C3%ADa%20formaliz%C3%B3%20investigaci%C3%B3n%20por%20robo%20con%20violencia%20y%20maltrato%20de%20obra%20a%20Carabineros&#038;url=https:\/\/radiorevelacionfm.cl\/?p=59369' aria-hidden='false' data-av_icon='\ue8f1' data-av_iconfont='entypo-fontello' title='' data-avia-related-tooltip='Compartir en Twitter' rel=\"noopener\"><span class='avia_hidden_link_text'>Compartir en Twitter<\/span><\/a><\/li><li class='av-share-link av-social-link-whatsapp' ><a target=\"_blank\" aria-label=\"Compartir en Whatsapp\" href='https:\/\/api.whatsapp.com\/send?text=https:\/\/radiorevelacionfm.cl\/?p=59369' aria-hidden='false' data-av_icon='\uf232' data-av_iconfont='entypo-fontello' title='' data-avia-related-tooltip='Compartir en Whatsapp' rel=\"noopener\"><span class='avia_hidden_link_text'>Compartir en Whatsapp<\/span><\/a><\/li><li class='av-share-link av-social-link-linkedin' ><a target=\"_blank\" aria-label=\"Compartir en LinkedIn\" href='https:\/\/linkedin.com\/shareArticle?mini=true&#038;title=Puerto%20Ays%C3%A9n%3A%20Fiscal%C3%ADa%20formaliz%C3%B3%20investigaci%C3%B3n%20por%20robo%20con%20violencia%20y%20maltrato%20de%20obra%20a%20Carabineros&#038;url=https:\/\/radiorevelacionfm.cl\/?p=59369' aria-hidden='false' data-av_icon='\ue8fc' data-av_iconfont='entypo-fontello' title='' data-avia-related-tooltip='Compartir en LinkedIn' rel=\"noopener\"><span class='avia_hidden_link_text'>Compartir en LinkedIn<\/span><\/a><\/li><li class='av-share-link av-social-link-mail' ><a  aria-label=\"Compartir por correo\" href='mailto:?subject=Puerto%20Ays%C3%A9n%3A%20Fiscal%C3%ADa%20formaliz%C3%B3%20investigaci%C3%B3n%20por%20robo%20con%20violencia%20y%20maltrato%20de%20obra%20a%20Carabineros&#038;body=https:\/\/radiorevelacionfm.cl\/?p=59369' aria-hidden='false' data-av_icon='\ue805' data-av_iconfont='entypo-fontello' title='' data-avia-related-tooltip='Compartir por correo'><span class='avia_hidden_link_text'>Compartir por correo<\/span><\/a><\/li><\/ul><\/div><\/div>\n<div  style='height:50px' class='hr hr-invisible   avia-builder-el-8  el_after_av_social_share  el_before_av_comments_list '><span class='hr-inner ' ><span class='hr-inner-style'><\/span><\/span><\/div>\n<div  class='av-buildercomment  av-blog-meta-html-info-disabled av-blog-meta-tag-disabled  '><\/div>\n","protected":false},"excerpt":{"rendered":"","protected":false},"author":1,"featured_media":51926,"comment_status":"closed","ping_status":"closed","sticky":false,"template":"","format":"standard","meta":{"footnotes":""},"categories":[36],"tags":[],"class_list":["post-59369","post","type-post","status-publish","format-standard","has-post-thumbnail","hentry","category-policial"],"jetpack_featured_media_url":"https:\/\/radiorevelacionfm.cl\/wp-content\/uploads\/2025\/03\/carabineros-aysen-6-1_optimized-1.jpg","_links":{"self":[{"href":"https:\/\/radiorevelacionfm.cl\/index.php?rest_route=\/wp\/v2\/posts\/59369","targetHints":{"allow":["GET"]}}],"collection":[{"href":"https:\/\/radiorevelacionfm.cl\/index.php?rest_route=\/wp\/v2\/posts"}],"about":[{"href":"https:\/\/radiorevelacionfm.cl\/index.php?rest_route=\/wp\/v2\/types\/post"}],"author":[{"embeddable":true,"href":"https:\/\/radiorevelacionfm.cl\/index.php?rest_route=\/wp\/v2\/users\/1"}],"replies":[{"embeddable":true,"href":"https:\/\/radiorevelacionfm.cl\/index.php?rest_route=%2Fwp%2Fv2%2Fcomments&post=59369"}],"version-history":[{"count":2,"href":"https:\/\/radiorevelacionfm.cl\/index.php?rest_route=\/wp\/v2\/posts\/59369\/revisions"}],"predecessor-version":[{"id":59371,"href":"https:\/\/radiorevelacionfm.cl\/index.php?rest_route=\/wp\/v2\/posts\/59369\/revisions\/59371"}],"wp:featuredmedia":[{"embeddable":true,"href":"https:\/\/radiorevelacionfm.cl\/index.php?rest_route=\/wp\/v2\/media\/51926"}],"wp:attachment":[{"href":"https:\/\/radiorevelacionfm.cl\/index.php?rest_route=%2Fwp%2Fv2%2Fmedia&parent=59369"}],"wp:term":[{"taxonomy":"category","embeddable":true,"href":"https:\/\/radiorevelacionfm.cl\/index.php?rest_route=%2Fwp%2Fv2%2Fcategories&post=59369"},{"taxonomy":"post_tag","embeddable":true,"href":"https:\/\/radiorevelacionfm.cl\/index.php?rest_route=%2Fwp%2Fv2%2Ftags&post=59369"}],"curies":[{"name":"wp","href":"https:\/\/api.w.org\/{rel}","templated":true}]}}