{"id":59363,"date":"2025-09-19T18:09:12","date_gmt":"2025-09-19T21:09:12","guid":{"rendered":"https:\/\/radiorevelacionfm.cl\/?p=59363"},"modified":"2025-09-19T18:09:12","modified_gmt":"2025-09-19T21:09:12","slug":"rio-ibanez-rindio-honores-al-aniversario-patrio-con-primer-desfile-oficial-en-puerto-sanchez","status":"publish","type":"post","link":"https:\/\/radiorevelacionfm.cl\/?p=59363","title":{"rendered":"R\u00edo Ib\u00e1\u00f1ez rindi\u00f3 honores al aniversario patrio con primer desfile oficial en Puerto S\u00e1nchez"},"content":{"rendered":"<div class=\"flex_column av_one_full  flex_column_div av-zero-column-padding first  avia-builder-el-0  el_before_av_one_full  avia-builder-el-first  \" style='border-radius:0px; '><div  class='avia-image-container  av-styling-    avia-builder-el-1  avia-builder-el-no-sibling  avia-align-center '  itemprop=\"image\" itemscope=\"itemscope\" itemtype=\"https:\/\/schema.org\/ImageObject\"  ><div class='avia-image-container-inner'><div class='avia-image-overlay-wrap'><img decoding=\"async\" class='wp-image-59364 avia-img-lazy-loading-not-59364 avia_image' src=\"https:\/\/radiorevelacionfm.cl\/wp-content\/uploads\/2025\/09\/03-16-1_optimized.jpg\" alt='' title='03-(16)-(1)_optimized' height=\"600\" width=\"900\"  itemprop=\"thumbnailUrl\" srcset=\"https:\/\/radiorevelacionfm.cl\/wp-content\/uploads\/2025\/09\/03-16-1_optimized.jpg 900w, https:\/\/radiorevelacionfm.cl\/wp-content\/uploads\/2025\/09\/03-16-1_optimized-300x200.jpg 300w, https:\/\/radiorevelacionfm.cl\/wp-content\/uploads\/2025\/09\/03-16-1_optimized-768x512.jpg 768w, https:\/\/radiorevelacionfm.cl\/wp-content\/uploads\/2025\/09\/03-16-1_optimized-705x470.jpg 705w, https:\/\/radiorevelacionfm.cl\/wp-content\/uploads\/2025\/09\/03-16-1_optimized-450x300.jpg 450w, https:\/\/radiorevelacionfm.cl\/wp-content\/uploads\/2025\/09\/03-16-1_optimized-600x400.jpg 600w\" sizes=\"(max-width: 900px) 100vw, 900px\" \/><\/div><\/div><\/div><\/div><div class=\"flex_column av_one_full  flex_column_div av-zero-column-padding first  avia-builder-el-2  el_after_av_one_full  el_before_av_one_full  column-top-margin\" style='border-radius:0px; '><section class=\"av_textblock_section \"  itemscope=\"itemscope\" itemtype=\"https:\/\/schema.org\/BlogPosting\" itemprop=\"blogPost\" ><div class='avia_textblock  '   itemprop=\"text\" ><p style=\"text-align: center;\"><strong><span style=\"font-size: 18pt;\">R\u00edo Ib\u00e1\u00f1ez rindi\u00f3 honores al aniversario patrio con primer desfile oficial en Puerto S\u00e1nchez<\/span><\/strong><\/p>\n<div id=\"gtx-trans\" style=\"position: absolute; left: -50px; top: 4.31534px;\">\n<div class=\"gtx-trans-icon\"><\/div>\n<\/div>\n<\/div><\/section><\/div><div class=\"flex_column av_one_full  flex_column_div av-zero-column-padding first  avia-builder-el-4  el_after_av_one_full  el_before_av_hr  column-top-margin\" style='border-radius:0px; '><section class=\"av_textblock_section \"  itemscope=\"itemscope\" itemtype=\"https:\/\/schema.org\/BlogPosting\" itemprop=\"blogPost\" ><div class='avia_textblock  '   itemprop=\"text\" ><p style=\"text-align: justify;\"><em>La actividad, impulsada por el municipio junto a la comunidad local, se sum\u00f3 a los actos y desfiles conmemorativos realizados en Puerto R\u00edo Tranquilo, Bah\u00eda Murta y Puerto Ingeniero Ib\u00e1\u00f1ez.<\/em><\/p>\n<p style=\"text-align: justify;\">La comuna de R\u00edo Ib\u00e1\u00f1ez celebr\u00f3 un impecable homenaje al 215\u00b0 Aniversario Patrio, desarrollando durante los d\u00edas 15 y 17 de septiembre una serie de Actos Conmemorativos y Desfiles de Fiestas Patrias en Puerto R\u00edo Tranquilo, Bah\u00eda Murta, Puerto Ingeniero Ib\u00e1\u00f1ez y, por primera vez en m\u00e1s de cuatro d\u00e9cadas, en Puerto S\u00e1nchez. Todo ello bajo la organizaci\u00f3n de la municipalidad, liderada por el alcalde Marcelo J\u00e9lvez C\u00e1rdenas.<\/p>\n<p style=\"text-align: justify;\">Puerto S\u00e1nchez, conocida como la \u201cMaravilla Escondida\u201d, no viv\u00eda un desfile oficial desde 1980, cuando la minera de entonces organiz\u00f3 un evento similar. As\u00ed, este 2025 se concret\u00f3 un hito hist\u00f3rico para la localidad, que se sum\u00f3 a las ceremonias realizadas en el resto del territorio, las cuales involucraron a la mayor\u00eda de las organizaciones sociales y comunitarias. Entre ellas destacaron clubes de huasos y de rodeo chileno, bomberos, carabineros, escuelas, jardines infantiles, clubes de adultos mayores, conjuntos folcl\u00f3ricos, funcionarios municipales y postas de salud rural.<\/p>\n<p style=\"text-align: justify;\">En materia organizativa, result\u00f3 clave el aporte de la Escuela Aonikenk de Puerto Ingeniero Ib\u00e1\u00f1ez, cuya Banda Escolar estuvo presente en las cuatro localidades, adem\u00e1s de la Banda Instrumental de Carabineros de Ays\u00e9n, que acompa\u00f1\u00f3 a vecinas y vecinos en Puerto R\u00edo Tranquilo, Bah\u00eda Murta y Puerto Ingeniero Ib\u00e1\u00f1ez.<\/p>\n<p style=\"text-align: justify;\">El alcalde Marcelo J\u00e9lvez C\u00e1rdenas valor\u00f3 profundamente la participaci\u00f3n y compromiso de las comunidades en estos actos. \u201cEstamos contentos por nuestras personas mayores, nuestras ni\u00f1as y ni\u00f1os, nuestros huasos, nuestras brigadas y compa\u00f1\u00edas de bomberos, que se hicieron parte de estas actividades en toda la comuna\u201d, se\u00f1al\u00f3.<\/p>\n<p style=\"text-align: justify;\">Asimismo, destac\u00f3 el car\u00e1cter hist\u00f3rico de este 2025: \u201cHa sido una instancia muy importante para R\u00edo Ib\u00e1\u00f1ez, porque despu\u00e9s de m\u00e1s de 40 a\u00f1os, en Puerto S\u00e1nchez se realiza un desfile organizado por el municipio\u201d.<\/p>\n<p style=\"text-align: justify;\">La concejal Ver\u00f3nica Rojas Avenda\u00f1o tambi\u00e9n puso en relieve la participaci\u00f3n comunitaria: \u201cSolo queda agradecer a las organizaciones que se sumaron en toda la comuna, un aporte muy relevante para el desarrollo de los desfiles. Finalmente, desearles a todos unas felices Fiestas Patrias, que disfruten en familia y con responsabilidad\u201d.<\/p>\n<p style=\"text-align: justify;\">Por su parte, el concejal Fernando Quintul Cea subray\u00f3 el valor de las tradiciones presentes: \u201cLos clubes de huasos y de rodeo chileno son quienes dan ese toque especial a estas ceremonias de chilenidad, rescatando nuestras tradiciones criollas\u201d.<\/p>\n<p style=\"text-align: justify;\">Cabe mencionar que, el desfile y acto c\u00edvico de Villa Cerro Castillo fueron suspendidos, en coordinaci\u00f3n con la comunidad local, por respeto a la dif\u00edcil situaci\u00f3n de dos familias de la localidad, quienes lamentaron el sensible fallecimiento de seres queridos en los d\u00edas previos.<\/p>\n<\/div><\/section><\/div><div  style='height:50px' class='hr hr-invisible   avia-builder-el-6  el_after_av_one_full  el_before_av_social_share '><span class='hr-inner ' ><span class='hr-inner-style'><\/span><\/span><\/div><\/p>\n<div  class='av-social-sharing-box  avia-builder-el-7  el_after_av_hr  el_before_av_hr  '><div class='av-share-box'><h5 class='av-share-link-description av-no-toc '>Compartir esta noticia<\/h5><ul class='av-share-box-list noLightbox'><li class='av-share-link av-social-link-facebook' ><a target=\"_blank\" aria-label=\"Compartir en Facebook\" href='https:\/\/www.facebook.com\/sharer.php?u=https:\/\/radiorevelacionfm.cl\/?p=59363&#038;t=R%C3%ADo%20Ib%C3%A1%C3%B1ez%20rindi%C3%B3%20honores%20al%20aniversario%20patrio%20con%20primer%20desfile%20oficial%20en%20Puerto%20S%C3%A1nchez' aria-hidden='false' data-av_icon='\ue8f3' data-av_iconfont='entypo-fontello' title='' data-avia-related-tooltip='Compartir en Facebook' rel=\"noopener\"><span class='avia_hidden_link_text'>Compartir en Facebook<\/span><\/a><\/li><li class='av-share-link av-social-link-twitter' ><a target=\"_blank\" aria-label=\"Compartir en Twitter\" href='https:\/\/twitter.com\/share?text=R%C3%ADo%20Ib%C3%A1%C3%B1ez%20rindi%C3%B3%20honores%20al%20aniversario%20patrio%20con%20primer%20desfile%20oficial%20en%20Puerto%20S%C3%A1nchez&#038;url=https:\/\/radiorevelacionfm.cl\/?p=59363' aria-hidden='false' data-av_icon='\ue8f1' data-av_iconfont='entypo-fontello' title='' data-avia-related-tooltip='Compartir en Twitter' rel=\"noopener\"><span class='avia_hidden_link_text'>Compartir en Twitter<\/span><\/a><\/li><li class='av-share-link av-social-link-whatsapp' ><a target=\"_blank\" aria-label=\"Compartir en Whatsapp\" href='https:\/\/api.whatsapp.com\/send?text=https:\/\/radiorevelacionfm.cl\/?p=59363' aria-hidden='false' data-av_icon='\uf232' data-av_iconfont='entypo-fontello' title='' data-avia-related-tooltip='Compartir en Whatsapp' rel=\"noopener\"><span class='avia_hidden_link_text'>Compartir en Whatsapp<\/span><\/a><\/li><li class='av-share-link av-social-link-linkedin' ><a target=\"_blank\" aria-label=\"Compartir en LinkedIn\" href='https:\/\/linkedin.com\/shareArticle?mini=true&#038;title=R%C3%ADo%20Ib%C3%A1%C3%B1ez%20rindi%C3%B3%20honores%20al%20aniversario%20patrio%20con%20primer%20desfile%20oficial%20en%20Puerto%20S%C3%A1nchez&#038;url=https:\/\/radiorevelacionfm.cl\/?p=59363' aria-hidden='false' data-av_icon='\ue8fc' data-av_iconfont='entypo-fontello' title='' data-avia-related-tooltip='Compartir en LinkedIn' rel=\"noopener\"><span class='avia_hidden_link_text'>Compartir en LinkedIn<\/span><\/a><\/li><li class='av-share-link av-social-link-mail' ><a  aria-label=\"Compartir por correo\" href='mailto:?subject=R%C3%ADo%20Ib%C3%A1%C3%B1ez%20rindi%C3%B3%20honores%20al%20aniversario%20patrio%20con%20primer%20desfile%20oficial%20en%20Puerto%20S%C3%A1nchez&#038;body=https:\/\/radiorevelacionfm.cl\/?p=59363' aria-hidden='false' data-av_icon='\ue805' data-av_iconfont='entypo-fontello' title='' data-avia-related-tooltip='Compartir por correo'><span class='avia_hidden_link_text'>Compartir por correo<\/span><\/a><\/li><\/ul><\/div><\/div>\n<div  style='height:50px' class='hr hr-invisible   avia-builder-el-8  el_after_av_social_share  el_before_av_comments_list '><span class='hr-inner ' ><span class='hr-inner-style'><\/span><\/span><\/div>\n<div  class='av-buildercomment  av-blog-meta-html-info-disabled av-blog-meta-tag-disabled  '><\/div>\n","protected":false},"excerpt":{"rendered":"","protected":false},"author":1,"featured_media":59364,"comment_status":"closed","ping_status":"closed","sticky":false,"template":"","format":"standard","meta":{"footnotes":""},"categories":[38],"tags":[],"class_list":["post-59363","post","type-post","status-publish","format-standard","has-post-thumbnail","hentry","category-regional"],"jetpack_featured_media_url":"https:\/\/radiorevelacionfm.cl\/wp-content\/uploads\/2025\/09\/03-16-1_optimized.jpg","_links":{"self":[{"href":"https:\/\/radiorevelacionfm.cl\/index.php?rest_route=\/wp\/v2\/posts\/59363","targetHints":{"allow":["GET"]}}],"collection":[{"href":"https:\/\/radiorevelacionfm.cl\/index.php?rest_route=\/wp\/v2\/posts"}],"about":[{"href":"https:\/\/radiorevelacionfm.cl\/index.php?rest_route=\/wp\/v2\/types\/post"}],"author":[{"embeddable":true,"href":"https:\/\/radiorevelacionfm.cl\/index.php?rest_route=\/wp\/v2\/users\/1"}],"replies":[{"embeddable":true,"href":"https:\/\/radiorevelacionfm.cl\/index.php?rest_route=%2Fwp%2Fv2%2Fcomments&post=59363"}],"version-history":[{"count":2,"href":"https:\/\/radiorevelacionfm.cl\/index.php?rest_route=\/wp\/v2\/posts\/59363\/revisions"}],"predecessor-version":[{"id":59366,"href":"https:\/\/radiorevelacionfm.cl\/index.php?rest_route=\/wp\/v2\/posts\/59363\/revisions\/59366"}],"wp:featuredmedia":[{"embeddable":true,"href":"https:\/\/radiorevelacionfm.cl\/index.php?rest_route=\/wp\/v2\/media\/59364"}],"wp:attachment":[{"href":"https:\/\/radiorevelacionfm.cl\/index.php?rest_route=%2Fwp%2Fv2%2Fmedia&parent=59363"}],"wp:term":[{"taxonomy":"category","embeddable":true,"href":"https:\/\/radiorevelacionfm.cl\/index.php?rest_route=%2Fwp%2Fv2%2Fcategories&post=59363"},{"taxonomy":"post_tag","embeddable":true,"href":"https:\/\/radiorevelacionfm.cl\/index.php?rest_route=%2Fwp%2Fv2%2Ftags&post=59363"}],"curies":[{"name":"wp","href":"https:\/\/api.w.org\/{rel}","templated":true}]}}