{"id":59359,"date":"2025-09-19T17:42:36","date_gmt":"2025-09-19T20:42:36","guid":{"rendered":"https:\/\/radiorevelacionfm.cl\/?p=59359"},"modified":"2025-09-19T17:42:36","modified_gmt":"2025-09-19T20:42:36","slug":"puerto-aysen-vivio-la-jornada-inaugural-de-la-fiesta-del-basket-en-su-polideportivo","status":"publish","type":"post","link":"https:\/\/radiorevelacionfm.cl\/?p=59359","title":{"rendered":"Puerto Ays\u00e9n vivi\u00f3 la jornada inaugural de \u201cLa Fiesta del Basket\u201d en su Polideportivo"},"content":{"rendered":"<div class=\"flex_column av_one_full  flex_column_div av-zero-column-padding first  avia-builder-el-0  el_before_av_one_full  avia-builder-el-first  \" style='border-radius:0px; '><div  class='avia-image-container  av-styling-    avia-builder-el-1  avia-builder-el-no-sibling  avia-align-center '  itemprop=\"image\" itemscope=\"itemscope\" itemtype=\"https:\/\/schema.org\/ImageObject\"  ><div class='avia-image-container-inner'><div class='avia-image-overlay-wrap'><img decoding=\"async\" class='wp-image-59360 avia-img-lazy-loading-not-59360 avia_image' src=\"https:\/\/radiorevelacionfm.cl\/wp-content\/uploads\/2025\/09\/dsc_4773-1_optimized-1.jpg\" alt='' title='dsc_4773-(1)_optimized (1)' height=\"600\" width=\"900\"  itemprop=\"thumbnailUrl\" srcset=\"https:\/\/radiorevelacionfm.cl\/wp-content\/uploads\/2025\/09\/dsc_4773-1_optimized-1.jpg 900w, https:\/\/radiorevelacionfm.cl\/wp-content\/uploads\/2025\/09\/dsc_4773-1_optimized-1-300x200.jpg 300w, https:\/\/radiorevelacionfm.cl\/wp-content\/uploads\/2025\/09\/dsc_4773-1_optimized-1-768x512.jpg 768w, https:\/\/radiorevelacionfm.cl\/wp-content\/uploads\/2025\/09\/dsc_4773-1_optimized-1-705x470.jpg 705w, https:\/\/radiorevelacionfm.cl\/wp-content\/uploads\/2025\/09\/dsc_4773-1_optimized-1-450x300.jpg 450w, https:\/\/radiorevelacionfm.cl\/wp-content\/uploads\/2025\/09\/dsc_4773-1_optimized-1-600x400.jpg 600w\" sizes=\"(max-width: 900px) 100vw, 900px\" \/><\/div><\/div><\/div><\/div><div class=\"flex_column av_one_full  flex_column_div av-zero-column-padding first  avia-builder-el-2  el_after_av_one_full  el_before_av_one_full  column-top-margin\" style='border-radius:0px; '><section class=\"av_textblock_section \"  itemscope=\"itemscope\" itemtype=\"https:\/\/schema.org\/BlogPosting\" itemprop=\"blogPost\" ><div class='avia_textblock  '   itemprop=\"text\" ><p style=\"text-align: center;\"><span style=\"font-size: 18pt;\"><b>Puerto Ays\u00e9n vivi\u00f3 la jornada inaugural de \u201cLa Fiesta del Basket\u201d en su Polideportivo<\/b><\/span><\/p>\n<div id=\"gtx-trans\" style=\"position: absolute; left: -50px; top: 4.31534px;\">\n<div class=\"gtx-trans-icon\"><\/div>\n<\/div>\n<\/div><\/section><\/div><div class=\"flex_column av_one_full  flex_column_div av-zero-column-padding first  avia-builder-el-4  el_after_av_one_full  el_before_av_hr  column-top-margin\" style='border-radius:0px; '><section class=\"av_textblock_section \"  itemscope=\"itemscope\" itemtype=\"https:\/\/schema.org\/BlogPosting\" itemprop=\"blogPost\" ><div class='avia_textblock  '   itemprop=\"text\" ><div style=\"text-align: justify;\">\n<p>La tarde comenz\u00f3 con el partido amistoso entre la selecci\u00f3n U15 de Puerto Ays\u00e9n (Club Horizonte Austral) y su similar de Coyhaique. En un encuentro lleno de entusiasmo y buen nivel, los j\u00f3venes locales mostraron car\u00e1cter y talento frente a un rival m\u00e1s experimentado, manteniendo el marcador siempre competitivo. Coyhaique se llev\u00f3 la victoria por 58-48, pero el verdadero triunfo fue la motivaci\u00f3n que los ayseninos demostraron, gan\u00e1ndose los aplausos del p\u00fablico.<\/p>\n<p><strong>Ceremonia Inaugural<\/strong><\/p>\n<p>Con gran cantidad de asistentes en el recinto deportivo m\u00e1s importante de la Regi\u00f3n de Ays\u00e9n, cerca de las 20:00 hrs. se realiz\u00f3 la ceremonia inaugural. Tras la entonaci\u00f3n de los himnos de Chile y Argentina \u2014momento que destac\u00f3 por el respeto y emoci\u00f3n del p\u00fablico hacia ambas naciones\u2014, el alcalde Luis Mart\u00ednez Gallardo dio la bienvenida a los equipos y agradeci\u00f3 al equipo del Polideportivo por el impecable trabajo de preparaci\u00f3n que permiti\u00f3 recibir este evento internacional. Posteriormente, se entregaron presentes a las delegaciones visitantes, consistentes en souvenires del Puente Presidente Ib\u00e1\u00f1ez en formato 3D, s\u00edmbolo patrimonial de la comuna. A su vez, el club Gimnasia y Esgrima de Comodoro Rivadavia entreg\u00f3 un reconocimiento especial al alcalde, en agradecimiento por la hospitalidad de Ays\u00e9n.<\/p>\n<p><strong>1\u00ba Encuentro Internacional: Gimnasia vs ABA Ancud<\/strong><\/p>\n<p>El plato fuerte de la noche fue el primer duelo entre Gimnasia y Esgrima de Comodoro Rivadavia y ABA Ancud. El quinteto argentino mostr\u00f3 todo su poder\u00edo ofensivo y defensivo, imponi\u00e9ndose con claridad en el marcador. Gimnasia venci\u00f3 a ABA Ancud por 89 a 40, en un partido donde destacaron C\u00e1rdenas con 12 puntos, Cisneros y Toretta con 11 unidades cada uno, mientras que L\u00f3pez fue la figura de Ancud con 12 puntos.<\/p>\n<p><strong>Transmisi\u00f3n hist\u00f3rica<\/strong><\/p>\n<p>La Corporaci\u00f3n de Deportes y Recreaci\u00f3n transmiti\u00f3 en directo la jornada a trav\u00e9s de redes sociales, se\u00f1al compartida adem\u00e1s con medios regionales e internacionales alcanzando m\u00e1s de mil espectadores en simult\u00e1neo, cifra in\u00e9dita para un evento deportivo local.<\/p>\n<p><strong>Pr\u00f3ximos encuentros<\/strong><\/p>\n<p>\u201cLa Fiesta del Basket\u201d continuar\u00e1 este viernes 19 de septiembre con su \u00faltima jornada, que incluye charlas, cl\u00ednicas y el esperado segundo encuentro internacional entre Gimnasia y Esgrima y ABA Ancud a partir de las 20:00 hrs. El evento ser\u00e1 transmitido nuevamente por el Facebook de Ays\u00e9n Deportes y el canal de YouTube de la Municipalidad de Ays\u00e9n, invitando a toda la comunidad a ser parte de esta fiesta deportiva.<\/p>\n<\/div>\n<div><\/div>\n<\/div><\/section><\/div><div  style='height:50px' class='hr hr-invisible   avia-builder-el-6  el_after_av_one_full  el_before_av_social_share '><span class='hr-inner ' ><span class='hr-inner-style'><\/span><\/span><\/div><\/p>\n<div  class='av-social-sharing-box  avia-builder-el-7  el_after_av_hr  el_before_av_hr  '><div class='av-share-box'><h5 class='av-share-link-description av-no-toc '>Compartir esta noticia<\/h5><ul class='av-share-box-list noLightbox'><li class='av-share-link av-social-link-facebook' ><a target=\"_blank\" aria-label=\"Compartir en Facebook\" href='https:\/\/www.facebook.com\/sharer.php?u=https:\/\/radiorevelacionfm.cl\/?p=59359&#038;t=Puerto%20Ays%C3%A9n%20vivi%C3%B3%20la%20jornada%20inaugural%20de%20%E2%80%9CLa%20Fiesta%20del%20Basket%E2%80%9D%20en%20su%20Polideportivo' aria-hidden='false' data-av_icon='\ue8f3' data-av_iconfont='entypo-fontello' title='' data-avia-related-tooltip='Compartir en Facebook' rel=\"noopener\"><span class='avia_hidden_link_text'>Compartir en Facebook<\/span><\/a><\/li><li class='av-share-link av-social-link-twitter' ><a target=\"_blank\" aria-label=\"Compartir en Twitter\" href='https:\/\/twitter.com\/share?text=Puerto%20Ays%C3%A9n%20vivi%C3%B3%20la%20jornada%20inaugural%20de%20%E2%80%9CLa%20Fiesta%20del%20Basket%E2%80%9D%20en%20su%20Polideportivo&#038;url=https:\/\/radiorevelacionfm.cl\/?p=59359' aria-hidden='false' data-av_icon='\ue8f1' data-av_iconfont='entypo-fontello' title='' data-avia-related-tooltip='Compartir en Twitter' rel=\"noopener\"><span class='avia_hidden_link_text'>Compartir en Twitter<\/span><\/a><\/li><li class='av-share-link av-social-link-whatsapp' ><a target=\"_blank\" aria-label=\"Compartir en Whatsapp\" href='https:\/\/api.whatsapp.com\/send?text=https:\/\/radiorevelacionfm.cl\/?p=59359' aria-hidden='false' data-av_icon='\uf232' data-av_iconfont='entypo-fontello' title='' data-avia-related-tooltip='Compartir en Whatsapp' rel=\"noopener\"><span class='avia_hidden_link_text'>Compartir en Whatsapp<\/span><\/a><\/li><li class='av-share-link av-social-link-linkedin' ><a target=\"_blank\" aria-label=\"Compartir en LinkedIn\" href='https:\/\/linkedin.com\/shareArticle?mini=true&#038;title=Puerto%20Ays%C3%A9n%20vivi%C3%B3%20la%20jornada%20inaugural%20de%20%E2%80%9CLa%20Fiesta%20del%20Basket%E2%80%9D%20en%20su%20Polideportivo&#038;url=https:\/\/radiorevelacionfm.cl\/?p=59359' aria-hidden='false' data-av_icon='\ue8fc' data-av_iconfont='entypo-fontello' title='' data-avia-related-tooltip='Compartir en LinkedIn' rel=\"noopener\"><span class='avia_hidden_link_text'>Compartir en LinkedIn<\/span><\/a><\/li><li class='av-share-link av-social-link-mail' ><a  aria-label=\"Compartir por correo\" href='mailto:?subject=Puerto%20Ays%C3%A9n%20vivi%C3%B3%20la%20jornada%20inaugural%20de%20%E2%80%9CLa%20Fiesta%20del%20Basket%E2%80%9D%20en%20su%20Polideportivo&#038;body=https:\/\/radiorevelacionfm.cl\/?p=59359' aria-hidden='false' data-av_icon='\ue805' data-av_iconfont='entypo-fontello' title='' data-avia-related-tooltip='Compartir por correo'><span class='avia_hidden_link_text'>Compartir por correo<\/span><\/a><\/li><\/ul><\/div><\/div>\n<div  style='height:50px' class='hr hr-invisible   avia-builder-el-8  el_after_av_social_share  el_before_av_comments_list '><span class='hr-inner ' ><span class='hr-inner-style'><\/span><\/span><\/div>\n<div  class='av-buildercomment  av-blog-meta-html-info-disabled av-blog-meta-tag-disabled  '><\/div>\n","protected":false},"excerpt":{"rendered":"","protected":false},"author":1,"featured_media":59360,"comment_status":"closed","ping_status":"closed","sticky":false,"template":"","format":"standard","meta":{"footnotes":""},"categories":[40],"tags":[],"class_list":["post-59359","post","type-post","status-publish","format-standard","has-post-thumbnail","hentry","category-deportes"],"jetpack_featured_media_url":"https:\/\/radiorevelacionfm.cl\/wp-content\/uploads\/2025\/09\/dsc_4773-1_optimized-1.jpg","_links":{"self":[{"href":"https:\/\/radiorevelacionfm.cl\/index.php?rest_route=\/wp\/v2\/posts\/59359","targetHints":{"allow":["GET"]}}],"collection":[{"href":"https:\/\/radiorevelacionfm.cl\/index.php?rest_route=\/wp\/v2\/posts"}],"about":[{"href":"https:\/\/radiorevelacionfm.cl\/index.php?rest_route=\/wp\/v2\/types\/post"}],"author":[{"embeddable":true,"href":"https:\/\/radiorevelacionfm.cl\/index.php?rest_route=\/wp\/v2\/users\/1"}],"replies":[{"embeddable":true,"href":"https:\/\/radiorevelacionfm.cl\/index.php?rest_route=%2Fwp%2Fv2%2Fcomments&post=59359"}],"version-history":[{"count":2,"href":"https:\/\/radiorevelacionfm.cl\/index.php?rest_route=\/wp\/v2\/posts\/59359\/revisions"}],"predecessor-version":[{"id":59362,"href":"https:\/\/radiorevelacionfm.cl\/index.php?rest_route=\/wp\/v2\/posts\/59359\/revisions\/59362"}],"wp:featuredmedia":[{"embeddable":true,"href":"https:\/\/radiorevelacionfm.cl\/index.php?rest_route=\/wp\/v2\/media\/59360"}],"wp:attachment":[{"href":"https:\/\/radiorevelacionfm.cl\/index.php?rest_route=%2Fwp%2Fv2%2Fmedia&parent=59359"}],"wp:term":[{"taxonomy":"category","embeddable":true,"href":"https:\/\/radiorevelacionfm.cl\/index.php?rest_route=%2Fwp%2Fv2%2Fcategories&post=59359"},{"taxonomy":"post_tag","embeddable":true,"href":"https:\/\/radiorevelacionfm.cl\/index.php?rest_route=%2Fwp%2Fv2%2Ftags&post=59359"}],"curies":[{"name":"wp","href":"https:\/\/api.w.org\/{rel}","templated":true}]}}