{"id":59355,"date":"2025-09-19T17:31:17","date_gmt":"2025-09-19T20:31:17","guid":{"rendered":"https:\/\/radiorevelacionfm.cl\/?p=59355"},"modified":"2025-09-19T17:31:17","modified_gmt":"2025-09-19T20:31:17","slug":"con-gran-exito-se-vivio-la-1-version-de-la-expo-rio-ibanez-en-fiestas-patrias-2025","status":"publish","type":"post","link":"https:\/\/radiorevelacionfm.cl\/?p=59355","title":{"rendered":"Con gran \u00e9xito se vivi\u00f3 la 1\u00b0 versi\u00f3n de la Expo R\u00edo Ib\u00e1\u00f1ez en Fiestas Patrias 2025"},"content":{"rendered":"<div class=\"flex_column av_one_full  flex_column_div av-zero-column-padding first  avia-builder-el-0  el_before_av_one_full  avia-builder-el-first  \" style='border-radius:0px; '><div  class='avia-image-container  av-styling-    avia-builder-el-1  avia-builder-el-no-sibling  avia-align-center '  itemprop=\"image\" itemscope=\"itemscope\" itemtype=\"https:\/\/schema.org\/ImageObject\"  ><div class='avia-image-container-inner'><div class='avia-image-overlay-wrap'><img decoding=\"async\" class='wp-image-59356 avia-img-lazy-loading-not-59356 avia_image' src=\"https:\/\/radiorevelacionfm.cl\/wp-content\/uploads\/2025\/09\/01-26-1_optimized-1.jpg\" alt='' title='01-(26)-(1)_optimized (1)' height=\"600\" width=\"1066\"  itemprop=\"thumbnailUrl\" srcset=\"https:\/\/radiorevelacionfm.cl\/wp-content\/uploads\/2025\/09\/01-26-1_optimized-1.jpg 1066w, https:\/\/radiorevelacionfm.cl\/wp-content\/uploads\/2025\/09\/01-26-1_optimized-1-300x169.jpg 300w, https:\/\/radiorevelacionfm.cl\/wp-content\/uploads\/2025\/09\/01-26-1_optimized-1-1030x580.jpg 1030w, https:\/\/radiorevelacionfm.cl\/wp-content\/uploads\/2025\/09\/01-26-1_optimized-1-768x432.jpg 768w, https:\/\/radiorevelacionfm.cl\/wp-content\/uploads\/2025\/09\/01-26-1_optimized-1-705x397.jpg 705w, https:\/\/radiorevelacionfm.cl\/wp-content\/uploads\/2025\/09\/01-26-1_optimized-1-450x253.jpg 450w, https:\/\/radiorevelacionfm.cl\/wp-content\/uploads\/2025\/09\/01-26-1_optimized-1-600x338.jpg 600w\" sizes=\"(max-width: 1066px) 100vw, 1066px\" \/><\/div><\/div><\/div><\/div><div class=\"flex_column av_one_full  flex_column_div av-zero-column-padding first  avia-builder-el-2  el_after_av_one_full  el_before_av_one_full  column-top-margin\" style='border-radius:0px; '><section class=\"av_textblock_section \"  itemscope=\"itemscope\" itemtype=\"https:\/\/schema.org\/BlogPosting\" itemprop=\"blogPost\" ><div class='avia_textblock  '   itemprop=\"text\" ><p style=\"text-align: center;\"><strong><span style=\"font-size: 18pt;\">Con gran \u00e9xito se vivi\u00f3 la 1\u00b0 versi\u00f3n de la Expo R\u00edo Ib\u00e1\u00f1ez en Fiestas Patrias 2025<\/span><\/strong><\/p>\n<div id=\"gtx-trans\" style=\"position: absolute; left: -50px; top: 4.31534px;\">\n<div class=\"gtx-trans-icon\"><\/div>\n<\/div>\n<\/div><\/section><\/div><div class=\"flex_column av_one_full  flex_column_div av-zero-column-padding first  avia-builder-el-4  el_after_av_one_full  el_before_av_hr  column-top-margin\" style='border-radius:0px; '><section class=\"av_textblock_section \"  itemscope=\"itemscope\" itemtype=\"https:\/\/schema.org\/BlogPosting\" itemprop=\"blogPost\" ><div class='avia_textblock  '   itemprop=\"text\" ><p style=\"text-align: justify;\">Este 18 de septiembre se vivi\u00f3 una jornada in\u00e9dita en el Campo de Jineteadas de Puerto Ib\u00e1\u00f1ez con la 1\u00b0 Versi\u00f3n de la Expo R\u00edo Ib\u00e1\u00f1ez 2025, en el marco de las celebraciones de Fiestas Patrias organizadas por la Municipalidad de R\u00edo Ib\u00e1\u00f1ez.<\/p>\n<p style=\"text-align: justify;\">El evento congreg\u00f3 a cerca de mil quinientas personas en promedio, entre vecinas, vecinos y visitantes de distintos puntos de la regi\u00f3n y del pa\u00eds, quienes disfrutaron de una feria productiva con talento local, gastronom\u00eda criolla, juegos t\u00edpicos, concursos y presentaciones folcl\u00f3ricas, dando vida a un ambiente dieciochero imperdible.<\/p>\n<p style=\"text-align: justify;\">La iniciativa, impulsada por el municipio y financiada por el Gobierno Regional de Ays\u00e9n, a trav\u00e9s del Programa de Fortalecimiento Productivo, busca proyectarse en el tiempo como una vitrina para emprendedores, productores y artesanas\/os de la comuna, fortaleciendo la identidad local y creando un espacio para celebrar en familia nuestras tradiciones, cultura y el Aniversario Patrio.<\/p>\n<p style=\"text-align: justify;\">El alcalde de R\u00edo Ib\u00e1\u00f1ez, Marcelo J\u00e9lvez C\u00e1rdenas, destac\u00f3 la masiva participaci\u00f3n y el entusiasmo de la comunidad local, se\u00f1alando que \u201cestamos contentos porque esta primera versi\u00f3n tuvo un importante marco de p\u00fablico, adem\u00e1s de la compa\u00f1\u00eda de vecinos de las distintas localidades de nuestra comuna\u201d.<\/p>\n<\/div><\/section><\/div><div  style='height:50px' class='hr hr-invisible   avia-builder-el-6  el_after_av_one_full  el_before_av_social_share '><span class='hr-inner ' ><span class='hr-inner-style'><\/span><\/span><\/div><\/p>\n<div  class='av-social-sharing-box  avia-builder-el-7  el_after_av_hr  el_before_av_hr  '><div class='av-share-box'><h5 class='av-share-link-description av-no-toc '>Compartir esta noticia<\/h5><ul class='av-share-box-list noLightbox'><li class='av-share-link av-social-link-facebook' ><a target=\"_blank\" aria-label=\"Compartir en Facebook\" href='https:\/\/www.facebook.com\/sharer.php?u=https:\/\/radiorevelacionfm.cl\/?p=59355&#038;t=Con%20gran%20%C3%A9xito%20se%20vivi%C3%B3%20la%201%C2%B0%20versi%C3%B3n%20de%20la%20Expo%20R%C3%ADo%20Ib%C3%A1%C3%B1ez%20en%20Fiestas%20Patrias%202025' aria-hidden='false' data-av_icon='\ue8f3' data-av_iconfont='entypo-fontello' title='' data-avia-related-tooltip='Compartir en Facebook' rel=\"noopener\"><span class='avia_hidden_link_text'>Compartir en Facebook<\/span><\/a><\/li><li class='av-share-link av-social-link-twitter' ><a target=\"_blank\" aria-label=\"Compartir en Twitter\" href='https:\/\/twitter.com\/share?text=Con%20gran%20%C3%A9xito%20se%20vivi%C3%B3%20la%201%C2%B0%20versi%C3%B3n%20de%20la%20Expo%20R%C3%ADo%20Ib%C3%A1%C3%B1ez%20en%20Fiestas%20Patrias%202025&#038;url=https:\/\/radiorevelacionfm.cl\/?p=59355' aria-hidden='false' data-av_icon='\ue8f1' data-av_iconfont='entypo-fontello' title='' data-avia-related-tooltip='Compartir en Twitter' rel=\"noopener\"><span class='avia_hidden_link_text'>Compartir en Twitter<\/span><\/a><\/li><li class='av-share-link av-social-link-whatsapp' ><a target=\"_blank\" aria-label=\"Compartir en Whatsapp\" href='https:\/\/api.whatsapp.com\/send?text=https:\/\/radiorevelacionfm.cl\/?p=59355' aria-hidden='false' data-av_icon='\uf232' data-av_iconfont='entypo-fontello' title='' data-avia-related-tooltip='Compartir en Whatsapp' rel=\"noopener\"><span class='avia_hidden_link_text'>Compartir en Whatsapp<\/span><\/a><\/li><li class='av-share-link av-social-link-linkedin' ><a target=\"_blank\" aria-label=\"Compartir en LinkedIn\" href='https:\/\/linkedin.com\/shareArticle?mini=true&#038;title=Con%20gran%20%C3%A9xito%20se%20vivi%C3%B3%20la%201%C2%B0%20versi%C3%B3n%20de%20la%20Expo%20R%C3%ADo%20Ib%C3%A1%C3%B1ez%20en%20Fiestas%20Patrias%202025&#038;url=https:\/\/radiorevelacionfm.cl\/?p=59355' aria-hidden='false' data-av_icon='\ue8fc' data-av_iconfont='entypo-fontello' title='' data-avia-related-tooltip='Compartir en LinkedIn' rel=\"noopener\"><span class='avia_hidden_link_text'>Compartir en LinkedIn<\/span><\/a><\/li><li class='av-share-link av-social-link-mail' ><a  aria-label=\"Compartir por correo\" href='mailto:?subject=Con%20gran%20%C3%A9xito%20se%20vivi%C3%B3%20la%201%C2%B0%20versi%C3%B3n%20de%20la%20Expo%20R%C3%ADo%20Ib%C3%A1%C3%B1ez%20en%20Fiestas%20Patrias%202025&#038;body=https:\/\/radiorevelacionfm.cl\/?p=59355' aria-hidden='false' data-av_icon='\ue805' data-av_iconfont='entypo-fontello' title='' data-avia-related-tooltip='Compartir por correo'><span class='avia_hidden_link_text'>Compartir por correo<\/span><\/a><\/li><\/ul><\/div><\/div>\n<div  style='height:50px' class='hr hr-invisible   avia-builder-el-8  el_after_av_social_share  el_before_av_comments_list '><span class='hr-inner ' ><span class='hr-inner-style'><\/span><\/span><\/div>\n<div  class='av-buildercomment  av-blog-meta-html-info-disabled av-blog-meta-tag-disabled  '><\/div>\n","protected":false},"excerpt":{"rendered":"","protected":false},"author":1,"featured_media":59356,"comment_status":"closed","ping_status":"closed","sticky":false,"template":"","format":"standard","meta":{"footnotes":""},"categories":[38],"tags":[],"class_list":["post-59355","post","type-post","status-publish","format-standard","has-post-thumbnail","hentry","category-regional"],"jetpack_featured_media_url":"https:\/\/radiorevelacionfm.cl\/wp-content\/uploads\/2025\/09\/01-26-1_optimized-1.jpg","_links":{"self":[{"href":"https:\/\/radiorevelacionfm.cl\/index.php?rest_route=\/wp\/v2\/posts\/59355","targetHints":{"allow":["GET"]}}],"collection":[{"href":"https:\/\/radiorevelacionfm.cl\/index.php?rest_route=\/wp\/v2\/posts"}],"about":[{"href":"https:\/\/radiorevelacionfm.cl\/index.php?rest_route=\/wp\/v2\/types\/post"}],"author":[{"embeddable":true,"href":"https:\/\/radiorevelacionfm.cl\/index.php?rest_route=\/wp\/v2\/users\/1"}],"replies":[{"embeddable":true,"href":"https:\/\/radiorevelacionfm.cl\/index.php?rest_route=%2Fwp%2Fv2%2Fcomments&post=59355"}],"version-history":[{"count":2,"href":"https:\/\/radiorevelacionfm.cl\/index.php?rest_route=\/wp\/v2\/posts\/59355\/revisions"}],"predecessor-version":[{"id":59358,"href":"https:\/\/radiorevelacionfm.cl\/index.php?rest_route=\/wp\/v2\/posts\/59355\/revisions\/59358"}],"wp:featuredmedia":[{"embeddable":true,"href":"https:\/\/radiorevelacionfm.cl\/index.php?rest_route=\/wp\/v2\/media\/59356"}],"wp:attachment":[{"href":"https:\/\/radiorevelacionfm.cl\/index.php?rest_route=%2Fwp%2Fv2%2Fmedia&parent=59355"}],"wp:term":[{"taxonomy":"category","embeddable":true,"href":"https:\/\/radiorevelacionfm.cl\/index.php?rest_route=%2Fwp%2Fv2%2Fcategories&post=59355"},{"taxonomy":"post_tag","embeddable":true,"href":"https:\/\/radiorevelacionfm.cl\/index.php?rest_route=%2Fwp%2Fv2%2Ftags&post=59355"}],"curies":[{"name":"wp","href":"https:\/\/api.w.org\/{rel}","templated":true}]}}