{"id":59348,"date":"2025-09-20T21:39:23","date_gmt":"2025-09-21T00:39:23","guid":{"rendered":"https:\/\/radiorevelacionfm.cl\/?p=59348"},"modified":"2025-09-20T21:39:23","modified_gmt":"2025-09-21T00:39:23","slug":"entregan-recomendaciones-sobre-el-cuidado-de-animales-de-compania-en-fiestas-patrias","status":"publish","type":"post","link":"https:\/\/radiorevelacionfm.cl\/?p=59348","title":{"rendered":"Entregan recomendaciones sobre el cuidado de animales de compa\u00f1\u00eda en Fiestas Patrias"},"content":{"rendered":"<div class=\"flex_column av_one_full  flex_column_div av-zero-column-padding first  avia-builder-el-0  el_before_av_one_full  avia-builder-el-first  \" style='border-radius:0px; '><div  class='avia-image-container  av-styling-    avia-builder-el-1  avia-builder-el-no-sibling  avia-align-center '  itemprop=\"image\" itemscope=\"itemscope\" itemtype=\"https:\/\/schema.org\/ImageObject\"  ><div class='avia-image-container-inner'><div class='avia-image-overlay-wrap'><img decoding=\"async\" class='wp-image-59349 avia-img-lazy-loading-not-59349 avia_image' src=\"https:\/\/radiorevelacionfm.cl\/wp-content\/uploads\/2025\/09\/102A5466-1-1.jpg\" alt='' title='102A5466 (1) (1)' height=\"600\" width=\"900\"  itemprop=\"thumbnailUrl\" srcset=\"https:\/\/radiorevelacionfm.cl\/wp-content\/uploads\/2025\/09\/102A5466-1-1.jpg 900w, https:\/\/radiorevelacionfm.cl\/wp-content\/uploads\/2025\/09\/102A5466-1-1-300x200.jpg 300w, https:\/\/radiorevelacionfm.cl\/wp-content\/uploads\/2025\/09\/102A5466-1-1-768x512.jpg 768w, https:\/\/radiorevelacionfm.cl\/wp-content\/uploads\/2025\/09\/102A5466-1-1-705x470.jpg 705w, https:\/\/radiorevelacionfm.cl\/wp-content\/uploads\/2025\/09\/102A5466-1-1-450x300.jpg 450w, https:\/\/radiorevelacionfm.cl\/wp-content\/uploads\/2025\/09\/102A5466-1-1-600x400.jpg 600w\" sizes=\"(max-width: 900px) 100vw, 900px\" \/><\/div><\/div><\/div><\/div>\n<div class=\"flex_column av_one_full  flex_column_div av-zero-column-padding first  avia-builder-el-2  el_after_av_one_full  el_before_av_one_full  column-top-margin\" style='border-radius:0px; '><section class=\"av_textblock_section \"  itemscope=\"itemscope\" itemtype=\"https:\/\/schema.org\/BlogPosting\" itemprop=\"blogPost\" ><div class='avia_textblock  '   itemprop=\"text\" ><p style=\"text-align: center;\"><strong><span style=\"font-size: 18pt;\">Entregan recomendaciones sobre el cuidado de animales de compa\u00f1\u00eda en Fiestas Patrias<\/span><\/strong><\/p>\n<div id=\"gtx-trans\" style=\"position: absolute; left: -50px; top: 4.31534px;\">\n<div class=\"gtx-trans-icon\"><\/div>\n<\/div>\n<\/div><\/section><\/div>\n<div class=\"flex_column av_one_full  flex_column_div av-zero-column-padding first  avia-builder-el-4  el_after_av_one_full  el_before_av_hr  column-top-margin\" style='border-radius:0px; '><section class=\"av_textblock_section \"  itemscope=\"itemscope\" itemtype=\"https:\/\/schema.org\/BlogPosting\" itemprop=\"blogPost\" ><div class='avia_textblock  '   itemprop=\"text\" ><p style=\"text-align: justify;\">Entre ellas se incluye prestar atenci\u00f3n a la alimentaci\u00f3n -con \u00e9nfasis en los alimentos prohibidos para los animales-, la manera adecuada de llevar a las mascotas a eventos masivos, el manejo del ruido y del estr\u00e9s, adem\u00e1s de otras consideraciones relevantes.<\/p>\n<p style=\"text-align: justify;\">Adem\u00e1s, en la ocasi\u00f3n la Subdere inform\u00f3 que m\u00e1s de 35 mil personas fueron parte del proceso participativo para actualizar el reglamento de la \u2018\u2019Ley Cholito\u2019\u2019 sobre tenencia responsable de animales de compa\u00f1\u00eda.<\/p>\n<p style=\"text-align: justify;\">En el marco del inicio de las celebraciones de fiestas patrias, el Ministro del Interior, \u00c1lvaro Elizalde y la subsecretaria de Desarrollo Regional y Administrativo (Subdere), Francisca Perales, se trasladaron al Parque Bernardo Leighton en Estaci\u00f3n Central, administrado por ParqueMet, para participar de una actividad para entregar recomendaciones a las familias para el cuidado de los animales de compa\u00f1\u00eda en el marco de estas fiestas. La instancia reuni\u00f3 a vecinos y vecinas del sector, quienes pudieron instalar el microchip a sus mascotas y acceder a servicios de vacunaci\u00f3n.<\/p>\n<p style=\"text-align: justify;\">\u201cVamos a celebrar y celebrar implica actuar con responsabilidad, tambi\u00e9n con las mascotas. Por eso tenemos que tomar cuidados especiales en materia de alimentaci\u00f3n, viajes y salidas\u201d, enfatiz\u00f3 el ministro Elizalde en la actividad.<\/p>\n<p style=\"text-align: justify;\">Dentro de los cuidados m\u00e1s importantes se encuentra la alimentaci\u00f3n, ya que los animales no deben consumir los mismos alimentos que los humanos, como empanadas, choripanes, anticuchos, alcohol o dulces, ya que pueden provocar v\u00f3mitos, diarrea o incluso intoxicaciones. Asimismo, se recomienda evitar huesos de pollo, pues representan un riesgo para su salud. Entre los alimentos prohibidos para las mascotas destacan los embutidos, la cebolla, las uvas, el chocolate, el alcohol, las nueces, el ajo, la palta, la sal, los huesos y espinas, el pescado crudo, el az\u00facar, el caf\u00e9, entre otros.<\/p>\n<p style=\"text-align: justify;\">Tambi\u00e9n se sugiere evitar llevar a la mascota a fondas, ramadas, conciertos o cualquier otro tipo de actividad masiva. En caso de no tener otra alternativa, se recomienda llevarlo con medio de sujeci\u00f3n seguro, como una correa, arn\u00e9s y\/o bolso de transporte, adem\u00e1s de considerar la supervisi\u00f3n permanente junto con alg\u00fan medio de identificaci\u00f3n de la mascota.<\/p>\n<p>Otro punto a considerar son los ruidos y el estr\u00e9s, ya que perros y gatos tienen un aparato de audici\u00f3n muy sensible, por lo que se recomienda no exponerlos a ruidos fuertes y a m\u00fasica a alto volumen. De hacerlo, podr\u00eda producir reacciones que pongan en riesgo su integridad f\u00edsica.<\/p>\n<p style=\"text-align: justify;\">Por \u00faltimo, si se debe viajar, la recomendaci\u00f3n es llevar siempre a la mascota de manera segura, ya sea en un canil o con un arn\u00e9s y correa que funcionen como cintur\u00f3n de seguridad. Nunca debe dejarse dentro del autom\u00f3vil con las ventanas cerradas, ya que podr\u00eda sufrir un golpe de calor. Adem\u00e1s, es importante realizar paradas durante el trayecto para que el animal pueda ir al ba\u00f1o, hidratarse, comer y moverse. Tambi\u00e9n se sugiere llevar juguetes, platos, alimento y, en caso de ser necesario, ropa de abrigo.<\/p>\n<p style=\"text-align: justify;\"><strong>Proceso participativo actualizaci\u00f3n reglamento \u2018\u2019Ley Cholito\u2019\u2019<\/strong><\/p>\n<p style=\"text-align: justify;\">La Subsecretar\u00eda de Desarrollo Regional y Administrativo, entre julio y agosto de este a\u00f1o, llev\u00f3 a cabo un proceso participativo para la actualizaci\u00f3n del reglamento de la Ley 21.020, conocida como \u201cLey Cholito\u201d. La iniciativa incluy\u00f3 la realizaci\u00f3n de mesas de trabajo de las instituciones involucradas en esta tem\u00e1tica, di\u00e1logos ciudadanos a lo largo de todo el pa\u00eds, encuestas para p\u00fablicos focalizados con conocimiento en la materia y una consulta ciudadana virtual abierta a todo p\u00fablico, denominada \u201cTu opini\u00f3n los protege\u201d.<\/p>\n<p style=\"text-align: justify;\">M\u00e1s de 35 mil personas participaron en este proceso participativo para la actualizaci\u00f3n del reglamento, donde 33.815 contestaron la consulta ciudadana virtual y 1.290 personas fueron parte de los 22 di\u00e1logos realizados en el pa\u00eds.<\/p>\n<p style=\"text-align: justify;\">\u201cSe va a dar un salto en el marco regulatorio para hacer m\u00e1s eficiente y efectiva la \u2018Ley Cholito\u2019. Reiteramos la importancia de denunciar siempre las conductas de maltrato animal o que no impliquen una tenencia responsable. Es muy importante fomentar la conciencia de tenencia responsable. Esta ley, sin lugar a dudas, representa un marco regulatorio que antes no exist\u00eda y da cuenta de un cambio cultural positivo para actuar con responsabilidad y cuidando siempre a nuestras mascotas. Es un compromiso que tenemos como pa\u00eds\u201d, sostuvo el ministro del Interior, \u00c1lvaro Elizalde.<\/p>\n<p>\u201cTuvimos una participaci\u00f3n muy activa; es uno de los procesos participativos m\u00e1s grandes que se han hecho durante el \u00faltimo tiempo. Todos los resultados obtenidos ser\u00e1n incorporados, junto con otras materias surgidas durante el proceso, en la propuesta que esperamos ingresar a la Contralor\u00eda General de la Rep\u00fablica durante el \u00faltimo trimestre de este a\u00f1o, de modo que a fines de 2025 contemos con un reglamento actualizado a las necesidades de hoy\u201d, destac\u00f3 la subsecretaria Francisca Perales.<\/p>\n<p style=\"text-align: justify;\">Por su parte, el alcalde Felipe Mu\u00f1oz afirm\u00f3 que \u201ccomo municipio el cuidado de las mascotas es parte fundamental de nuestra gesti\u00f3n. Cada uno de estos a\u00f1os hemos realizado hitos que son bastante importantes, como nuestra oficina de protecci\u00f3n animales que inauguramos, la veterinaria m\u00f3vil, y hoy contar hoy con el apoyo de la Subdere de verdad que es un aporte muy significativo para poder apoyar a los vecinos y vecinas.<\/p>\n<\/div><\/section><\/div><div  style='height:50px' class='hr hr-invisible   avia-builder-el-6  el_after_av_one_full  el_before_av_social_share '><span class='hr-inner ' ><span class='hr-inner-style'><\/span><\/span><\/div><\/p>\n<div  class='av-social-sharing-box  avia-builder-el-7  el_after_av_hr  el_before_av_hr  '><div class='av-share-box'><h5 class='av-share-link-description av-no-toc '>Compartir esta noticia<\/h5><ul class='av-share-box-list noLightbox'><li class='av-share-link av-social-link-facebook' ><a target=\"_blank\" aria-label=\"Compartir en Facebook\" href='https:\/\/www.facebook.com\/sharer.php?u=https:\/\/radiorevelacionfm.cl\/?p=59348&#038;t=Entregan%20recomendaciones%20sobre%20el%20cuidado%20de%20animales%20de%20compa%C3%B1%C3%ADa%20en%20Fiestas%20Patrias' aria-hidden='false' data-av_icon='\ue8f3' data-av_iconfont='entypo-fontello' title='' data-avia-related-tooltip='Compartir en Facebook' rel=\"noopener\"><span class='avia_hidden_link_text'>Compartir en Facebook<\/span><\/a><\/li><li class='av-share-link av-social-link-twitter' ><a target=\"_blank\" aria-label=\"Compartir en Twitter\" href='https:\/\/twitter.com\/share?text=Entregan%20recomendaciones%20sobre%20el%20cuidado%20de%20animales%20de%20compa%C3%B1%C3%ADa%20en%20Fiestas%20Patrias&#038;url=https:\/\/radiorevelacionfm.cl\/?p=59348' aria-hidden='false' data-av_icon='\ue8f1' data-av_iconfont='entypo-fontello' title='' data-avia-related-tooltip='Compartir en Twitter' rel=\"noopener\"><span class='avia_hidden_link_text'>Compartir en Twitter<\/span><\/a><\/li><li class='av-share-link av-social-link-whatsapp' ><a target=\"_blank\" aria-label=\"Compartir en Whatsapp\" href='https:\/\/api.whatsapp.com\/send?text=https:\/\/radiorevelacionfm.cl\/?p=59348' aria-hidden='false' data-av_icon='\uf232' data-av_iconfont='entypo-fontello' title='' data-avia-related-tooltip='Compartir en Whatsapp' rel=\"noopener\"><span class='avia_hidden_link_text'>Compartir en Whatsapp<\/span><\/a><\/li><li class='av-share-link av-social-link-linkedin' ><a target=\"_blank\" aria-label=\"Compartir en LinkedIn\" href='https:\/\/linkedin.com\/shareArticle?mini=true&#038;title=Entregan%20recomendaciones%20sobre%20el%20cuidado%20de%20animales%20de%20compa%C3%B1%C3%ADa%20en%20Fiestas%20Patrias&#038;url=https:\/\/radiorevelacionfm.cl\/?p=59348' aria-hidden='false' data-av_icon='\ue8fc' data-av_iconfont='entypo-fontello' title='' data-avia-related-tooltip='Compartir en LinkedIn' rel=\"noopener\"><span class='avia_hidden_link_text'>Compartir en LinkedIn<\/span><\/a><\/li><li class='av-share-link av-social-link-mail' ><a  aria-label=\"Compartir por correo\" href='mailto:?subject=Entregan%20recomendaciones%20sobre%20el%20cuidado%20de%20animales%20de%20compa%C3%B1%C3%ADa%20en%20Fiestas%20Patrias&#038;body=https:\/\/radiorevelacionfm.cl\/?p=59348' aria-hidden='false' data-av_icon='\ue805' data-av_iconfont='entypo-fontello' title='' data-avia-related-tooltip='Compartir por correo'><span class='avia_hidden_link_text'>Compartir por correo<\/span><\/a><\/li><\/ul><\/div><\/div>\n<div  style='height:50px' class='hr hr-invisible   avia-builder-el-8  el_after_av_social_share  el_before_av_comments_list '><span class='hr-inner ' ><span class='hr-inner-style'><\/span><\/span><\/div>\n<div  class='av-buildercomment  av-blog-meta-html-info-disabled av-blog-meta-tag-disabled  '><\/div>\n","protected":false},"excerpt":{"rendered":"","protected":false},"author":1,"featured_media":59349,"comment_status":"closed","ping_status":"closed","sticky":false,"template":"","format":"standard","meta":{"footnotes":""},"categories":[61],"tags":[],"class_list":["post-59348","post","type-post","status-publish","format-standard","has-post-thumbnail","hentry","category-nacional"],"jetpack_featured_media_url":"https:\/\/radiorevelacionfm.cl\/wp-content\/uploads\/2025\/09\/102A5466-1-1.jpg","_links":{"self":[{"href":"https:\/\/radiorevelacionfm.cl\/index.php?rest_route=\/wp\/v2\/posts\/59348","targetHints":{"allow":["GET"]}}],"collection":[{"href":"https:\/\/radiorevelacionfm.cl\/index.php?rest_route=\/wp\/v2\/posts"}],"about":[{"href":"https:\/\/radiorevelacionfm.cl\/index.php?rest_route=\/wp\/v2\/types\/post"}],"author":[{"embeddable":true,"href":"https:\/\/radiorevelacionfm.cl\/index.php?rest_route=\/wp\/v2\/users\/1"}],"replies":[{"embeddable":true,"href":"https:\/\/radiorevelacionfm.cl\/index.php?rest_route=%2Fwp%2Fv2%2Fcomments&post=59348"}],"version-history":[{"count":3,"href":"https:\/\/radiorevelacionfm.cl\/index.php?rest_route=\/wp\/v2\/posts\/59348\/revisions"}],"predecessor-version":[{"id":59373,"href":"https:\/\/radiorevelacionfm.cl\/index.php?rest_route=\/wp\/v2\/posts\/59348\/revisions\/59373"}],"wp:featuredmedia":[{"embeddable":true,"href":"https:\/\/radiorevelacionfm.cl\/index.php?rest_route=\/wp\/v2\/media\/59349"}],"wp:attachment":[{"href":"https:\/\/radiorevelacionfm.cl\/index.php?rest_route=%2Fwp%2Fv2%2Fmedia&parent=59348"}],"wp:term":[{"taxonomy":"category","embeddable":true,"href":"https:\/\/radiorevelacionfm.cl\/index.php?rest_route=%2Fwp%2Fv2%2Fcategories&post=59348"},{"taxonomy":"post_tag","embeddable":true,"href":"https:\/\/radiorevelacionfm.cl\/index.php?rest_route=%2Fwp%2Fv2%2Ftags&post=59348"}],"curies":[{"name":"wp","href":"https:\/\/api.w.org\/{rel}","templated":true}]}}