{"id":59345,"date":"2025-09-17T14:54:38","date_gmt":"2025-09-17T17:54:38","guid":{"rendered":"https:\/\/radiorevelacionfm.cl\/?p=59345"},"modified":"2025-09-17T14:54:38","modified_gmt":"2025-09-17T17:54:38","slug":"tres-emprendedoras-son-reconocidas-en-la-9a-academia-de-mujeres-con-energia-de-edelaysen","status":"publish","type":"post","link":"https:\/\/radiorevelacionfm.cl\/?p=59345","title":{"rendered":"Tres emprendedoras son reconocidas en la 9\u00aa Academia de \u201cMujeres con Energ\u00eda\u201d de Edelaysen"},"content":{"rendered":"<div class=\"flex_column av_one_full  flex_column_div av-zero-column-padding first  avia-builder-el-0  el_before_av_one_full  avia-builder-el-first  \" style='border-radius:0px; '><div  class='avia-image-container  av-styling-    avia-builder-el-1  avia-builder-el-no-sibling  avia-align-center '  itemprop=\"image\" itemscope=\"itemscope\" itemtype=\"https:\/\/schema.org\/ImageObject\"  ><div class='avia-image-container-inner'><div class='avia-image-overlay-wrap'><img decoding=\"async\" class='wp-image-59346 avia-img-lazy-loading-not-59346 avia_image' src=\"https:\/\/radiorevelacionfm.cl\/wp-content\/uploads\/2025\/09\/MCE-Coyhaique0-1-1.jpeg\" alt='' title='MCE Coyhaique0 (1) (1)' height=\"600\" width=\"800\"  itemprop=\"thumbnailUrl\" srcset=\"https:\/\/radiorevelacionfm.cl\/wp-content\/uploads\/2025\/09\/MCE-Coyhaique0-1-1.jpeg 800w, https:\/\/radiorevelacionfm.cl\/wp-content\/uploads\/2025\/09\/MCE-Coyhaique0-1-1-300x225.jpeg 300w, https:\/\/radiorevelacionfm.cl\/wp-content\/uploads\/2025\/09\/MCE-Coyhaique0-1-1-768x576.jpeg 768w, https:\/\/radiorevelacionfm.cl\/wp-content\/uploads\/2025\/09\/MCE-Coyhaique0-1-1-705x529.jpeg 705w, https:\/\/radiorevelacionfm.cl\/wp-content\/uploads\/2025\/09\/MCE-Coyhaique0-1-1-450x338.jpeg 450w, https:\/\/radiorevelacionfm.cl\/wp-content\/uploads\/2025\/09\/MCE-Coyhaique0-1-1-600x450.jpeg 600w\" sizes=\"(max-width: 800px) 100vw, 800px\" \/><\/div><\/div><\/div><\/div><div class=\"flex_column av_one_full  flex_column_div av-zero-column-padding first  avia-builder-el-2  el_after_av_one_full  el_before_av_one_full  column-top-margin\" style='border-radius:0px; '><section class=\"av_textblock_section \"  itemscope=\"itemscope\" itemtype=\"https:\/\/schema.org\/BlogPosting\" itemprop=\"blogPost\" ><div class='avia_textblock  '   itemprop=\"text\" ><p style=\"text-align: center;\"><strong><span style=\"font-size: 18pt;\">Tres emprendedoras son reconocidas en la 9\u00aa Academia de \u201cMujeres con Energ\u00eda\u201d de Edelaysen<\/span><\/strong><\/p>\n<div id=\"gtx-trans\" style=\"position: absolute; left: -50px; top: 4.31534px;\">\n<div class=\"gtx-trans-icon\"><\/div>\n<\/div>\n<\/div><\/section><\/div><div class=\"flex_column av_one_full  flex_column_div av-zero-column-padding first  avia-builder-el-4  el_after_av_one_full  el_before_av_hr  column-top-margin\" style='border-radius:0px; '><section class=\"av_textblock_section \"  itemscope=\"itemscope\" itemtype=\"https:\/\/schema.org\/BlogPosting\" itemprop=\"blogPost\" ><div class='avia_textblock  '   itemprop=\"text\" ><p style=\"text-align: justify;\"><em>La iniciativa del Grupo Saesa impulsa el talento femenino entregando formaci\u00f3n, herramientas y acompa\u00f1amiento para fortalecer sus negocios.<\/em><\/p>\n<p style=\"text-align: justify;\">En Edelaysen se llev\u00f3 a cabo la ceremonia de premiaci\u00f3n de la novena versi\u00f3n de la Academia \u201cMujeres con Energ\u00eda\u201d, programa que impulsa a mujeres emprendedoras del sur del pa\u00eds entreg\u00e1ndoles conocimientos, asesor\u00eda y herramientas pr\u00e1cticas para consolidar sus negocios, tanto en etapa inicial como en funcionamiento.<\/p>\n<p style=\"text-align: justify;\">En esta oportunidad fueron reconocidas dos emprendedoras de Coyhaique y una emprendedora de la comuna de Chait\u00e9n \u2013 donde Edelaysen tiene presencia \u2013 quienes destacaron por la innovaci\u00f3n y proyecci\u00f3n de sus iniciativas. Con esta distinci\u00f3n, la el\u00e9ctrica reafirma su compromiso con la generaci\u00f3n de oportunidades que promuevan la autonom\u00eda econ\u00f3mica de las mujeres y el desarrollo local en la regi\u00f3n de Ays\u00e9n y provincia de Palena.<\/p>\n<p style=\"text-align: justify;\">Al respecto Yasna Vera, ejecutiva de relacionamiento de la empresa destac\u00f3 \u201cEstamos muy felices por la gran convocatoria alcanzada en esta novena academia. \u201cMujeres con Energ\u00eda\u201d se ha consolidado como un espacio de formaci\u00f3n y apoyo que entrega a las participantes herramientas necesarias para fortalecer sus proyectos. Este reconocimiento es un paso importante para las ganadoras, pero tambi\u00e9n una invitaci\u00f3n a que m\u00e1s mujeres se sumen a la d\u00e9cima academia que ya se encuentra abierta y disponible para que m\u00e1s mujeres aprovechen esta oportunidad para impulsar sus ideas\u201d.<\/p>\n<p style=\"text-align: justify;\">Por su parte Nataly Co\u00f1uecar, due\u00f1a de \u201cLa Donita Austral\u201d, un emprendimiento de reposter\u00eda que lidera junto a su hermana en Coyhaique se\u00f1al\u00f3: \u201cLa verdad es que estoy s\u00faper, s\u00faper feliz y agradecida con Edelaysen. Esto va a ser un apoyo s\u00faper bueno para mi y para mi hermana. Creo que esto incentiva mucho a las mujeres, de todas las edades, a tener un emprendimiento y sacar adelante a la persona. Sirve demasiado como para crecer, creer en uno mismo y se agradece de verdad la oportunidad\u201d.<\/p>\n<p style=\"text-align: justify;\">De esta manera, Edelaysen y el Grupo Saesa contin\u00faan reforzando su compromiso con la equidad de g\u00e9nero, impulsando espacios de crecimiento y visibilizaci\u00f3n para mujeres que, con talento y esfuerzo, est\u00e1n aportando a trav\u00e9s de sus emprendimientos al desarrollo de sus comunidades y regi\u00f3n.<\/p>\n<p style=\"text-align: justify;\">As\u00ed mismo, desde la el\u00e9ctrica informaron que se encuentran abiertas las postulaciones para la d\u00e9cima versi\u00f3n de la Academia de \u201cMujeres con Energ\u00eda\u201d. Las interesadas pueden realizar su inscripci\u00f3n a trav\u00e9s del sitio web www.edelaysen.cl.<\/p>\n<\/div><\/section><\/div><div  style='height:50px' class='hr hr-invisible   avia-builder-el-6  el_after_av_one_full  el_before_av_social_share '><span class='hr-inner ' ><span class='hr-inner-style'><\/span><\/span><\/div><\/p>\n<div  class='av-social-sharing-box  avia-builder-el-7  el_after_av_hr  el_before_av_hr  '><div class='av-share-box'><h5 class='av-share-link-description av-no-toc '>Compartir esta noticia<\/h5><ul class='av-share-box-list noLightbox'><li class='av-share-link av-social-link-facebook' ><a target=\"_blank\" aria-label=\"Compartir en Facebook\" href='https:\/\/www.facebook.com\/sharer.php?u=https:\/\/radiorevelacionfm.cl\/?p=59345&#038;t=Tres%20emprendedoras%20son%20reconocidas%20en%20la%209%C2%AA%20Academia%20de%20%E2%80%9CMujeres%20con%20Energ%C3%ADa%E2%80%9D%20de%20Edelaysen' aria-hidden='false' data-av_icon='\ue8f3' data-av_iconfont='entypo-fontello' title='' data-avia-related-tooltip='Compartir en Facebook' rel=\"noopener\"><span class='avia_hidden_link_text'>Compartir en Facebook<\/span><\/a><\/li><li class='av-share-link av-social-link-twitter' ><a target=\"_blank\" aria-label=\"Compartir en Twitter\" href='https:\/\/twitter.com\/share?text=Tres%20emprendedoras%20son%20reconocidas%20en%20la%209%C2%AA%20Academia%20de%20%E2%80%9CMujeres%20con%20Energ%C3%ADa%E2%80%9D%20de%20Edelaysen&#038;url=https:\/\/radiorevelacionfm.cl\/?p=59345' aria-hidden='false' data-av_icon='\ue8f1' data-av_iconfont='entypo-fontello' title='' data-avia-related-tooltip='Compartir en Twitter' rel=\"noopener\"><span class='avia_hidden_link_text'>Compartir en Twitter<\/span><\/a><\/li><li class='av-share-link av-social-link-whatsapp' ><a target=\"_blank\" aria-label=\"Compartir en Whatsapp\" href='https:\/\/api.whatsapp.com\/send?text=https:\/\/radiorevelacionfm.cl\/?p=59345' aria-hidden='false' data-av_icon='\uf232' data-av_iconfont='entypo-fontello' title='' data-avia-related-tooltip='Compartir en Whatsapp' rel=\"noopener\"><span class='avia_hidden_link_text'>Compartir en Whatsapp<\/span><\/a><\/li><li class='av-share-link av-social-link-linkedin' ><a target=\"_blank\" aria-label=\"Compartir en LinkedIn\" href='https:\/\/linkedin.com\/shareArticle?mini=true&#038;title=Tres%20emprendedoras%20son%20reconocidas%20en%20la%209%C2%AA%20Academia%20de%20%E2%80%9CMujeres%20con%20Energ%C3%ADa%E2%80%9D%20de%20Edelaysen&#038;url=https:\/\/radiorevelacionfm.cl\/?p=59345' aria-hidden='false' data-av_icon='\ue8fc' data-av_iconfont='entypo-fontello' title='' data-avia-related-tooltip='Compartir en LinkedIn' rel=\"noopener\"><span class='avia_hidden_link_text'>Compartir en LinkedIn<\/span><\/a><\/li><li class='av-share-link av-social-link-mail' ><a  aria-label=\"Compartir por correo\" href='mailto:?subject=Tres%20emprendedoras%20son%20reconocidas%20en%20la%209%C2%AA%20Academia%20de%20%E2%80%9CMujeres%20con%20Energ%C3%ADa%E2%80%9D%20de%20Edelaysen&#038;body=https:\/\/radiorevelacionfm.cl\/?p=59345' aria-hidden='false' data-av_icon='\ue805' data-av_iconfont='entypo-fontello' title='' data-avia-related-tooltip='Compartir por correo'><span class='avia_hidden_link_text'>Compartir por correo<\/span><\/a><\/li><\/ul><\/div><\/div>\n<div  style='height:50px' class='hr hr-invisible   avia-builder-el-8  el_after_av_social_share  el_before_av_comments_list '><span class='hr-inner ' ><span class='hr-inner-style'><\/span><\/span><\/div>\n<div  class='av-buildercomment  av-blog-meta-html-info-disabled av-blog-meta-tag-disabled  '><\/div>\n","protected":false},"excerpt":{"rendered":"","protected":false},"author":1,"featured_media":59346,"comment_status":"closed","ping_status":"closed","sticky":false,"template":"","format":"standard","meta":{"footnotes":""},"categories":[38],"tags":[],"class_list":["post-59345","post","type-post","status-publish","format-standard","has-post-thumbnail","hentry","category-regional"],"jetpack_featured_media_url":"https:\/\/radiorevelacionfm.cl\/wp-content\/uploads\/2025\/09\/MCE-Coyhaique0-1-1.jpeg","_links":{"self":[{"href":"https:\/\/radiorevelacionfm.cl\/index.php?rest_route=\/wp\/v2\/posts\/59345","targetHints":{"allow":["GET"]}}],"collection":[{"href":"https:\/\/radiorevelacionfm.cl\/index.php?rest_route=\/wp\/v2\/posts"}],"about":[{"href":"https:\/\/radiorevelacionfm.cl\/index.php?rest_route=\/wp\/v2\/types\/post"}],"author":[{"embeddable":true,"href":"https:\/\/radiorevelacionfm.cl\/index.php?rest_route=\/wp\/v2\/users\/1"}],"replies":[{"embeddable":true,"href":"https:\/\/radiorevelacionfm.cl\/index.php?rest_route=%2Fwp%2Fv2%2Fcomments&post=59345"}],"version-history":[{"count":2,"href":"https:\/\/radiorevelacionfm.cl\/index.php?rest_route=\/wp\/v2\/posts\/59345\/revisions"}],"predecessor-version":[{"id":59351,"href":"https:\/\/radiorevelacionfm.cl\/index.php?rest_route=\/wp\/v2\/posts\/59345\/revisions\/59351"}],"wp:featuredmedia":[{"embeddable":true,"href":"https:\/\/radiorevelacionfm.cl\/index.php?rest_route=\/wp\/v2\/media\/59346"}],"wp:attachment":[{"href":"https:\/\/radiorevelacionfm.cl\/index.php?rest_route=%2Fwp%2Fv2%2Fmedia&parent=59345"}],"wp:term":[{"taxonomy":"category","embeddable":true,"href":"https:\/\/radiorevelacionfm.cl\/index.php?rest_route=%2Fwp%2Fv2%2Fcategories&post=59345"},{"taxonomy":"post_tag","embeddable":true,"href":"https:\/\/radiorevelacionfm.cl\/index.php?rest_route=%2Fwp%2Fv2%2Ftags&post=59345"}],"curies":[{"name":"wp","href":"https:\/\/api.w.org\/{rel}","templated":true}]}}