{"id":59342,"date":"2025-09-17T15:38:43","date_gmt":"2025-09-17T18:38:43","guid":{"rendered":"https:\/\/radiorevelacionfm.cl\/?p=59342"},"modified":"2025-09-17T15:38:43","modified_gmt":"2025-09-17T18:38:43","slug":"seremi-de-educacion-invita-a-celebrar-fiestas-patrias-con-alegria-seguridad-y-poniendo-al-centro-el-bienestar-de-ninas-ninos-y-adolescentes","status":"publish","type":"post","link":"https:\/\/radiorevelacionfm.cl\/?p=59342","title":{"rendered":"Seremi de Educaci\u00f3n invita a celebrar Fiestas Patrias con alegr\u00eda, seguridad y poniendo al centro el bienestar de ni\u00f1as, ni\u00f1os y adolescentes"},"content":{"rendered":"<div class=\"flex_column av_one_full  flex_column_div av-zero-column-padding first  avia-builder-el-0  el_before_av_one_full  avia-builder-el-first  \" style='border-radius:0px; '><div  class='avia-image-container  av-styling-    avia-builder-el-1  avia-builder-el-no-sibling  avia-align-center '  itemprop=\"image\" itemscope=\"itemscope\" itemtype=\"https:\/\/schema.org\/ImageObject\"  ><div class='avia-image-container-inner'><div class='avia-image-overlay-wrap'><img decoding=\"async\" class='wp-image-59343 avia-img-lazy-loading-not-59343 avia_image' src=\"https:\/\/radiorevelacionfm.cl\/wp-content\/uploads\/2025\/09\/foto1-10-1-1.jpeg\" alt='' title='foto1 (10) (1) (1)' height=\"600\" width=\"900\"  itemprop=\"thumbnailUrl\" srcset=\"https:\/\/radiorevelacionfm.cl\/wp-content\/uploads\/2025\/09\/foto1-10-1-1.jpeg 900w, https:\/\/radiorevelacionfm.cl\/wp-content\/uploads\/2025\/09\/foto1-10-1-1-300x200.jpeg 300w, https:\/\/radiorevelacionfm.cl\/wp-content\/uploads\/2025\/09\/foto1-10-1-1-768x512.jpeg 768w, https:\/\/radiorevelacionfm.cl\/wp-content\/uploads\/2025\/09\/foto1-10-1-1-705x470.jpeg 705w, https:\/\/radiorevelacionfm.cl\/wp-content\/uploads\/2025\/09\/foto1-10-1-1-450x300.jpeg 450w, https:\/\/radiorevelacionfm.cl\/wp-content\/uploads\/2025\/09\/foto1-10-1-1-600x400.jpeg 600w\" sizes=\"(max-width: 900px) 100vw, 900px\" \/><\/div><\/div><\/div><\/div><div class=\"flex_column av_one_full  flex_column_div av-zero-column-padding first  avia-builder-el-2  el_after_av_one_full  el_before_av_one_full  column-top-margin\" style='border-radius:0px; '><section class=\"av_textblock_section \"  itemscope=\"itemscope\" itemtype=\"https:\/\/schema.org\/BlogPosting\" itemprop=\"blogPost\" ><div class='avia_textblock  '   itemprop=\"text\" ><p style=\"text-align: center;\"><strong><span style=\"font-size: 18pt;\">Seremi de Educaci\u00f3n invita a celebrar Fiestas Patrias con alegr\u00eda, seguridad y poniendo al centro el bienestar de ni\u00f1as, ni\u00f1os y adolescentes<\/span><\/strong><\/p>\n<div id=\"gtx-trans\" style=\"position: absolute; left: -50px; top: 4.31534px;\">\n<div class=\"gtx-trans-icon\"><\/div>\n<\/div>\n<\/div><\/section><\/div><div class=\"flex_column av_one_full  flex_column_div av-zero-column-padding first  avia-builder-el-4  el_after_av_one_full  el_before_av_hr  column-top-margin\" style='border-radius:0px; '><section class=\"av_textblock_section \"  itemscope=\"itemscope\" itemtype=\"https:\/\/schema.org\/BlogPosting\" itemprop=\"blogPost\" ><div class='avia_textblock  '   itemprop=\"text\" ><p style=\"text-align: justify;\">En el marco de las celebraciones de Fiestas Patrias, la Seremi de Educaci\u00f3n de Ays\u00e9n, Katherine Miqueles Hern\u00e1ndez, hizo un llamado a que las celebraciones en espacios p\u00fablicos se desarrollen considerando siempre la participaci\u00f3n y el bienestar integral de guaguas, ni\u00f1os, ni\u00f1as y adolescentes.<\/p>\n<p style=\"text-align: justify;\">\u201cDesde el Ministerio trabajamos d\u00eda a d\u00eda para resguardar y promover el desarrollo integral de la ni\u00f1ez, entendiendo que su crecimiento no se limita solo a lo educativo. Tambi\u00e9n implica atender sus emociones, respetar su individualidad y proteger su integridad\u201d, se\u00f1al\u00f3 la autoridad.<\/p>\n<p style=\"text-align: justify;\">En ese sentido, la Seremi destac\u00f3 la importancia de gestos simples pero significativos durante estas fechas: respetar los horarios de descanso, disponer de espacios tranquilos para recuperarse despu\u00e9s de un d\u00eda de juegos, evitar la sobreestimulaci\u00f3n y asegurar que la alegr\u00eda de las celebraciones no altere innecesariamente la estabilidad emocional de ni\u00f1as y ni\u00f1os.<\/p>\n<p style=\"text-align: justify;\">Asimismo, recalc\u00f3 que las actividades deben realizarse en ambientes seguros y bajo la supervisi\u00f3n de adultos responsables y recordando que en fondas y ramadas suele haber gran concurrencia de personas. \u201cEs fundamental no perder de vista a los m\u00e1s peque\u00f1os y priorizar panoramas familiares que resguarden su seguridad\u201d, subray\u00f3.<\/p>\n<p style=\"text-align: justify;\">La Seremi tambi\u00e9n valor\u00f3 el aporte de las comunidades educativas, que han participado activamente en celebraciones y desfiles conmemorativos del nuevo aniversario patrio. \u201cFelicitamos la preparaci\u00f3n y compromiso de cada comunidad escolar, que con su dedicaci\u00f3n contribuyen a fortalecer la identidad, la historia y el trabajo colectivo en estos espacios de encuentro\u201d, agreg\u00f3.<\/p>\n<p style=\"text-align: justify;\">Por otra parte, hizo hincapi\u00e9 en la necesidad de promover h\u00e1bitos de vida saludable durante las celebraciones dieciocheras. Entre las recomendaciones, mencion\u00f3 ofrecer preparaciones balanceadas y libres de sellos, privilegiar, agua y porciones moderadas.<\/p>\n<p style=\"text-align: justify;\">Finalmente, la autoridad llam\u00f3 a vivir estas Fiestas Patrias con responsabilidad y alegr\u00eda, privilegiando instancias de encuentro que fortalezcan los lazos familiares y transmitan valores de respeto, solidaridad e identidad.<\/p>\n<p style=\"text-align: justify;\">Las comunidades educativas retomar\u00e1n sus actividades con normalidad el lunes 22 de septiembre.<\/p>\n<\/div><\/section><\/div><div  style='height:50px' class='hr hr-invisible   avia-builder-el-6  el_after_av_one_full  el_before_av_social_share '><span class='hr-inner ' ><span class='hr-inner-style'><\/span><\/span><\/div><\/p>\n<div  class='av-social-sharing-box  avia-builder-el-7  el_after_av_hr  el_before_av_hr  '><div class='av-share-box'><h5 class='av-share-link-description av-no-toc '>Compartir esta noticia<\/h5><ul class='av-share-box-list noLightbox'><li class='av-share-link av-social-link-facebook' ><a target=\"_blank\" aria-label=\"Compartir en Facebook\" href='https:\/\/www.facebook.com\/sharer.php?u=https:\/\/radiorevelacionfm.cl\/?p=59342&#038;t=Seremi%20de%20Educaci%C3%B3n%20invita%20a%20celebrar%20Fiestas%20Patrias%20con%20alegr%C3%ADa%2C%20seguridad%20y%20poniendo%20al%20centro%20el%20bienestar%20de%20ni%C3%B1as%2C%20ni%C3%B1os%20y%20adolescentes' aria-hidden='false' data-av_icon='\ue8f3' data-av_iconfont='entypo-fontello' title='' data-avia-related-tooltip='Compartir en Facebook' rel=\"noopener\"><span class='avia_hidden_link_text'>Compartir en Facebook<\/span><\/a><\/li><li class='av-share-link av-social-link-twitter' ><a target=\"_blank\" aria-label=\"Compartir en Twitter\" href='https:\/\/twitter.com\/share?text=Seremi%20de%20Educaci%C3%B3n%20invita%20a%20celebrar%20Fiestas%20Patrias%20con%20alegr%C3%ADa%2C%20seguridad%20y%20poniendo%20al%20centro%20el%20bienestar%20de%20ni%C3%B1as%2C%20ni%C3%B1os%20y%20adolescentes&#038;url=https:\/\/radiorevelacionfm.cl\/?p=59342' aria-hidden='false' data-av_icon='\ue8f1' data-av_iconfont='entypo-fontello' title='' data-avia-related-tooltip='Compartir en Twitter' rel=\"noopener\"><span class='avia_hidden_link_text'>Compartir en Twitter<\/span><\/a><\/li><li class='av-share-link av-social-link-whatsapp' ><a target=\"_blank\" aria-label=\"Compartir en Whatsapp\" href='https:\/\/api.whatsapp.com\/send?text=https:\/\/radiorevelacionfm.cl\/?p=59342' aria-hidden='false' data-av_icon='\uf232' data-av_iconfont='entypo-fontello' title='' data-avia-related-tooltip='Compartir en Whatsapp' rel=\"noopener\"><span class='avia_hidden_link_text'>Compartir en Whatsapp<\/span><\/a><\/li><li class='av-share-link av-social-link-linkedin' ><a target=\"_blank\" aria-label=\"Compartir en LinkedIn\" href='https:\/\/linkedin.com\/shareArticle?mini=true&#038;title=Seremi%20de%20Educaci%C3%B3n%20invita%20a%20celebrar%20Fiestas%20Patrias%20con%20alegr%C3%ADa%2C%20seguridad%20y%20poniendo%20al%20centro%20el%20bienestar%20de%20ni%C3%B1as%2C%20ni%C3%B1os%20y%20adolescentes&#038;url=https:\/\/radiorevelacionfm.cl\/?p=59342' aria-hidden='false' data-av_icon='\ue8fc' data-av_iconfont='entypo-fontello' title='' data-avia-related-tooltip='Compartir en LinkedIn' rel=\"noopener\"><span class='avia_hidden_link_text'>Compartir en LinkedIn<\/span><\/a><\/li><li class='av-share-link av-social-link-mail' ><a  aria-label=\"Compartir por correo\" href='mailto:?subject=Seremi%20de%20Educaci%C3%B3n%20invita%20a%20celebrar%20Fiestas%20Patrias%20con%20alegr%C3%ADa%2C%20seguridad%20y%20poniendo%20al%20centro%20el%20bienestar%20de%20ni%C3%B1as%2C%20ni%C3%B1os%20y%20adolescentes&#038;body=https:\/\/radiorevelacionfm.cl\/?p=59342' aria-hidden='false' data-av_icon='\ue805' data-av_iconfont='entypo-fontello' title='' data-avia-related-tooltip='Compartir por correo'><span class='avia_hidden_link_text'>Compartir por correo<\/span><\/a><\/li><\/ul><\/div><\/div>\n<div  style='height:50px' class='hr hr-invisible   avia-builder-el-8  el_after_av_social_share  el_before_av_comments_list '><span class='hr-inner ' ><span class='hr-inner-style'><\/span><\/span><\/div>\n<div  class='av-buildercomment  av-blog-meta-html-info-disabled av-blog-meta-tag-disabled  '><\/div>\n","protected":false},"excerpt":{"rendered":"","protected":false},"author":1,"featured_media":59343,"comment_status":"closed","ping_status":"closed","sticky":false,"template":"","format":"standard","meta":{"footnotes":""},"categories":[49],"tags":[],"class_list":["post-59342","post","type-post","status-publish","format-standard","has-post-thumbnail","hentry","category-educacion"],"jetpack_featured_media_url":"https:\/\/radiorevelacionfm.cl\/wp-content\/uploads\/2025\/09\/foto1-10-1-1.jpeg","_links":{"self":[{"href":"https:\/\/radiorevelacionfm.cl\/index.php?rest_route=\/wp\/v2\/posts\/59342","targetHints":{"allow":["GET"]}}],"collection":[{"href":"https:\/\/radiorevelacionfm.cl\/index.php?rest_route=\/wp\/v2\/posts"}],"about":[{"href":"https:\/\/radiorevelacionfm.cl\/index.php?rest_route=\/wp\/v2\/types\/post"}],"author":[{"embeddable":true,"href":"https:\/\/radiorevelacionfm.cl\/index.php?rest_route=\/wp\/v2\/users\/1"}],"replies":[{"embeddable":true,"href":"https:\/\/radiorevelacionfm.cl\/index.php?rest_route=%2Fwp%2Fv2%2Fcomments&post=59342"}],"version-history":[{"count":2,"href":"https:\/\/radiorevelacionfm.cl\/index.php?rest_route=\/wp\/v2\/posts\/59342\/revisions"}],"predecessor-version":[{"id":59352,"href":"https:\/\/radiorevelacionfm.cl\/index.php?rest_route=\/wp\/v2\/posts\/59342\/revisions\/59352"}],"wp:featuredmedia":[{"embeddable":true,"href":"https:\/\/radiorevelacionfm.cl\/index.php?rest_route=\/wp\/v2\/media\/59343"}],"wp:attachment":[{"href":"https:\/\/radiorevelacionfm.cl\/index.php?rest_route=%2Fwp%2Fv2%2Fmedia&parent=59342"}],"wp:term":[{"taxonomy":"category","embeddable":true,"href":"https:\/\/radiorevelacionfm.cl\/index.php?rest_route=%2Fwp%2Fv2%2Fcategories&post=59342"},{"taxonomy":"post_tag","embeddable":true,"href":"https:\/\/radiorevelacionfm.cl\/index.php?rest_route=%2Fwp%2Fv2%2Ftags&post=59342"}],"curies":[{"name":"wp","href":"https:\/\/api.w.org\/{rel}","templated":true}]}}