{"id":59332,"date":"2025-09-17T10:27:39","date_gmt":"2025-09-17T13:27:39","guid":{"rendered":"https:\/\/radiorevelacionfm.cl\/?p=59332"},"modified":"2025-09-17T10:27:39","modified_gmt":"2025-09-17T13:27:39","slug":"el-huaso-chileno-origen-e-identidad","status":"publish","type":"post","link":"https:\/\/radiorevelacionfm.cl\/?p=59332","title":{"rendered":"El Huaso Chileno: Origen e Identidad"},"content":{"rendered":"<div class=\"flex_column av_one_full  flex_column_div av-zero-column-padding first  avia-builder-el-0  el_before_av_one_full  avia-builder-el-first  \" style='border-radius:0px; '><div  class='avia-image-container  av-styling-    avia-builder-el-1  avia-builder-el-no-sibling  avia-align-center '  itemprop=\"image\" itemscope=\"itemscope\" itemtype=\"https:\/\/schema.org\/ImageObject\"  ><div class='avia-image-container-inner'><div class='avia-image-overlay-wrap'><img decoding=\"async\" class='wp-image-59333 avia-img-lazy-loading-not-59333 avia_image' src=\"https:\/\/radiorevelacionfm.cl\/wp-content\/uploads\/2025\/09\/image150406-1-1.jpeg\" alt='' title='image1[50406] (1) (1)' height=\"600\" width=\"952\"  itemprop=\"thumbnailUrl\" srcset=\"https:\/\/radiorevelacionfm.cl\/wp-content\/uploads\/2025\/09\/image150406-1-1.jpeg 952w, https:\/\/radiorevelacionfm.cl\/wp-content\/uploads\/2025\/09\/image150406-1-1-300x189.jpeg 300w, https:\/\/radiorevelacionfm.cl\/wp-content\/uploads\/2025\/09\/image150406-1-1-768x484.jpeg 768w, https:\/\/radiorevelacionfm.cl\/wp-content\/uploads\/2025\/09\/image150406-1-1-705x444.jpeg 705w, https:\/\/radiorevelacionfm.cl\/wp-content\/uploads\/2025\/09\/image150406-1-1-450x284.jpeg 450w, https:\/\/radiorevelacionfm.cl\/wp-content\/uploads\/2025\/09\/image150406-1-1-600x378.jpeg 600w\" sizes=\"(max-width: 952px) 100vw, 952px\" \/><\/div><\/div><\/div><\/div><div class=\"flex_column av_one_full  flex_column_div av-zero-column-padding first  avia-builder-el-2  el_after_av_one_full  el_before_av_one_full  column-top-margin\" style='border-radius:0px; '><section class=\"av_textblock_section \"  itemscope=\"itemscope\" itemtype=\"https:\/\/schema.org\/BlogPosting\" itemprop=\"blogPost\" ><div class='avia_textblock  '   itemprop=\"text\" ><p style=\"text-align: center;\"><span style=\"font-size: 18pt;\"><strong>El Huaso Chileno: Origen e Identidad<\/strong><\/span><\/p>\n<div id=\"gtx-trans\" style=\"position: absolute; left: -50px; top: 4.31534px;\">\n<div class=\"gtx-trans-icon\"><\/div>\n<\/div>\n<\/div><\/section><\/div><div class=\"flex_column av_one_full  flex_column_div av-zero-column-padding first  avia-builder-el-4  el_after_av_one_full  el_before_av_hr  column-top-margin\" style='border-radius:0px; '><section class=\"av_textblock_section \"  itemscope=\"itemscope\" itemtype=\"https:\/\/schema.org\/BlogPosting\" itemprop=\"blogPost\" ><div class='avia_textblock  '   itemprop=\"text\" ><p style=\"text-align: justify;\">Hablar del huaso chileno es hablar de una de las figuras m\u00e1s representativas de nuestra identidad nacional. El huaso no es solo un jinete h\u00e1bil ni un personaje folcl\u00f3rico: es el s\u00edmbolo del hombre de campo, laborioso, valiente y profundamente arraigado a la tierra y a las tradiciones rurales de Chile.<\/p>\n<p style=\"text-align: justify;\">Su origen se remonta al mestizaje colonial, donde el criollo forj\u00f3 una cultura propia, basada en el trabajo agr\u00edcola-ganadero, el dominio del caballo y el conocimiento del campo. Con el tiempo, esta figura adquiri\u00f3 caracter\u00edsticas \u00fanicas que lo distinguieron como un \u00edcono cultural del pa\u00eds.<\/p>\n<p style=\"text-align: justify;\">El rodeo chileno, nuestro deporte nacional y m\u00e1xima expresi\u00f3n del quehacer del huaso, recoge y preserva ese legado, representando en cada corrida no solo una competencia, sino una tradici\u00f3n cargada de historia y orgullo.<\/p>\n<p style=\"text-align: justify;\">En este contexto nace el rodeo en la Regi\u00f3n de Ays\u00e9n, como una manifestaci\u00f3n m\u00e1s de esta identidad profunda, forjada en la adversidad, el esfuerzo y el respeto por nuestras ra\u00edces.<\/p>\n<p style=\"text-align: justify;\"><strong>Or\u00ed<\/strong><strong>genes del Rodeo en Ays<\/strong><strong>\u00e9n<\/strong><\/p>\n<p style=\"text-align: justify;\">El rodeo en la Regi\u00f3n de Ays\u00e9n se inici\u00f3 en la d\u00e9cada de 1950 con la participaci\u00f3n de unos pocos huasos, quienes poco a poco fueron incrementando y conformando clubes en distintas zonas de la entonces provincia de Ays\u00e9n. En aquellos tiempos se corr\u00eda principalmente en caballos mestizos y muy raramente hab\u00eda alguno inscrito. Paralelamente, comenzaron a construirse medialunas en diversas localidades.<\/p>\n<p style=\"text-align: justify;\">El 12 de octubre de 1954, en dependencias del Hotel Chible, se realiza la reuni\u00f3n del conformaci\u00f3n del primer club de huasos de la regi\u00f3n donde un connotado grupo de chilenos se organizo y mediante una elecci\u00f3n democr\u00e1tica se nombro la siguiente directiva, primera del Club Coyhaique:<\/p>\n<p style=\"text-align: justify;\">\u00a0\u00a0\u00a0\u00a0\u00a0\u00a0\u00a0\u00a0\u00a0\u00a0\u00a0 Presidente: Jos\u00e9 del Transito Vidal C\u00e1rdenas<\/p>\n<p style=\"text-align: justify;\">\u00a0\u00a0\u00a0\u00a0\u00a0\u00a0\u00a0\u00a0\u00a0\u00a0\u00a0 Vicepresidente: Evaristo Bustamante<\/p>\n<p style=\"text-align: justify;\">\u00a0\u00a0\u00a0\u00a0\u00a0\u00a0\u00a0\u00a0\u00a0\u00a0\u00a0 Secretario :\u00a0\u00a0\u00a0\u00a0 Jorge Mu\u00f1oz<\/p>\n<p style=\"text-align: justify;\">\u00a0\u00a0\u00a0\u00a0\u00a0\u00a0\u00a0\u00a0\u00a0\u00a0\u00a0 Tesorero:\u00a0\u00a0\u00a0\u00a0\u00a0\u00a0\u00a0 Pedro Quintana Mansilla<\/p>\n<p style=\"text-align: justify;\">\u00a0\u00a0\u00a0\u00a0\u00a0\u00a0\u00a0\u00a0\u00a0\u00a0\u00a0 Pro tesorero:\u00a0 Eduardo Hern\u00e1ez Rodr\u00edguez<\/p>\n<p style=\"text-align: justify;\">En la reuni\u00f3n se cont\u00f3 con los siguientes delegados de las distintas sectores de la comuna, testigos del evento<\/p>\n<p style=\"text-align: justify;\">\u00a0\u00a0\u00a0\u00a0\u00a0\u00a0\u00a0\u00a0\u00a0\u00a0\u00a0 Miguel Bravo de Coyhaique<\/p>\n<p style=\"text-align: justify;\">\u00a0\u00a0\u00a0\u00a0\u00a0\u00a0\u00a0\u00a0\u00a0\u00a0\u00a0 Ismael Cid de Rio Claro<\/p>\n<p style=\"text-align: justify;\">Juan Seg\u00fando Foitzick de Valle Simpson<\/p>\n<p style=\"text-align: justify;\">\u00a0\u00a0\u00a0\u00a0\u00a0\u00a0\u00a0\u00a0\u00a0\u00a0\u00a0 Silvano Ortega de Mano Negra<\/p>\n<p style=\"text-align: justify;\">\u00a0\u00a0\u00a0\u00a0\u00a0\u00a0\u00a0\u00a0\u00a0\u00a0\u00a0 Francisco Sol\u00eds de Emperador Guillermo<\/p>\n<p style=\"text-align: justify;\">\u00a0\u00a0\u00a0\u00a0\u00a0\u00a0\u00a0\u00a0\u00a0\u00a0\u00a0 Oscar Mathews de Coyhaique Alto<\/p>\n<p style=\"text-align: justify;\">\u00a0\u00a0\u00a0\u00a0\u00a0\u00a0\u00a0\u00a0\u00a0\u00a0\u00a0 German Aro de Cerro Galera<\/p>\n<p style=\"text-align: justify;\">\u00a0\u00a0\u00a0\u00a0\u00a0\u00a0\u00a0\u00a0\u00a0\u00a0\u00a0 Octavio Melo de la Bandurrias<\/p>\n<p style=\"text-align: justify;\">\u00a0\u00a0\u00a0\u00a0\u00a0\u00a0\u00a0\u00a0\u00a0\u00a0\u00a0 Ram\u00f3n Fern\u00e1ndez de Balmaceda<\/p>\n<p style=\"text-align: justify;\">Pasaron mas 20 a\u00f1os para que pudi\u00e9ramos Federarnos, lo que se logr\u00f3 a trav\u00e9s de la Asociaci\u00f3n de Rodeo de Osorno, gracias al apoyo de los amigos Arturo Stolzenbach Hott y Alberto Schwalm Bielefeld, quienes nos acogieron por medio del Club Coyhaique. As\u00ed aparecimos por primera vez en el anuario de 1970 como un club m\u00e1s de la Asociaci\u00f3n Osorno, representados por don Archivaldo Peede Thomas, con direcci\u00f3n en la Casilla 443 de Coyhaique. Cabe se\u00f1alar que este anuario era, en esos tiempos, compartido entre la Asociaci\u00f3n de Criadores de Caballares y la Federaci\u00f3n del Rodeo Chileno.<\/p>\n<p style=\"text-align: justify;\"><strong>Fundaci\u00f3<\/strong><strong>n del Consejo Provincial del Rodeo<\/strong><\/p>\n<p style=\"text-align: justify;\">En la d\u00e9cada del 70 llega a la regi\u00f3n Mario Mundaca Pe\u00f1a, como director de la escuela de Puerto Ingeniero Ib\u00e1\u00f1ez. Proven\u00eda de la ciudad de La Uni\u00f3n, donde fue presidente del club de rodeo local y miembro del directorio de la Asociaci\u00f3n Valdivia, acumulando una valiosa experiencia dirigencial. Pronto se inscribi\u00f3 como socio del Club Coyhaique y, r\u00e1pidamente, fue elegido su presidente.<\/p>\n<p style=\"text-align: justify;\">Ya exist\u00eda entre los huasos Ayseninos la inquietud de manejarse de forma independiente como provincia ante la Federaci\u00f3n de Rodeo, debido a que el aislamiento y la dif\u00edcil conexi\u00f3n con Osorno en esa \u00e9poca catalizaron un proceso irreversible. Junto con esto, comenzaron a surgir nuevas exigencias reglamentarias, como la de correr en caballos inscritos, lo que era una dificultad en esa \u00e9poca por su escasez en la zona.<\/p>\n<p style=\"text-align: justify;\">Fue as\u00ed como se acord\u00f3 constituir el Consejo Provincial del Rodeo, en un acto realizado en Puerto Ays\u00e9n, en los salones del Hotel Central. El presidente del club anfitri\u00f3n era don Guido Pereda B\u00f3rquez. A esta reuni\u00f3n asistieron los presidentes de los clubes existentes hasta esa fecha, junto a los se\u00f1ores Fernando Err\u00e1zuriz Matte y Alberto Krumm Valencia, en representaci\u00f3n de la Federaci\u00f3n del Rodeo Chileno.<\/p>\n<p style=\"text-align: justify;\">La directiva del Consejo Provincial de Rodeo de Ays\u00e9n qued\u00f3 conformada de la siguiente manera:<\/p>\n<p style=\"text-align: justify;\">Presidente: Mario Mundaca Pe\u00f1a (Club de Rodeo de Coyhaique)<\/p>\n<p style=\"text-align: justify;\">Vicepresidente: Guido Pereda B\u00f3rquez (Club de Rodeo de Puerto Ays\u00e9n)<\/p>\n<p style=\"text-align: justify;\">Secretario: Luis Pozo Barraza (Club de Rodeo de Coyhaique)<\/p>\n<p style=\"text-align: justify;\">Tesorero: Fulberto Escobar (Club de Rodeo de Coyhaique)<\/p>\n<p style=\"text-align: justify;\">Directores:<\/p>\n<p style=\"text-align: justify;\">\u00a0 * Julio Donoso Donoso (Secretario del Club de Puerto Ays\u00e9n)<\/p>\n<p style=\"text-align: justify;\">\u00a0 * Gustavo Fuentes Moscoso (Club de Rodeo de Ma\u00f1ihuales)<\/p>\n<p style=\"text-align: justify;\">\u00a0 * Florindo Sandoval Rivas (Presidente del Club de Rodeo El Blanco)<\/p>\n<p style=\"text-align: justify;\"><strong>Primer Rodeo Oficial en Ays<\/strong><strong>\u00e9n<\/strong><\/p>\n<p style=\"text-align: justify;\">Durante este proceso se realiza el primer rodeo oficial de la provincia de Ays\u00e9n, en la ciudad de Coyhaique, en la medialuna de Ogana. El presidente del Club Coyhaique, don Archivaldo Peede Thomas, junto a los delegados Fernando Err\u00e1zuriz Matte, Gustavo Lettelier y Carlos Lira, fueron las autoridades del evento. El jurado de la ocasi\u00f3n fue don Alberto Krumm<\/p>\n<p style=\"text-align: justify;\">Los ganadores del primer rodeo oficial fueron los hermanos Lacoste, montando a Rel\u00e1mpago y Tropero. El segundo lugar fue para los se\u00f1ores Fern\u00e1ndez y V\u00e1squez en Bellaco y Chiflido, y el tercer lugar lo obtuvieron los hermanos Juan y Ernesto Orellana, en las yeguas Bruja y Trasnochada.<\/p>\n<p style=\"text-align: justify;\"><strong>Fundaci\u00f3<\/strong><strong>n de la Asociaci\u00f3<\/strong><strong>n de Rodeo de Ays<\/strong><strong>\u00e9n<\/strong><\/p>\n<p style=\"text-align: justify;\">El Consejo Provincial trabaj\u00f3 intensamente para cumplir sus objetivos. As\u00ed fue como, en agosto de 1972, una veintena de huasos de Osorno, por invitaci\u00f3n del gran criador y dirigente don Alberto Schwalm Bielefeld, y con la presencia del eterno colaborador del rodeo de Ays\u00e9n, don Arturo Stolzenbach Hott, participaron en un evento denominado Encuentro Huaso. En esa ocasi\u00f3n, la Federaci\u00f3n del Rodeo Chileno autoriz\u00f3 oficialmente la creaci\u00f3n de la Asociaci\u00f3n de Rodeo de Ays\u00e9n. Cabe destacar que, en esa fecha, Ays\u00e9n a\u00fan no era una regi\u00f3n constituida oficialmente.<\/p>\n<p style=\"text-align: justify;\">El d\u00eda 26 de agosto de 1972, se funda la Asociaci\u00f3n de Rodeo de Ays\u00e9n. Su primer directorio fue:<\/p>\n<p style=\"text-align: justify;\">Presidente: Mario Mundaca Pe\u00f1a (Club de Rodeo de Coyhaique)<\/p>\n<p style=\"text-align: justify;\">Vicepresidente: Juan Guzm\u00e1n Ulloa (Club de Rodeo Ma\u00f1ihuales)<\/p>\n<p style=\"text-align: justify;\">Secretario: Luis Pozo Barraza (Club de Rodeo de Coyhaique)<\/p>\n<p style=\"text-align: justify;\">Tesorero: Antonio Castilla Vera (Club de Rodeo de Valle Simpson)<\/p>\n<p style=\"text-align: justify;\">Directores:<\/p>\n<p style=\"text-align: justify;\">\u00a0 * Julio Donoso Donoso (Club de Rodeo de Puerto Ays\u00e9n)<\/p>\n<p style=\"text-align: justify;\">\u00a0 * Domingo Larra\u00edn Gana (Club de Rodeo de Coyhaique)<\/p>\n<p style=\"text-align: justify;\">\u00a0 * Florindo Sandoval Rivas (Club de Rodeo El Blanco)<\/p>\n<p style=\"text-align: justify;\">Comisi\u00f3n de Disciplina: Jorge Montesinos Soto<\/p>\n<p style=\"text-align: justify;\">Comisi\u00f3n T\u00e9cnica: Carlos Lira Valencia<\/p>\n<p style=\"text-align: justify;\"><strong>Evoluci\u00f3<\/strong><strong>n y Presente del Rodeo Aysenino<\/strong><\/p>\n<p style=\"text-align: justify;\">Durante este tiempo, hemos debido enfrentar grandes dificultades clim\u00e1ticas, geogr\u00e1ficas, de conectividad y aislamiento. Sin embargo, hoy en d\u00eda, tenemos presencia activa en los clasificatorios y el Campeonato Nacional de Rodeo.<\/p>\n<p style=\"text-align: justify;\">Cabe hacer presente que de aquel grupo de dirigentes visionarios que, hace m\u00e1s de medio siglo, impulsaron la creaci\u00f3n del Consejo Provincial de Rodeo, cuna de la actual Asociaci\u00f3n de Rodeo de Ays\u00e9n, hoy sobreviven tres grandes referentes: Guido Pereda, Florindo Sandoval Rivas y Gustavo Fuentes Moscoso, quienes seguramente observan con emoci\u00f3n c\u00f3mo ha evolucionado esa noble inquietud que sembraron.<\/p>\n<p style=\"text-align: justify;\">Han pasado 53 a\u00f1os desde que nos organizamos oficialmente, gracias al trabajo, tes\u00f3n, perseverancia y amor incondicional a las tradiciones,\u00a0 podemos ver reflejado esos ansiados anhelos de aquellos hombres visionarios, que permite que hoy existan casi 500 jinetes en competencia, con grandes participaciones en las temporadas corraleras. El rodeo regional ha crecido significativamente tanto en el aspecto t\u00e9cnico como en n\u00famero de participantes. La cantidad de clubes ha proliferado, sumando actualmente 14 agrupaciones, desde el Club de Rodeo de La Junta en el norte, hasta el Club de Rodeo de Cochrane en el extremo sur.<\/p>\n<p style=\"text-align: justify;\">La Asociaci\u00f3n de rodeo cuenta con representantes disputando de igual a igual tanto los clasificatorios como las series del Campeonato Nacional de Rodeo. Y esto, a pesar de los numerosos factores que dificultan la pr\u00e1ctica regular del rodeo en la regi\u00f3n, siendo el clima el principal obst\u00e1culo para mantener la actividad durante todo el a\u00f1o, como ocurre en la zona central.<\/p>\n<p style=\"text-align: justify;\">Para la actual directiva, que est\u00e1 integrada por miembros de las nuevas generaciones de huasos regionales, quienes con orgullo, responsabilidad y visi\u00f3n, han tomado el relevo de quienes iniciaron este hermoso camino, es un deber reconocer y agradecer a las personas que con su esfuerzo y cari\u00f1o, marcaron la senda que hoy recorremos.<\/p>\n<p style=\"text-align: justify;\">La presente directiva posee la noble tarea de proyectar el rodeo de Ays\u00e9n hacia el futuro, preservando nuestras costumbres y fortaleciendo la identidad cultural de\u00a0 Ays\u00e9n Patagonia Chilena, \u00a0y conmemora hoy d\u00eda 17 de septiembre el DIA DEL HUASO CHILENO.<\/p>\n<p style=\"text-align: justify;\">Fotograf\u00eda de la Reuni\u00f3n de conformaci\u00f3n de la Asociaci\u00f3n Regional de Rodeo de Ays\u00e9n. Al Fondo de la imagen de izquierda a derecha se aprecia a los Sres. Carlos Lira Valencia, Arturo Stolzenbach Hott, Mario Mundaca Pe\u00f1a, Guido Pereda B\u00f3rquez, Juan G\u00fazman Ulloa y Fernando Errazuriz Matte Delegado de la Federaci\u00f3n Nacional de rodeo. Acompa\u00f1ados de reporteros de la \u00e9poca.<\/p>\n<\/div><\/section><\/div><div  style='height:50px' class='hr hr-invisible   avia-builder-el-6  el_after_av_one_full  el_before_av_social_share '><span class='hr-inner ' ><span class='hr-inner-style'><\/span><\/span><\/div><\/p>\n<div  class='av-social-sharing-box  avia-builder-el-7  el_after_av_hr  el_before_av_hr  '><div class='av-share-box'><h5 class='av-share-link-description av-no-toc '>Compartir esta noticia<\/h5><ul class='av-share-box-list noLightbox'><li class='av-share-link av-social-link-facebook' ><a target=\"_blank\" aria-label=\"Compartir en Facebook\" href='https:\/\/www.facebook.com\/sharer.php?u=https:\/\/radiorevelacionfm.cl\/?p=59332&#038;t=El%20Huaso%20Chileno%3A%20Origen%20e%20Identidad' aria-hidden='false' data-av_icon='\ue8f3' data-av_iconfont='entypo-fontello' title='' data-avia-related-tooltip='Compartir en Facebook' rel=\"noopener\"><span class='avia_hidden_link_text'>Compartir en Facebook<\/span><\/a><\/li><li class='av-share-link av-social-link-twitter' ><a target=\"_blank\" aria-label=\"Compartir en Twitter\" href='https:\/\/twitter.com\/share?text=El%20Huaso%20Chileno%3A%20Origen%20e%20Identidad&#038;url=https:\/\/radiorevelacionfm.cl\/?p=59332' aria-hidden='false' data-av_icon='\ue8f1' data-av_iconfont='entypo-fontello' title='' data-avia-related-tooltip='Compartir en Twitter' rel=\"noopener\"><span class='avia_hidden_link_text'>Compartir en Twitter<\/span><\/a><\/li><li class='av-share-link av-social-link-whatsapp' ><a target=\"_blank\" aria-label=\"Compartir en Whatsapp\" href='https:\/\/api.whatsapp.com\/send?text=https:\/\/radiorevelacionfm.cl\/?p=59332' aria-hidden='false' data-av_icon='\uf232' data-av_iconfont='entypo-fontello' title='' data-avia-related-tooltip='Compartir en Whatsapp' rel=\"noopener\"><span class='avia_hidden_link_text'>Compartir en Whatsapp<\/span><\/a><\/li><li class='av-share-link av-social-link-linkedin' ><a target=\"_blank\" aria-label=\"Compartir en LinkedIn\" href='https:\/\/linkedin.com\/shareArticle?mini=true&#038;title=El%20Huaso%20Chileno%3A%20Origen%20e%20Identidad&#038;url=https:\/\/radiorevelacionfm.cl\/?p=59332' aria-hidden='false' data-av_icon='\ue8fc' data-av_iconfont='entypo-fontello' title='' data-avia-related-tooltip='Compartir en LinkedIn' rel=\"noopener\"><span class='avia_hidden_link_text'>Compartir en LinkedIn<\/span><\/a><\/li><li class='av-share-link av-social-link-mail' ><a  aria-label=\"Compartir por correo\" href='mailto:?subject=El%20Huaso%20Chileno%3A%20Origen%20e%20Identidad&#038;body=https:\/\/radiorevelacionfm.cl\/?p=59332' aria-hidden='false' data-av_icon='\ue805' data-av_iconfont='entypo-fontello' title='' data-avia-related-tooltip='Compartir por correo'><span class='avia_hidden_link_text'>Compartir por correo<\/span><\/a><\/li><\/ul><\/div><\/div>\n<div  style='height:50px' class='hr hr-invisible   avia-builder-el-8  el_after_av_social_share  el_before_av_comments_list '><span class='hr-inner ' ><span class='hr-inner-style'><\/span><\/span><\/div>\n<div  class='av-buildercomment  av-blog-meta-html-info-disabled av-blog-meta-tag-disabled  '><\/div>\n","protected":false},"excerpt":{"rendered":"","protected":false},"author":1,"featured_media":59333,"comment_status":"closed","ping_status":"closed","sticky":false,"template":"","format":"standard","meta":{"footnotes":""},"categories":[38],"tags":[],"class_list":["post-59332","post","type-post","status-publish","format-standard","has-post-thumbnail","hentry","category-regional"],"jetpack_featured_media_url":"https:\/\/radiorevelacionfm.cl\/wp-content\/uploads\/2025\/09\/image150406-1-1.jpeg","_links":{"self":[{"href":"https:\/\/radiorevelacionfm.cl\/index.php?rest_route=\/wp\/v2\/posts\/59332","targetHints":{"allow":["GET"]}}],"collection":[{"href":"https:\/\/radiorevelacionfm.cl\/index.php?rest_route=\/wp\/v2\/posts"}],"about":[{"href":"https:\/\/radiorevelacionfm.cl\/index.php?rest_route=\/wp\/v2\/types\/post"}],"author":[{"embeddable":true,"href":"https:\/\/radiorevelacionfm.cl\/index.php?rest_route=\/wp\/v2\/users\/1"}],"replies":[{"embeddable":true,"href":"https:\/\/radiorevelacionfm.cl\/index.php?rest_route=%2Fwp%2Fv2%2Fcomments&post=59332"}],"version-history":[{"count":2,"href":"https:\/\/radiorevelacionfm.cl\/index.php?rest_route=\/wp\/v2\/posts\/59332\/revisions"}],"predecessor-version":[{"id":59335,"href":"https:\/\/radiorevelacionfm.cl\/index.php?rest_route=\/wp\/v2\/posts\/59332\/revisions\/59335"}],"wp:featuredmedia":[{"embeddable":true,"href":"https:\/\/radiorevelacionfm.cl\/index.php?rest_route=\/wp\/v2\/media\/59333"}],"wp:attachment":[{"href":"https:\/\/radiorevelacionfm.cl\/index.php?rest_route=%2Fwp%2Fv2%2Fmedia&parent=59332"}],"wp:term":[{"taxonomy":"category","embeddable":true,"href":"https:\/\/radiorevelacionfm.cl\/index.php?rest_route=%2Fwp%2Fv2%2Fcategories&post=59332"},{"taxonomy":"post_tag","embeddable":true,"href":"https:\/\/radiorevelacionfm.cl\/index.php?rest_route=%2Fwp%2Fv2%2Ftags&post=59332"}],"curies":[{"name":"wp","href":"https:\/\/api.w.org\/{rel}","templated":true}]}}