{"id":59321,"date":"2025-09-17T10:36:39","date_gmt":"2025-09-17T13:36:39","guid":{"rendered":"https:\/\/radiorevelacionfm.cl\/?p=59321"},"modified":"2025-09-17T10:36:39","modified_gmt":"2025-09-17T13:36:39","slug":"sag-refuerza-llamado-a-prevenir-la-anemia-infecciosa-equina-en-fiestas-patrias","status":"publish","type":"post","link":"https:\/\/radiorevelacionfm.cl\/?p=59321","title":{"rendered":"SAG refuerza llamado a prevenir la anemia infecciosa equina en Fiestas Patrias"},"content":{"rendered":"<div class=\"flex_column av_one_full  flex_column_div av-zero-column-padding first  avia-builder-el-0  el_before_av_one_full  avia-builder-el-first  \" style='border-radius:0px; '><div  class='avia-image-container  av-styling-    avia-builder-el-1  avia-builder-el-no-sibling  avia-align-center '  itemprop=\"image\" itemscope=\"itemscope\" itemtype=\"https:\/\/schema.org\/ImageObject\"  ><div class='avia-image-container-inner'><div class='avia-image-overlay-wrap'><img decoding=\"async\" class='wp-image-59322 avia-img-lazy-loading-not-59322 avia_image' src=\"https:\/\/radiorevelacionfm.cl\/wp-content\/uploads\/2025\/09\/fiestas-patrias-aie-1_optimized-1.jpeg\" alt='' title='fiestas-patrias-aie-(1)_optimized (1)' height=\"792\" width=\"800\"  itemprop=\"thumbnailUrl\" srcset=\"https:\/\/radiorevelacionfm.cl\/wp-content\/uploads\/2025\/09\/fiestas-patrias-aie-1_optimized-1.jpeg 800w, https:\/\/radiorevelacionfm.cl\/wp-content\/uploads\/2025\/09\/fiestas-patrias-aie-1_optimized-1-300x297.jpeg 300w, https:\/\/radiorevelacionfm.cl\/wp-content\/uploads\/2025\/09\/fiestas-patrias-aie-1_optimized-1-80x80.jpeg 80w, https:\/\/radiorevelacionfm.cl\/wp-content\/uploads\/2025\/09\/fiestas-patrias-aie-1_optimized-1-768x760.jpeg 768w, https:\/\/radiorevelacionfm.cl\/wp-content\/uploads\/2025\/09\/fiestas-patrias-aie-1_optimized-1-36x36.jpeg 36w, https:\/\/radiorevelacionfm.cl\/wp-content\/uploads\/2025\/09\/fiestas-patrias-aie-1_optimized-1-705x698.jpeg 705w, https:\/\/radiorevelacionfm.cl\/wp-content\/uploads\/2025\/09\/fiestas-patrias-aie-1_optimized-1-120x120.jpeg 120w, https:\/\/radiorevelacionfm.cl\/wp-content\/uploads\/2025\/09\/fiestas-patrias-aie-1_optimized-1-450x446.jpeg 450w, https:\/\/radiorevelacionfm.cl\/wp-content\/uploads\/2025\/09\/fiestas-patrias-aie-1_optimized-1-600x594.jpeg 600w, https:\/\/radiorevelacionfm.cl\/wp-content\/uploads\/2025\/09\/fiestas-patrias-aie-1_optimized-1-100x100.jpeg 100w\" sizes=\"(max-width: 800px) 100vw, 800px\" \/><\/div><\/div><\/div><\/div><div class=\"flex_column av_one_full  flex_column_div av-zero-column-padding first  avia-builder-el-2  el_after_av_one_full  el_before_av_one_full  column-top-margin\" style='border-radius:0px; '><section class=\"av_textblock_section \"  itemscope=\"itemscope\" itemtype=\"https:\/\/schema.org\/BlogPosting\" itemprop=\"blogPost\" ><div class='avia_textblock  '   itemprop=\"text\" ><p style=\"text-align: center;\"><span style=\"font-size: 18pt;\"><b>SAG refuerza llamado a prevenir la anemia infecciosa equina en Fiestas\u00a0Patrias<\/b><\/span><\/p>\n<div id=\"gtx-trans\" style=\"position: absolute; left: -50px; top: 4.31534px;\">\n<div class=\"gtx-trans-icon\"><\/div>\n<\/div>\n<\/div><\/section><\/div><div class=\"flex_column av_one_full  flex_column_div av-zero-column-padding first  avia-builder-el-4  el_after_av_one_full  el_before_av_hr  column-top-margin\" style='border-radius:0px; '><section class=\"av_textblock_section \"  itemscope=\"itemscope\" itemtype=\"https:\/\/schema.org\/BlogPosting\" itemprop=\"blogPost\" ><div class='avia_textblock  '   itemprop=\"text\" ><p style=\"text-align: justify;\"><em>La enfermedad viral, que no tiene cura, vacuna ni tratamiento, afecta exclusivamente a caballos, yeguas, burros y mulas. El SAG entrega recomendaciones para evitar su propagaci\u00f3n.<\/em><\/p>\n<p style=\"text-align: justify;\">En estas\u00a0Fiestas\u00a0Patrias, el Ministerio de Agricultura a trav\u00e9s del Servicio Agr\u00edcola y Ganadero, SAG, hace un llamado a las personas propietarias de caballos a proteger la salud de sus animales frente a la anemia infecciosa equina (AIE), una enfermedad que puede afectarlos gravemente. La instituci\u00f3n recomienda no compartir agujas, jeringas ni otros elementos cortopunzantes y desinfectar cuidadosamente todos los equipos e instrumentos utilizados, ya que podr\u00edan estar contaminados con sangre de equinos infectados, principal v\u00eda de transmisi\u00f3n de la enfermedad.<\/p>\n<p style=\"text-align: justify;\">El director regional del SAG, Julio Cerda Cordero, explica que \u201cdurante estos d\u00edas aumentan las actividades con caballos propias del mes de la patria, por lo que nuestro llamado es a la responsabilidad de las y los propietarios de estos animales. Es importante tomar todas las medidas preventivas para protegerlos de la anemia infecciosa equina, una enfermedad viral que no tiene cura, vacuna ni tratamiento, y que puede poner en riesgo la vida de los ejemplares y la sanidad equina del pa\u00eds\u201d.<\/p>\n<p style=\"text-align: justify;\">La anemia infecciosa equina es una enfermedad viral grave que afecta exclusivamente a caballos, yeguas, burros y mulas, sin riesgo para los seres humanos ni otras especies animales. Sus s\u00edntomas m\u00e1s comunes son fiebre, anemia (cansancio extremo, palidez de piel y mucosas) y edema (hinchaz\u00f3n) en extremidades y pecho.<\/p>\n<p style=\"text-align: justify;\">Sin embargo, muchos equinos pueden no mostrar signos evidentes o presentarlos de forma muy leve y f\u00e1cilmente confundible con otras enfermedades o lesiones, lo que dificulta su detecci\u00f3n. Estos animales portadores del virus pueden transmitir la enfermedad sin que se perciba, aumentando significativamente el riesgo de contagio para otros equinos.<\/p>\n<p style=\"text-align: justify;\">Para enfrentar esta situaci\u00f3n, en febrero el SAG declar\u00f3 emergencia zoosanitaria en todo el pa\u00eds, con el fin de controlar y erradicar la enfermedad de Chile.<\/p>\n<p style=\"text-align: justify;\"><strong>Diagn\u00f3stico y animales positivos<\/strong><\/p>\n<p style=\"text-align: justify;\">El diagn\u00f3stico de la anemia infecciosa equina se realiza exclusivamente en el laboratorio oficial del SAG Lo Aguirre, \u00fanico en Chile con la capacidad t\u00e9cnica para aplicar el m\u00e9todo diagn\u00f3stico reconocido oficialmente para esta enfermedad la Inmunodifusi\u00f3n en Gel de Agar (IDAG), tambi\u00e9n conocida como prueba de Coggins, no existen otros laboratorios en nuestro pa\u00eds autorizados para realizar este diagn\u00f3stico ni para efectuar remuestreo.<\/p>\n<p style=\"text-align: justify;\">En este mismo sentido, otras t\u00e9cnicas diagn\u00f3sticas, como la PCR, no se encuentran validadas ni reconocidas por la Organizaci\u00f3n Mundial de Sanidad Animal (OMSA) para la confirmaci\u00f3n de anemia infecciosa equina, debido a su alta probabilidad de arrojar resultados falsos negativos en animales infectados.<\/p>\n<p style=\"text-align: justify;\">Cuando un animal resulta positivo a anemia infecciosa equina, y en cumplimiento de la obligaci\u00f3n legal que tiene el SAG de resguardar la sanidad animal del pa\u00eds, se debe aplicar la eutanasia sanitaria para evitar la propagaci\u00f3n de esta grave enfermedad. Este procedimiento se realiza bajo estrictos protocolos cl\u00ednicos y de bienestar animal, procurando en todo momento minimizar el sufrimiento del ejemplar afectado. Adem\u00e1s, se ejecuta conforme a los lineamientos definidos por organismos sanitarios internacionales como la Organizaci\u00f3n Mundial de Sanidad Animal.<\/p>\n<p style=\"text-align: justify;\">El SAG recuerda tambi\u00e9n la importancia de trasladar siempre a los animales con el Formulario de Movimiento Animal emitido por el Servicio. La prevenci\u00f3n es clave para proteger a los equinos y evitar la propagaci\u00f3n de esta enfermedad en el pa\u00eds.<\/p>\n<p style=\"text-align: justify;\">Ante la detecci\u00f3n de s\u00edntomas compatibles con la enfermedad, sospecha o conocimiento de ingreso ilegal de animales o incumplir con las buenas pr\u00e1cticas\u00a0cl\u00ednicas que puedan favorecer la propagaci\u00f3n del virus, el SAG llama a dar aviso de inmediato a trav\u00e9s de sus oficinas sectoriales o escribiendo al correo\u00a0<a href=\"mailto:contacto.aysen@sag.gob.cl\">contacto.aysen@sag.gob.cl<\/a>.<\/p>\n<\/div><\/section><\/div><div  style='height:50px' class='hr hr-invisible   avia-builder-el-6  el_after_av_one_full  el_before_av_social_share '><span class='hr-inner ' ><span class='hr-inner-style'><\/span><\/span><\/div><\/p>\n<div  class='av-social-sharing-box  avia-builder-el-7  el_after_av_hr  el_before_av_hr  '><div class='av-share-box'><h5 class='av-share-link-description av-no-toc '>Compartir esta noticia<\/h5><ul class='av-share-box-list noLightbox'><li class='av-share-link av-social-link-facebook' ><a target=\"_blank\" aria-label=\"Compartir en Facebook\" href='https:\/\/www.facebook.com\/sharer.php?u=https:\/\/radiorevelacionfm.cl\/?p=59321&#038;t=SAG%20refuerza%20llamado%20a%20prevenir%20la%20anemia%20infecciosa%20equina%20en%20Fiestas%20Patrias' aria-hidden='false' data-av_icon='\ue8f3' data-av_iconfont='entypo-fontello' title='' data-avia-related-tooltip='Compartir en Facebook' rel=\"noopener\"><span class='avia_hidden_link_text'>Compartir en Facebook<\/span><\/a><\/li><li class='av-share-link av-social-link-twitter' ><a target=\"_blank\" aria-label=\"Compartir en Twitter\" href='https:\/\/twitter.com\/share?text=SAG%20refuerza%20llamado%20a%20prevenir%20la%20anemia%20infecciosa%20equina%20en%20Fiestas%20Patrias&#038;url=https:\/\/radiorevelacionfm.cl\/?p=59321' aria-hidden='false' data-av_icon='\ue8f1' data-av_iconfont='entypo-fontello' title='' data-avia-related-tooltip='Compartir en Twitter' rel=\"noopener\"><span class='avia_hidden_link_text'>Compartir en Twitter<\/span><\/a><\/li><li class='av-share-link av-social-link-whatsapp' ><a target=\"_blank\" aria-label=\"Compartir en Whatsapp\" href='https:\/\/api.whatsapp.com\/send?text=https:\/\/radiorevelacionfm.cl\/?p=59321' aria-hidden='false' data-av_icon='\uf232' data-av_iconfont='entypo-fontello' title='' data-avia-related-tooltip='Compartir en Whatsapp' rel=\"noopener\"><span class='avia_hidden_link_text'>Compartir en Whatsapp<\/span><\/a><\/li><li class='av-share-link av-social-link-linkedin' ><a target=\"_blank\" aria-label=\"Compartir en LinkedIn\" href='https:\/\/linkedin.com\/shareArticle?mini=true&#038;title=SAG%20refuerza%20llamado%20a%20prevenir%20la%20anemia%20infecciosa%20equina%20en%20Fiestas%20Patrias&#038;url=https:\/\/radiorevelacionfm.cl\/?p=59321' aria-hidden='false' data-av_icon='\ue8fc' data-av_iconfont='entypo-fontello' title='' data-avia-related-tooltip='Compartir en LinkedIn' rel=\"noopener\"><span class='avia_hidden_link_text'>Compartir en LinkedIn<\/span><\/a><\/li><li class='av-share-link av-social-link-mail' ><a  aria-label=\"Compartir por correo\" href='mailto:?subject=SAG%20refuerza%20llamado%20a%20prevenir%20la%20anemia%20infecciosa%20equina%20en%20Fiestas%20Patrias&#038;body=https:\/\/radiorevelacionfm.cl\/?p=59321' aria-hidden='false' data-av_icon='\ue805' data-av_iconfont='entypo-fontello' title='' data-avia-related-tooltip='Compartir por correo'><span class='avia_hidden_link_text'>Compartir por correo<\/span><\/a><\/li><\/ul><\/div><\/div>\n<div  style='height:50px' class='hr hr-invisible   avia-builder-el-8  el_after_av_social_share  el_before_av_comments_list '><span class='hr-inner ' ><span class='hr-inner-style'><\/span><\/span><\/div>\n<div  class='av-buildercomment  av-blog-meta-html-info-disabled av-blog-meta-tag-disabled  '><\/div>\n","protected":false},"excerpt":{"rendered":"","protected":false},"author":1,"featured_media":59322,"comment_status":"closed","ping_status":"closed","sticky":false,"template":"","format":"standard","meta":{"footnotes":""},"categories":[38],"tags":[],"class_list":["post-59321","post","type-post","status-publish","format-standard","has-post-thumbnail","hentry","category-regional"],"jetpack_featured_media_url":"https:\/\/radiorevelacionfm.cl\/wp-content\/uploads\/2025\/09\/fiestas-patrias-aie-1_optimized-1.jpeg","_links":{"self":[{"href":"https:\/\/radiorevelacionfm.cl\/index.php?rest_route=\/wp\/v2\/posts\/59321","targetHints":{"allow":["GET"]}}],"collection":[{"href":"https:\/\/radiorevelacionfm.cl\/index.php?rest_route=\/wp\/v2\/posts"}],"about":[{"href":"https:\/\/radiorevelacionfm.cl\/index.php?rest_route=\/wp\/v2\/types\/post"}],"author":[{"embeddable":true,"href":"https:\/\/radiorevelacionfm.cl\/index.php?rest_route=\/wp\/v2\/users\/1"}],"replies":[{"embeddable":true,"href":"https:\/\/radiorevelacionfm.cl\/index.php?rest_route=%2Fwp%2Fv2%2Fcomments&post=59321"}],"version-history":[{"count":2,"href":"https:\/\/radiorevelacionfm.cl\/index.php?rest_route=\/wp\/v2\/posts\/59321\/revisions"}],"predecessor-version":[{"id":59336,"href":"https:\/\/radiorevelacionfm.cl\/index.php?rest_route=\/wp\/v2\/posts\/59321\/revisions\/59336"}],"wp:featuredmedia":[{"embeddable":true,"href":"https:\/\/radiorevelacionfm.cl\/index.php?rest_route=\/wp\/v2\/media\/59322"}],"wp:attachment":[{"href":"https:\/\/radiorevelacionfm.cl\/index.php?rest_route=%2Fwp%2Fv2%2Fmedia&parent=59321"}],"wp:term":[{"taxonomy":"category","embeddable":true,"href":"https:\/\/radiorevelacionfm.cl\/index.php?rest_route=%2Fwp%2Fv2%2Fcategories&post=59321"},{"taxonomy":"post_tag","embeddable":true,"href":"https:\/\/radiorevelacionfm.cl\/index.php?rest_route=%2Fwp%2Fv2%2Ftags&post=59321"}],"curies":[{"name":"wp","href":"https:\/\/api.w.org\/{rel}","templated":true}]}}