{"id":59318,"date":"2025-09-16T19:04:41","date_gmt":"2025-09-16T22:04:41","guid":{"rendered":"https:\/\/radiorevelacionfm.cl\/?p=59318"},"modified":"2025-09-16T19:04:41","modified_gmt":"2025-09-16T22:04:41","slug":"en-total-333-productores-recibieron-apoyo-con-entrega-de-alimento-concentrado-en-la-comuna-de-cisnes","status":"publish","type":"post","link":"https:\/\/radiorevelacionfm.cl\/?p=59318","title":{"rendered":"En total 333 productores recibieron apoyo con entrega de alimento concentrado en la Comuna de Cisnes"},"content":{"rendered":"<div class=\"flex_column av_one_full  flex_column_div av-zero-column-padding first  avia-builder-el-0  el_before_av_one_full  avia-builder-el-first  \" style='border-radius:0px; '><div  class='avia-image-container  av-styling-    avia-builder-el-1  avia-builder-el-no-sibling  avia-align-center '  itemprop=\"image\" itemscope=\"itemscope\" itemtype=\"https:\/\/schema.org\/ImageObject\"  ><div class='avia-image-container-inner'><div class='avia-image-overlay-wrap'><img decoding=\"async\" class='wp-image-59319 avia-img-lazy-loading-not-59319 avia_image' src=\"https:\/\/radiorevelacionfm.cl\/wp-content\/uploads\/2025\/09\/entrega-2-1_optimized.jpg\" alt='' title='entrega-2-(1)_optimized' height=\"600\" width=\"800\"  itemprop=\"thumbnailUrl\" srcset=\"https:\/\/radiorevelacionfm.cl\/wp-content\/uploads\/2025\/09\/entrega-2-1_optimized.jpg 800w, https:\/\/radiorevelacionfm.cl\/wp-content\/uploads\/2025\/09\/entrega-2-1_optimized-300x225.jpg 300w, https:\/\/radiorevelacionfm.cl\/wp-content\/uploads\/2025\/09\/entrega-2-1_optimized-768x576.jpg 768w, https:\/\/radiorevelacionfm.cl\/wp-content\/uploads\/2025\/09\/entrega-2-1_optimized-705x529.jpg 705w, https:\/\/radiorevelacionfm.cl\/wp-content\/uploads\/2025\/09\/entrega-2-1_optimized-450x338.jpg 450w, https:\/\/radiorevelacionfm.cl\/wp-content\/uploads\/2025\/09\/entrega-2-1_optimized-600x450.jpg 600w\" sizes=\"(max-width: 800px) 100vw, 800px\" \/><\/div><\/div><\/div><\/div>\n<div class=\"flex_column av_one_full  flex_column_div av-zero-column-padding first  avia-builder-el-2  el_after_av_one_full  el_before_av_one_full  column-top-margin\" style='border-radius:0px; '><section class=\"av_textblock_section \"  itemscope=\"itemscope\" itemtype=\"https:\/\/schema.org\/BlogPosting\" itemprop=\"blogPost\" ><div class='avia_textblock  '   itemprop=\"text\" ><p style=\"text-align: center;\"><strong><span style=\"font-size: 18pt;\">En total 333 productores recibieron apoyo con entrega de alimento concentrado en la Comuna de Cisnes<\/span><\/strong><\/p>\n<div id=\"gtx-trans\" style=\"position: absolute; left: -50px; top: 4.31534px;\">\n<div class=\"gtx-trans-icon\"><\/div>\n<\/div>\n<\/div><\/section><\/div><div class=\"flex_column av_one_full  flex_column_div av-zero-column-padding first  avia-builder-el-4  el_after_av_one_full  el_before_av_hr  column-top-margin\" style='border-radius:0px; '><section class=\"av_textblock_section \"  itemscope=\"itemscope\" itemtype=\"https:\/\/schema.org\/BlogPosting\" itemprop=\"blogPost\" ><div class='avia_textblock  '   itemprop=\"text\" ><p style=\"text-align: justify;\">La Municipalidad de Cisnes concret\u00f3 la semana pasada una nueva entrega de alimento concentrado para animales mayores, beneficiando a 333 productores de distintos sectores de la comuna. La iniciativa contempl\u00f3 una inversi\u00f3n de $31.701.600 en recursos municipales, destinada a reforzar el trabajo en los campos durante la temporada de pariciones.<\/p>\n<p style=\"text-align: justify;\">La distribuci\u00f3n se extendi\u00f3 a La Junta, Puyuhuapi, Ra\u00fal Mar\u00edn Balmaceda, Puerto Cisnes y diversos sectores del litoral, lo que refleja el amplio alcance territorial de esta pol\u00edtica comunal, que se ha mantenido de forma sostenida a\u00f1o tras a\u00f1o. El beneficio busca mitigar los costos de producci\u00f3n y asegurar mejores condiciones para la actividad ganadera, especialmente en un per\u00edodo donde la alimentaci\u00f3n animal es clave para la productividad.<\/p>\n<p style=\"text-align: justify;\">El alcalde de Cisnes, Francisco Roncagliolo Lepio, destac\u00f3 la importancia de dar continuidad a este tipo de apoyos. \u201cEstoy muy contento porque un a\u00f1o m\u00e1s estamos entregando este beneficio para todos nuestros campesinos. Hoy d\u00eda estamos entregando este alimento concentrado para animales mayores, el cual est\u00e1 beneficiando a 333 usuarios en los distintos lugares y rincones de nuestra comuna. Es parte del compromiso que tenemos hace varios a\u00f1os ya con todo nuestro campesinado, como una forma de acompa\u00f1arlos y apoyarlos en todo este proceso\u201d, se\u00f1al\u00f3.<\/p>\n<p style=\"text-align: justify;\">Desde La Junta, el productor Felipe Alegr\u00eda valor\u00f3 el aporte. \u201cPara nosotros es un gran apoyo este incentivo, sobre todo en las fechas en que ya estamos. Finalizando el invierno, pero a\u00fan en plena temporada de pariciones, esta ayuda es muy significativa y esperamos que contin\u00fae a largo plazo\u201d, coment\u00f3.<\/p>\n<p style=\"text-align: justify;\">Con esta entrega, la administraci\u00f3n municipal reafirma una pol\u00edtica comunal sostenida en el tiempo, financiada con recursos propios y con el respaldo del Honorable Concejo. Un apoyo que no solo reduce costos a m\u00e1s de 300 familias campesinas, sino que tambi\u00e9n fortalece la confianza y la identidad rural en toda la comuna.<\/p>\n<\/div><\/section><\/div><\/p>\n<div  style='height:50px' class='hr hr-invisible   avia-builder-el-6  el_after_av_one_full  el_before_av_social_share '><span class='hr-inner ' ><span class='hr-inner-style'><\/span><\/span><\/div>\n<div  class='av-social-sharing-box  avia-builder-el-7  el_after_av_hr  el_before_av_hr  '><div class='av-share-box'><h5 class='av-share-link-description av-no-toc '>Compartir esta noticia<\/h5><ul class='av-share-box-list noLightbox'><li class='av-share-link av-social-link-facebook' ><a target=\"_blank\" aria-label=\"Compartir en Facebook\" href='https:\/\/www.facebook.com\/sharer.php?u=https:\/\/radiorevelacionfm.cl\/?p=59318&#038;t=En%20total%20333%20productores%20recibieron%20apoyo%20con%20entrega%20de%20alimento%20concentrado%20en%20la%20Comuna%20de%20Cisnes' aria-hidden='false' data-av_icon='\ue8f3' data-av_iconfont='entypo-fontello' title='' data-avia-related-tooltip='Compartir en Facebook' rel=\"noopener\"><span class='avia_hidden_link_text'>Compartir en Facebook<\/span><\/a><\/li><li class='av-share-link av-social-link-twitter' ><a target=\"_blank\" aria-label=\"Compartir en Twitter\" href='https:\/\/twitter.com\/share?text=En%20total%20333%20productores%20recibieron%20apoyo%20con%20entrega%20de%20alimento%20concentrado%20en%20la%20Comuna%20de%20Cisnes&#038;url=https:\/\/radiorevelacionfm.cl\/?p=59318' aria-hidden='false' data-av_icon='\ue8f1' data-av_iconfont='entypo-fontello' title='' data-avia-related-tooltip='Compartir en Twitter' rel=\"noopener\"><span class='avia_hidden_link_text'>Compartir en Twitter<\/span><\/a><\/li><li class='av-share-link av-social-link-whatsapp' ><a target=\"_blank\" aria-label=\"Compartir en Whatsapp\" href='https:\/\/api.whatsapp.com\/send?text=https:\/\/radiorevelacionfm.cl\/?p=59318' aria-hidden='false' data-av_icon='\uf232' data-av_iconfont='entypo-fontello' title='' data-avia-related-tooltip='Compartir en Whatsapp' rel=\"noopener\"><span class='avia_hidden_link_text'>Compartir en Whatsapp<\/span><\/a><\/li><li class='av-share-link av-social-link-linkedin' ><a target=\"_blank\" aria-label=\"Compartir en LinkedIn\" href='https:\/\/linkedin.com\/shareArticle?mini=true&#038;title=En%20total%20333%20productores%20recibieron%20apoyo%20con%20entrega%20de%20alimento%20concentrado%20en%20la%20Comuna%20de%20Cisnes&#038;url=https:\/\/radiorevelacionfm.cl\/?p=59318' aria-hidden='false' data-av_icon='\ue8fc' data-av_iconfont='entypo-fontello' title='' data-avia-related-tooltip='Compartir en LinkedIn' rel=\"noopener\"><span class='avia_hidden_link_text'>Compartir en LinkedIn<\/span><\/a><\/li><li class='av-share-link av-social-link-mail' ><a  aria-label=\"Compartir por correo\" href='mailto:?subject=En%20total%20333%20productores%20recibieron%20apoyo%20con%20entrega%20de%20alimento%20concentrado%20en%20la%20Comuna%20de%20Cisnes&#038;body=https:\/\/radiorevelacionfm.cl\/?p=59318' aria-hidden='false' data-av_icon='\ue805' data-av_iconfont='entypo-fontello' title='' data-avia-related-tooltip='Compartir por correo'><span class='avia_hidden_link_text'>Compartir por correo<\/span><\/a><\/li><\/ul><\/div><\/div>\n<div  style='height:50px' class='hr hr-invisible   avia-builder-el-8  el_after_av_social_share  el_before_av_comments_list '><span class='hr-inner ' ><span class='hr-inner-style'><\/span><\/span><\/div>\n<div  class='av-buildercomment  av-blog-meta-html-info-disabled av-blog-meta-tag-disabled  '><\/div>\n","protected":false},"excerpt":{"rendered":"","protected":false},"author":1,"featured_media":59319,"comment_status":"closed","ping_status":"closed","sticky":false,"template":"","format":"standard","meta":{"footnotes":""},"categories":[38],"tags":[],"class_list":["post-59318","post","type-post","status-publish","format-standard","has-post-thumbnail","hentry","category-regional"],"jetpack_featured_media_url":"https:\/\/radiorevelacionfm.cl\/wp-content\/uploads\/2025\/09\/entrega-2-1_optimized.jpg","_links":{"self":[{"href":"https:\/\/radiorevelacionfm.cl\/index.php?rest_route=\/wp\/v2\/posts\/59318","targetHints":{"allow":["GET"]}}],"collection":[{"href":"https:\/\/radiorevelacionfm.cl\/index.php?rest_route=\/wp\/v2\/posts"}],"about":[{"href":"https:\/\/radiorevelacionfm.cl\/index.php?rest_route=\/wp\/v2\/types\/post"}],"author":[{"embeddable":true,"href":"https:\/\/radiorevelacionfm.cl\/index.php?rest_route=\/wp\/v2\/users\/1"}],"replies":[{"embeddable":true,"href":"https:\/\/radiorevelacionfm.cl\/index.php?rest_route=%2Fwp%2Fv2%2Fcomments&post=59318"}],"version-history":[{"count":3,"href":"https:\/\/radiorevelacionfm.cl\/index.php?rest_route=\/wp\/v2\/posts\/59318\/revisions"}],"predecessor-version":[{"id":59325,"href":"https:\/\/radiorevelacionfm.cl\/index.php?rest_route=\/wp\/v2\/posts\/59318\/revisions\/59325"}],"wp:featuredmedia":[{"embeddable":true,"href":"https:\/\/radiorevelacionfm.cl\/index.php?rest_route=\/wp\/v2\/media\/59319"}],"wp:attachment":[{"href":"https:\/\/radiorevelacionfm.cl\/index.php?rest_route=%2Fwp%2Fv2%2Fmedia&parent=59318"}],"wp:term":[{"taxonomy":"category","embeddable":true,"href":"https:\/\/radiorevelacionfm.cl\/index.php?rest_route=%2Fwp%2Fv2%2Fcategories&post=59318"},{"taxonomy":"post_tag","embeddable":true,"href":"https:\/\/radiorevelacionfm.cl\/index.php?rest_route=%2Fwp%2Fv2%2Ftags&post=59318"}],"curies":[{"name":"wp","href":"https:\/\/api.w.org\/{rel}","templated":true}]}}