{"id":59315,"date":"2025-09-16T21:24:53","date_gmt":"2025-09-17T00:24:53","guid":{"rendered":"https:\/\/radiorevelacionfm.cl\/?p=59315"},"modified":"2025-09-16T21:24:53","modified_gmt":"2025-09-17T00:24:53","slug":"iniciativa-de-empresa-aysenina-busca-reciclar-el-carton-que-se-genera-en-los-locales-comerciales-varios-negocios-ya-se-han-sumado","status":"publish","type":"post","link":"https:\/\/radiorevelacionfm.cl\/?p=59315","title":{"rendered":"Iniciativa de empresa aysenina busca reciclar el cart\u00f3n que se genera en los locales comerciales, varios negocios ya se han sumado"},"content":{"rendered":"<div class=\"flex_column av_one_full  flex_column_div av-zero-column-padding first  avia-builder-el-0  el_before_av_one_full  avia-builder-el-first  \" style='border-radius:0px; '><div  class='avia-image-container  av-styling-    avia-builder-el-1  avia-builder-el-no-sibling  avia-align-center '  itemprop=\"image\" itemscope=\"itemscope\" itemtype=\"https:\/\/schema.org\/ImageObject\"  ><div class='avia-image-container-inner'><div class='avia-image-overlay-wrap'><img decoding=\"async\" class='wp-image-59316 avia-img-lazy-loading-not-59316 avia_image' src=\"https:\/\/radiorevelacionfm.cl\/wp-content\/uploads\/2025\/09\/20250916_121748000_ios-2-1-1_optimized-1_optimized-1.jpg\" alt='' title='20250916_121748000_ios-(2)-(1)-(1)_optimized-(1)_optimized (1)' height=\"600\" width=\"1070\"  itemprop=\"thumbnailUrl\" srcset=\"https:\/\/radiorevelacionfm.cl\/wp-content\/uploads\/2025\/09\/20250916_121748000_ios-2-1-1_optimized-1_optimized-1.jpg 1070w, https:\/\/radiorevelacionfm.cl\/wp-content\/uploads\/2025\/09\/20250916_121748000_ios-2-1-1_optimized-1_optimized-1-300x168.jpg 300w, https:\/\/radiorevelacionfm.cl\/wp-content\/uploads\/2025\/09\/20250916_121748000_ios-2-1-1_optimized-1_optimized-1-1030x578.jpg 1030w, https:\/\/radiorevelacionfm.cl\/wp-content\/uploads\/2025\/09\/20250916_121748000_ios-2-1-1_optimized-1_optimized-1-768x431.jpg 768w, https:\/\/radiorevelacionfm.cl\/wp-content\/uploads\/2025\/09\/20250916_121748000_ios-2-1-1_optimized-1_optimized-1-705x395.jpg 705w, https:\/\/radiorevelacionfm.cl\/wp-content\/uploads\/2025\/09\/20250916_121748000_ios-2-1-1_optimized-1_optimized-1-450x252.jpg 450w, https:\/\/radiorevelacionfm.cl\/wp-content\/uploads\/2025\/09\/20250916_121748000_ios-2-1-1_optimized-1_optimized-1-600x336.jpg 600w\" sizes=\"(max-width: 1070px) 100vw, 1070px\" \/><\/div><\/div><\/div><\/div><div class=\"flex_column av_one_full  flex_column_div av-zero-column-padding first  avia-builder-el-2  el_after_av_one_full  el_before_av_one_full  column-top-margin\" style='border-radius:0px; '><section class=\"av_textblock_section \"  itemscope=\"itemscope\" itemtype=\"https:\/\/schema.org\/BlogPosting\" itemprop=\"blogPost\" ><div class='avia_textblock  '   itemprop=\"text\" ><p style=\"text-align: center;\"><strong><span style=\"font-size: 18pt;\">Iniciativa de empresa aysenina busca reciclar el cart\u00f3n que se genera en los locales comerciales, varios negocios ya se han sumado <\/span><\/strong><\/p>\n<div id=\"gtx-trans\" style=\"position: absolute; left: -50px; top: 4.31534px;\">\n<div class=\"gtx-trans-icon\"><\/div>\n<\/div>\n<\/div><\/section><\/div><div class=\"flex_column av_one_full  flex_column_div av-zero-column-padding first  avia-builder-el-4  el_after_av_one_full  el_before_av_hr  column-top-margin\" style='border-radius:0px; '><section class=\"av_textblock_section \"  itemscope=\"itemscope\" itemtype=\"https:\/\/schema.org\/BlogPosting\" itemprop=\"blogPost\" ><div class='avia_textblock  '   itemprop=\"text\" ><p style=\"text-align: justify;\">Empresas Bahamonde est\u00e1 llevando a cabo una llamativa iniciativa para retirar y reciclar el cart\u00f3n, a la que se han sumado varios locales comerciales de Puerto Ays\u00e9n. Este plan piloto apunta a valorizar este residuo que se acumula en las bodegas de los negocios, ya que gran parte de la mercader\u00eda llega en cajas desde otros lugares fuera de la regi\u00f3n.<\/p>\n<p style=\"text-align: justify;\">Adem\u00e1s, busca que se reduzca la presencia del cart\u00f3n en Sargento Aldea, principal polo comercial de la ciudad y as\u00ed facilitar que el recorrido del cami\u00f3n compactador de residuos domiciliarios sea m\u00e1s expedito. Hasta la fecha, se han sumado negocios como Casa Laibe, Casa Pualuan, Casa Heidi, Maxiori Express y Centro, Tienda Javbian, Brillito, Panader\u00eda \u201cLa Mamy\u201d, Ferreter\u00eda Vel\u00e1squez, Minimarket Chin Chin, entre otros.<\/p>\n<p style=\"text-align: justify;\">Si hay locales comerciales que quieran incorporarse a esta iniciativa, pueden contactarse al n\u00famero 67 2335550 o enviar un mensaje al correo <a href=\"mailto:dgarriga@empresasbahamonde.cl\">dgarriga@empresasbahamonde.cl<\/a> solicitando m\u00e1s informaci\u00f3n.<\/p>\n<p style=\"text-align: justify;\">La encargada de Vinculaci\u00f3n con el Medio de Empresas Bahamonde, Daniela Garriga, enfatiz\u00f3 que \u201csabemos que en estas fechas es mucho lo que llega a nuestra regi\u00f3n, por lo que invitamos a los comerciantes a que se pongan en contacto con nosotros, ya sea a trav\u00e9s de nuestras redes sociales o al n\u00famero 67 2335550\u201d.<\/p>\n<p style=\"text-align: justify;\">Detallando que como empresa ya se han implementado \u201cotras campa\u00f1as vinculadas al reciclaje, con la instalaci\u00f3n de puntos verdes, la recolecci\u00f3n de tapitas y pilas, adem\u00e1s de los convenios con bares de nuestra ciudad\u201d.<\/p>\n<p style=\"text-align: justify;\">Eduardo Laibe, propietario de Casa Laibe, felicit\u00f3 la iniciativa desarrollada por Empresas Bahamonde, ya que seg\u00fan sostuvo \u201cno es f\u00e1cil en Ays\u00e9n y en la regi\u00f3n todav\u00eda tener una conciencia clara sobre el reciclaje\u201d.<\/p>\n<p style=\"text-align: justify;\">\u201cA la invitaci\u00f3n de Empresas Bahamonde nos sumamos de forma inmediata e incluyendo a la gente que trabaja con nosotros porque hay un tema de concientizaci\u00f3n primero para que todos estemos comprometidos de que el reciclaje es importante. Eso lo logramos en los primeros d\u00edas de evitar botar y juntar de una semana a otra\u201d, agreg\u00f3.<\/p>\n<p style=\"text-align: justify;\">Por su parte, Jorge Quintana, administrador de tienda Javbian, detall\u00f3 que se est\u00e1n sumando porque \u201csacamos bastante cart\u00f3n toda la semana y no tenemos d\u00f3nde dejarlo. Entonces, esto nos va a ayudar a despejar nuestras bodegas sacando esos cartones\u201d.<\/p>\n<p style=\"text-align: justify;\">Incluso, hizo el llamado a que \u201ctodos se sumen porque en realidad es buena iniciativa reciclar el cart\u00f3n y as\u00ed no contaminamos\u201d. En tanto, Bernardita Chamblas, del equipo de Brillito Ays\u00e9n, expres\u00f3 sus agradecimientos con Empresas Bahamonde, ya que les ha ido s\u00faper bien tras incorporarse a la iniciativa.<\/p>\n<p style=\"text-align: justify;\">\u201cYa es parte de la rutina de Brillito desarmar bien el cart\u00f3n y dejarlo para los d\u00edas que viene Empresas Bahamonde o de lo contrario, los llamamos si tenemos mucho y vienen. As\u00ed que s\u00faper bien, contentos porque es importante la cantidad de cart\u00f3n que se genera en todo Sargento Aldea\u201d, sostuvo.<\/p>\n<\/div><\/section><\/div><div  style='height:50px' class='hr hr-invisible   avia-builder-el-6  el_after_av_one_full  el_before_av_social_share '><span class='hr-inner ' ><span class='hr-inner-style'><\/span><\/span><\/div><\/p>\n<div  class='av-social-sharing-box  avia-builder-el-7  el_after_av_hr  el_before_av_hr  '><div class='av-share-box'><h5 class='av-share-link-description av-no-toc '>Compartir esta noticia<\/h5><ul class='av-share-box-list noLightbox'><li class='av-share-link av-social-link-facebook' ><a target=\"_blank\" aria-label=\"Compartir en Facebook\" href='https:\/\/www.facebook.com\/sharer.php?u=https:\/\/radiorevelacionfm.cl\/?p=59315&#038;t=Iniciativa%20de%20empresa%20aysenina%20busca%20reciclar%20el%20cart%C3%B3n%20que%20se%20genera%20en%20los%20locales%20comerciales%2C%20varios%20negocios%20ya%20se%20han%20sumado' aria-hidden='false' data-av_icon='\ue8f3' data-av_iconfont='entypo-fontello' title='' data-avia-related-tooltip='Compartir en Facebook' rel=\"noopener\"><span class='avia_hidden_link_text'>Compartir en Facebook<\/span><\/a><\/li><li class='av-share-link av-social-link-twitter' ><a target=\"_blank\" aria-label=\"Compartir en Twitter\" href='https:\/\/twitter.com\/share?text=Iniciativa%20de%20empresa%20aysenina%20busca%20reciclar%20el%20cart%C3%B3n%20que%20se%20genera%20en%20los%20locales%20comerciales%2C%20varios%20negocios%20ya%20se%20han%20sumado&#038;url=https:\/\/radiorevelacionfm.cl\/?p=59315' aria-hidden='false' data-av_icon='\ue8f1' data-av_iconfont='entypo-fontello' title='' data-avia-related-tooltip='Compartir en Twitter' rel=\"noopener\"><span class='avia_hidden_link_text'>Compartir en Twitter<\/span><\/a><\/li><li class='av-share-link av-social-link-whatsapp' ><a target=\"_blank\" aria-label=\"Compartir en Whatsapp\" href='https:\/\/api.whatsapp.com\/send?text=https:\/\/radiorevelacionfm.cl\/?p=59315' aria-hidden='false' data-av_icon='\uf232' data-av_iconfont='entypo-fontello' title='' data-avia-related-tooltip='Compartir en Whatsapp' rel=\"noopener\"><span class='avia_hidden_link_text'>Compartir en Whatsapp<\/span><\/a><\/li><li class='av-share-link av-social-link-linkedin' ><a target=\"_blank\" aria-label=\"Compartir en LinkedIn\" href='https:\/\/linkedin.com\/shareArticle?mini=true&#038;title=Iniciativa%20de%20empresa%20aysenina%20busca%20reciclar%20el%20cart%C3%B3n%20que%20se%20genera%20en%20los%20locales%20comerciales%2C%20varios%20negocios%20ya%20se%20han%20sumado&#038;url=https:\/\/radiorevelacionfm.cl\/?p=59315' aria-hidden='false' data-av_icon='\ue8fc' data-av_iconfont='entypo-fontello' title='' data-avia-related-tooltip='Compartir en LinkedIn' rel=\"noopener\"><span class='avia_hidden_link_text'>Compartir en LinkedIn<\/span><\/a><\/li><li class='av-share-link av-social-link-mail' ><a  aria-label=\"Compartir por correo\" href='mailto:?subject=Iniciativa%20de%20empresa%20aysenina%20busca%20reciclar%20el%20cart%C3%B3n%20que%20se%20genera%20en%20los%20locales%20comerciales%2C%20varios%20negocios%20ya%20se%20han%20sumado&#038;body=https:\/\/radiorevelacionfm.cl\/?p=59315' aria-hidden='false' data-av_icon='\ue805' data-av_iconfont='entypo-fontello' title='' data-avia-related-tooltip='Compartir por correo'><span class='avia_hidden_link_text'>Compartir por correo<\/span><\/a><\/li><\/ul><\/div><\/div>\n<div  style='height:50px' class='hr hr-invisible   avia-builder-el-8  el_after_av_social_share  el_before_av_comments_list '><span class='hr-inner ' ><span class='hr-inner-style'><\/span><\/span><\/div>\n<div  class='av-buildercomment  av-blog-meta-html-info-disabled av-blog-meta-tag-disabled  '><\/div>\n","protected":false},"excerpt":{"rendered":"","protected":false},"author":1,"featured_media":59316,"comment_status":"closed","ping_status":"closed","sticky":false,"template":"","format":"standard","meta":{"footnotes":""},"categories":[38],"tags":[],"class_list":["post-59315","post","type-post","status-publish","format-standard","has-post-thumbnail","hentry","category-regional"],"jetpack_featured_media_url":"https:\/\/radiorevelacionfm.cl\/wp-content\/uploads\/2025\/09\/20250916_121748000_ios-2-1-1_optimized-1_optimized-1.jpg","_links":{"self":[{"href":"https:\/\/radiorevelacionfm.cl\/index.php?rest_route=\/wp\/v2\/posts\/59315","targetHints":{"allow":["GET"]}}],"collection":[{"href":"https:\/\/radiorevelacionfm.cl\/index.php?rest_route=\/wp\/v2\/posts"}],"about":[{"href":"https:\/\/radiorevelacionfm.cl\/index.php?rest_route=\/wp\/v2\/types\/post"}],"author":[{"embeddable":true,"href":"https:\/\/radiorevelacionfm.cl\/index.php?rest_route=\/wp\/v2\/users\/1"}],"replies":[{"embeddable":true,"href":"https:\/\/radiorevelacionfm.cl\/index.php?rest_route=%2Fwp%2Fv2%2Fcomments&post=59315"}],"version-history":[{"count":2,"href":"https:\/\/radiorevelacionfm.cl\/index.php?rest_route=\/wp\/v2\/posts\/59315\/revisions"}],"predecessor-version":[{"id":59331,"href":"https:\/\/radiorevelacionfm.cl\/index.php?rest_route=\/wp\/v2\/posts\/59315\/revisions\/59331"}],"wp:featuredmedia":[{"embeddable":true,"href":"https:\/\/radiorevelacionfm.cl\/index.php?rest_route=\/wp\/v2\/media\/59316"}],"wp:attachment":[{"href":"https:\/\/radiorevelacionfm.cl\/index.php?rest_route=%2Fwp%2Fv2%2Fmedia&parent=59315"}],"wp:term":[{"taxonomy":"category","embeddable":true,"href":"https:\/\/radiorevelacionfm.cl\/index.php?rest_route=%2Fwp%2Fv2%2Fcategories&post=59315"},{"taxonomy":"post_tag","embeddable":true,"href":"https:\/\/radiorevelacionfm.cl\/index.php?rest_route=%2Fwp%2Fv2%2Ftags&post=59315"}],"curies":[{"name":"wp","href":"https:\/\/api.w.org\/{rel}","templated":true}]}}