{"id":59313,"date":"2025-09-17T11:16:58","date_gmt":"2025-09-17T14:16:58","guid":{"rendered":"https:\/\/radiorevelacionfm.cl\/?p=59313"},"modified":"2025-09-17T11:16:58","modified_gmt":"2025-09-17T14:16:58","slug":"pdi-realiza-llamado-a-disfrutar-con-responsabilidad-y-denunciar-delitos-durante-fiestas-patrias","status":"publish","type":"post","link":"https:\/\/radiorevelacionfm.cl\/?p=59313","title":{"rendered":"PDI realiza llamado a disfrutar con responsabilidad y denunciar delitos durante Fiestas Patrias"},"content":{"rendered":"<div class=\"flex_column av_one_full  flex_column_div av-zero-column-padding first  avia-builder-el-0  el_before_av_one_full  avia-builder-el-first  \" style='border-radius:0px; '><div  class='avia-image-container  av-styling-    avia-builder-el-1  avia-builder-el-no-sibling  avia-align-center '  itemprop=\"image\" itemscope=\"itemscope\" itemtype=\"https:\/\/schema.org\/ImageObject\"  ><div class='avia-image-container-inner'><div class='avia-image-overlay-wrap'><img decoding=\"async\" class='wp-image-13990 avia-img-lazy-loading-not-13990 avia_image' src=\"https:\/\/radiorevelacionfm.cl\/wp-content\/uploads\/2022\/02\/pdi-ruta-1_optimized.jpg\" alt='' title='pdi-ruta-(1)_optimized' height=\"600\" width=\"1066\"  itemprop=\"thumbnailUrl\" srcset=\"https:\/\/radiorevelacionfm.cl\/wp-content\/uploads\/2022\/02\/pdi-ruta-1_optimized.jpg 1066w, https:\/\/radiorevelacionfm.cl\/wp-content\/uploads\/2022\/02\/pdi-ruta-1_optimized-300x169.jpg 300w, https:\/\/radiorevelacionfm.cl\/wp-content\/uploads\/2022\/02\/pdi-ruta-1_optimized-1030x580.jpg 1030w, https:\/\/radiorevelacionfm.cl\/wp-content\/uploads\/2022\/02\/pdi-ruta-1_optimized-768x432.jpg 768w, https:\/\/radiorevelacionfm.cl\/wp-content\/uploads\/2022\/02\/pdi-ruta-1_optimized-705x397.jpg 705w, https:\/\/radiorevelacionfm.cl\/wp-content\/uploads\/2022\/02\/pdi-ruta-1_optimized-600x338.jpg 600w\" sizes=\"(max-width: 1066px) 100vw, 1066px\" \/><\/div><\/div><\/div><\/div><div class=\"flex_column av_one_full  flex_column_div av-zero-column-padding first  avia-builder-el-2  el_after_av_one_full  el_before_av_one_full  column-top-margin\" style='border-radius:0px; '><section class=\"av_textblock_section \"  itemscope=\"itemscope\" itemtype=\"https:\/\/schema.org\/BlogPosting\" itemprop=\"blogPost\" ><div class='avia_textblock  '   itemprop=\"text\" ><p style=\"text-align: center;\"><strong><span style=\"font-size: 18pt;\">PDI realiza llamado a disfrutar con responsabilidad y denunciar delitos durante Fiestas Patrias<\/span><\/strong><\/p>\n<div id=\"gtx-trans\" style=\"position: absolute; left: -50px; top: 4.31534px;\">\n<div class=\"gtx-trans-icon\"><\/div>\n<\/div>\n<\/div><\/section><\/div><div class=\"flex_column av_one_full  flex_column_div av-zero-column-padding first  avia-builder-el-4  el_after_av_one_full  el_before_av_hr  column-top-margin\" style='border-radius:0px; '><section class=\"av_textblock_section \"  itemscope=\"itemscope\" itemtype=\"https:\/\/schema.org\/BlogPosting\" itemprop=\"blogPost\" ><div class='avia_textblock  '   itemprop=\"text\" ><p style=\"text-align: justify;\">En el marco de la conmemoraci\u00f3n de las Fiestas Patrias 2025, la Polic\u00eda de Investigaciones de Chile se refiri\u00f3 a la labor que desarrollar\u00e1n detectives y agentes policiales durante estas festividades en la Regi\u00f3n de Ays\u00e9n, enfatizando en la importancia del autocuidado y la denuncia de aquellos hechos que revistan car\u00e1cter de delito.<\/p>\n<p style=\"text-align: justify;\">En cuanto a los turnos y servicios disponibles para la investigaci\u00f3n de los delitos durante estas fechas, el jefe de la Prefectura Provincial Coyhaique, subprefecto V\u00edctor Toledo Escalona, se\u00f1al\u00f3 que \u201ccomo Polic\u00eda de Investigaciones de Chile siempre estamos atentos a cualquier requerimiento de nuestros ciudadanos, todas las brigadas est\u00e1n a disposici\u00f3n del Ministerio P\u00fablico. Si bien es cierto, nuestro trabajo es investigativo, tambi\u00e9n estamos en coordinaci\u00f3n con la Seremi de Seguridad P\u00fablica, con el fin de entregar seguridad a la comunidad\u201d.<\/p>\n<p style=\"text-align: justify;\">En ese sentido, en caso de ser v\u00edctima de alg\u00fan delito durante estas fechas, el jefe policial recomend\u00f3 concurrir a los complejos policiales de Coyhaique y Puerto Ays\u00e9n para realizar la denuncia, entregando todos los antecedentes necesarios para iniciar la investigaci\u00f3n de manera coordinada con el Ministerio P\u00fablico.<\/p>\n<p style=\"text-align: justify;\">Sobre el control migratorio en los pasos fronterizos, el oficial policial indic\u00f3 que \u201ctal como lo hemos hecho en otras ocasiones, en los tres pasos fronterizos en los cuales tenemos presencia policial, van a recibir refuerzo de personal, entendiendo que el flujo de personas que visiten o salgan de nuestro pa\u00eds puede aumentar, y para eso hemos tomado todas las medidas de resguardo para cumplir de la mejor forma nuestro cometido\u201d.<\/p>\n<p style=\"text-align: justify;\">Adem\u00e1s, el subprefecto Toledo entreg\u00f3 algunas recomendaciones para un control migratorio eficiente y seguro, manteniendo el documento de identidad v\u00e1lido y vigente, presentar el certificado de nacimiento o libreta de familia y\/o autorizaci\u00f3n notarial en caso de viajar con menores de edad.<\/p>\n<p style=\"text-align: justify;\">Asimismo, desde la PDI recomendaron realizar las consultas y los tr\u00e1mites migratorios con anticipaci\u00f3n y revisar la informaci\u00f3n disponible en las redes sociales y el sitio web <a href=\"http:\/\/www.pdichile.cl\">www.pdichile.cl<\/a>.<\/p>\n<\/div><\/section><\/div><div  style='height:50px' class='hr hr-invisible   avia-builder-el-6  el_after_av_one_full  el_before_av_social_share '><span class='hr-inner ' ><span class='hr-inner-style'><\/span><\/span><\/div><\/p>\n<div  class='av-social-sharing-box  avia-builder-el-7  el_after_av_hr  el_before_av_hr  '><div class='av-share-box'><h5 class='av-share-link-description av-no-toc '>Compartir esta noticia<\/h5><ul class='av-share-box-list noLightbox'><li class='av-share-link av-social-link-facebook' ><a target=\"_blank\" aria-label=\"Compartir en Facebook\" href='https:\/\/www.facebook.com\/sharer.php?u=https:\/\/radiorevelacionfm.cl\/?p=59313&#038;t=PDI%20realiza%20llamado%20a%20disfrutar%20con%20responsabilidad%20y%20denunciar%20delitos%20durante%20Fiestas%20Patrias' aria-hidden='false' data-av_icon='\ue8f3' data-av_iconfont='entypo-fontello' title='' data-avia-related-tooltip='Compartir en Facebook' rel=\"noopener\"><span class='avia_hidden_link_text'>Compartir en Facebook<\/span><\/a><\/li><li class='av-share-link av-social-link-twitter' ><a target=\"_blank\" aria-label=\"Compartir en Twitter\" href='https:\/\/twitter.com\/share?text=PDI%20realiza%20llamado%20a%20disfrutar%20con%20responsabilidad%20y%20denunciar%20delitos%20durante%20Fiestas%20Patrias&#038;url=https:\/\/radiorevelacionfm.cl\/?p=59313' aria-hidden='false' data-av_icon='\ue8f1' data-av_iconfont='entypo-fontello' title='' data-avia-related-tooltip='Compartir en Twitter' rel=\"noopener\"><span class='avia_hidden_link_text'>Compartir en Twitter<\/span><\/a><\/li><li class='av-share-link av-social-link-whatsapp' ><a target=\"_blank\" aria-label=\"Compartir en Whatsapp\" href='https:\/\/api.whatsapp.com\/send?text=https:\/\/radiorevelacionfm.cl\/?p=59313' aria-hidden='false' data-av_icon='\uf232' data-av_iconfont='entypo-fontello' title='' data-avia-related-tooltip='Compartir en Whatsapp' rel=\"noopener\"><span class='avia_hidden_link_text'>Compartir en Whatsapp<\/span><\/a><\/li><li class='av-share-link av-social-link-linkedin' ><a target=\"_blank\" aria-label=\"Compartir en LinkedIn\" href='https:\/\/linkedin.com\/shareArticle?mini=true&#038;title=PDI%20realiza%20llamado%20a%20disfrutar%20con%20responsabilidad%20y%20denunciar%20delitos%20durante%20Fiestas%20Patrias&#038;url=https:\/\/radiorevelacionfm.cl\/?p=59313' aria-hidden='false' data-av_icon='\ue8fc' data-av_iconfont='entypo-fontello' title='' data-avia-related-tooltip='Compartir en LinkedIn' rel=\"noopener\"><span class='avia_hidden_link_text'>Compartir en LinkedIn<\/span><\/a><\/li><li class='av-share-link av-social-link-mail' ><a  aria-label=\"Compartir por correo\" href='mailto:?subject=PDI%20realiza%20llamado%20a%20disfrutar%20con%20responsabilidad%20y%20denunciar%20delitos%20durante%20Fiestas%20Patrias&#038;body=https:\/\/radiorevelacionfm.cl\/?p=59313' aria-hidden='false' data-av_icon='\ue805' data-av_iconfont='entypo-fontello' title='' data-avia-related-tooltip='Compartir por correo'><span class='avia_hidden_link_text'>Compartir por correo<\/span><\/a><\/li><\/ul><\/div><\/div>\n<div  style='height:50px' class='hr hr-invisible   avia-builder-el-8  el_after_av_social_share  el_before_av_comments_list '><span class='hr-inner ' ><span class='hr-inner-style'><\/span><\/span><\/div>\n<div  class='av-buildercomment  av-blog-meta-html-info-disabled av-blog-meta-tag-disabled  '><\/div>\n","protected":false},"excerpt":{"rendered":"","protected":false},"author":1,"featured_media":13990,"comment_status":"closed","ping_status":"closed","sticky":false,"template":"","format":"standard","meta":{"footnotes":""},"categories":[36],"tags":[],"class_list":["post-59313","post","type-post","status-publish","format-standard","has-post-thumbnail","hentry","category-policial"],"jetpack_featured_media_url":"https:\/\/radiorevelacionfm.cl\/wp-content\/uploads\/2022\/02\/pdi-ruta-1_optimized.jpg","_links":{"self":[{"href":"https:\/\/radiorevelacionfm.cl\/index.php?rest_route=\/wp\/v2\/posts\/59313","targetHints":{"allow":["GET"]}}],"collection":[{"href":"https:\/\/radiorevelacionfm.cl\/index.php?rest_route=\/wp\/v2\/posts"}],"about":[{"href":"https:\/\/radiorevelacionfm.cl\/index.php?rest_route=\/wp\/v2\/types\/post"}],"author":[{"embeddable":true,"href":"https:\/\/radiorevelacionfm.cl\/index.php?rest_route=\/wp\/v2\/users\/1"}],"replies":[{"embeddable":true,"href":"https:\/\/radiorevelacionfm.cl\/index.php?rest_route=%2Fwp%2Fv2%2Fcomments&post=59313"}],"version-history":[{"count":2,"href":"https:\/\/radiorevelacionfm.cl\/index.php?rest_route=\/wp\/v2\/posts\/59313\/revisions"}],"predecessor-version":[{"id":59338,"href":"https:\/\/radiorevelacionfm.cl\/index.php?rest_route=\/wp\/v2\/posts\/59313\/revisions\/59338"}],"wp:featuredmedia":[{"embeddable":true,"href":"https:\/\/radiorevelacionfm.cl\/index.php?rest_route=\/wp\/v2\/media\/13990"}],"wp:attachment":[{"href":"https:\/\/radiorevelacionfm.cl\/index.php?rest_route=%2Fwp%2Fv2%2Fmedia&parent=59313"}],"wp:term":[{"taxonomy":"category","embeddable":true,"href":"https:\/\/radiorevelacionfm.cl\/index.php?rest_route=%2Fwp%2Fv2%2Fcategories&post=59313"},{"taxonomy":"post_tag","embeddable":true,"href":"https:\/\/radiorevelacionfm.cl\/index.php?rest_route=%2Fwp%2Fv2%2Ftags&post=59313"}],"curies":[{"name":"wp","href":"https:\/\/api.w.org\/{rel}","templated":true}]}}