{"id":59309,"date":"2025-09-16T17:54:30","date_gmt":"2025-09-16T20:54:30","guid":{"rendered":"https:\/\/radiorevelacionfm.cl\/?p=59309"},"modified":"2025-09-16T17:54:30","modified_gmt":"2025-09-16T20:54:30","slug":"abierto-proceso-de-admision-para-gendarmes-alumnos-2026","status":"publish","type":"post","link":"https:\/\/radiorevelacionfm.cl\/?p=59309","title":{"rendered":"Abierto proceso de admisi\u00f3n para Gendarmes alumnos 2026"},"content":{"rendered":"<div class=\"flex_column av_one_full  flex_column_div av-zero-column-padding first  avia-builder-el-0  el_before_av_one_full  avia-builder-el-first  \" style='border-radius:0px; '><div  class='avia-image-container  av-styling-    avia-builder-el-1  avia-builder-el-no-sibling  avia-align-center '  itemprop=\"image\" itemscope=\"itemscope\" itemtype=\"https:\/\/schema.org\/ImageObject\"  ><div class='avia-image-container-inner'><div class='avia-image-overlay-wrap'><img decoding=\"async\" class='wp-image-59310 avia-img-lazy-loading-not-59310 avia_image' src=\"https:\/\/radiorevelacionfm.cl\/wp-content\/uploads\/2025\/09\/1-gg_optimized.aa-admision-2025-1-1.jpg\" alt='' title='1-gg_optimized.aa-admision-2025-(1) (1)' height=\"800\" width=\"800\"  itemprop=\"thumbnailUrl\" srcset=\"https:\/\/radiorevelacionfm.cl\/wp-content\/uploads\/2025\/09\/1-gg_optimized.aa-admision-2025-1-1.jpg 800w, https:\/\/radiorevelacionfm.cl\/wp-content\/uploads\/2025\/09\/1-gg_optimized.aa-admision-2025-1-1-300x300.jpg 300w, https:\/\/radiorevelacionfm.cl\/wp-content\/uploads\/2025\/09\/1-gg_optimized.aa-admision-2025-1-1-80x80.jpg 80w, https:\/\/radiorevelacionfm.cl\/wp-content\/uploads\/2025\/09\/1-gg_optimized.aa-admision-2025-1-1-768x768.jpg 768w, https:\/\/radiorevelacionfm.cl\/wp-content\/uploads\/2025\/09\/1-gg_optimized.aa-admision-2025-1-1-36x36.jpg 36w, https:\/\/radiorevelacionfm.cl\/wp-content\/uploads\/2025\/09\/1-gg_optimized.aa-admision-2025-1-1-180x180.jpg 180w, https:\/\/radiorevelacionfm.cl\/wp-content\/uploads\/2025\/09\/1-gg_optimized.aa-admision-2025-1-1-705x705.jpg 705w, https:\/\/radiorevelacionfm.cl\/wp-content\/uploads\/2025\/09\/1-gg_optimized.aa-admision-2025-1-1-120x120.jpg 120w, https:\/\/radiorevelacionfm.cl\/wp-content\/uploads\/2025\/09\/1-gg_optimized.aa-admision-2025-1-1-450x450.jpg 450w, https:\/\/radiorevelacionfm.cl\/wp-content\/uploads\/2025\/09\/1-gg_optimized.aa-admision-2025-1-1-600x600.jpg 600w, https:\/\/radiorevelacionfm.cl\/wp-content\/uploads\/2025\/09\/1-gg_optimized.aa-admision-2025-1-1-100x100.jpg 100w\" sizes=\"(max-width: 800px) 100vw, 800px\" \/><\/div><\/div><\/div><\/div><div class=\"flex_column av_one_full  flex_column_div av-zero-column-padding first  avia-builder-el-2  el_after_av_one_full  el_before_av_one_full  column-top-margin\" style='border-radius:0px; '><section class=\"av_textblock_section \"  itemscope=\"itemscope\" itemtype=\"https:\/\/schema.org\/BlogPosting\" itemprop=\"blogPost\" ><div class='avia_textblock  '   itemprop=\"text\" ><p style=\"text-align: center;\"><strong><span style=\"font-size: 18pt;\">Abierto proceso de admisi\u00f3n para Gendarmes alumnos 2026<\/span><\/strong><\/p>\n<div id=\"gtx-trans\" style=\"position: absolute; left: -50px; top: 4.31534px;\">\n<div class=\"gtx-trans-icon\"><\/div>\n<\/div>\n<\/div><\/section><\/div><div class=\"flex_column av_one_full  flex_column_div av-zero-column-padding first  avia-builder-el-4  el_after_av_one_full  el_before_av_hr  column-top-margin\" style='border-radius:0px; '><section class=\"av_textblock_section \"  itemscope=\"itemscope\" itemtype=\"https:\/\/schema.org\/BlogPosting\" itemprop=\"blogPost\" ><div class='avia_textblock  '   itemprop=\"text\" ><p style=\"text-align: justify;\"><em>La Escuela de Gendarmer\u00eda de Chile est\u00e1 desarrollando el Proceso de Admisi\u00f3n 2026, para Gendarmes Alumnos y Alumnas. Los interesados pueden postular hasta el 29 de septiembre.<\/em><\/p>\n<p style=\"text-align: justify;\">J\u00f3venes \u2013hombres y mujeres- de entre 18 y 25 a\u00f1os de edad, podr\u00edan ser parte de la Escuela de Formaci\u00f3n Penitenciaria, postulando al proceso de Admisi\u00f3n que se encuentra en curso, para Gendarmes Alumnos y Alumnas.<\/p>\n<p style=\"text-align: justify;\">La jefa de la Secci\u00f3n Admisi\u00f3n de la Escuela de Gendarmer\u00eda de Chile, Mayor Viviana Sanhueza Escobar, explic\u00f3 que, \u201cnos encontramos efectuando un llamado a los j\u00f3venes a ser parte de una Instituci\u00f3n clave para la seguridad de nuestro pa\u00eds\u201d.<\/p>\n<p style=\"text-align: justify;\">\u201cEn esta etapa inicial, deber\u00e1n remitir la documentaci\u00f3n necesaria, reunir certificados de nacimiento, de antecedentes personales, de estado de solter\u00eda, de situaci\u00f3n militar al d\u00eda, concentraci\u00f3n de notas, entre otros. La inscripci\u00f3n se realiza mediante registro en l\u00ednea desde el sitio oficial, con la verificaci\u00f3n de identidad digital de Clave \u00danica\u201d, se\u00f1ala.<\/p>\n<p style=\"text-align: justify;\">Dentro de los requisitos para postular, se encuentran: ser chileno (a), ser soltero (a), estatura m\u00ednima mujeres 1.58 metros y hombres 1.65 metros, edad entre 18 y 25 a\u00f1os al d\u00eda del ingreso al plantel, hombres con situaci\u00f3n militar al d\u00eda (no implica haberlo realizado).<\/p>\n<p style=\"text-align: justify;\">Adem\u00e1s, se exige tener un estado de salud compatible con el trabajo penitenciario, antecedentes personales intachables, y tener segundo a\u00f1o de ense\u00f1anza media aprobada.<\/p>\n<p style=\"text-align: justify;\">El plazo de postulaci\u00f3n se extiende hasta el lunes 29 de septiembre de 2025, a las 13:00 horas.<\/p>\n<p style=\"text-align: justify;\">La informaci\u00f3n est\u00e1 disponible en la p\u00e1gina web <u>escueladegendarmeria.gob.cl<\/u> o pueden escribir al correo electr\u00f3nico <a href=\"mailto:admision.escuela@gendarmeria.cl\">admision.escuela@gendarmeria.cl<\/a>. Quienes avancen en el proceso de selecci\u00f3n luego deber\u00e1n\u00a0 rendir\u00a0 evaluaciones psicol\u00f3gicas, ex\u00e1menes m\u00e9dicos, pruebas f\u00edsicas y entrevistas personales.<\/p>\n<\/div><\/section><\/div><div  style='height:50px' class='hr hr-invisible   avia-builder-el-6  el_after_av_one_full  el_before_av_social_share '><span class='hr-inner ' ><span class='hr-inner-style'><\/span><\/span><\/div><\/p>\n<div  class='av-social-sharing-box  avia-builder-el-7  el_after_av_hr  el_before_av_hr  '><div class='av-share-box'><h5 class='av-share-link-description av-no-toc '>Compartir esta noticia<\/h5><ul class='av-share-box-list noLightbox'><li class='av-share-link av-social-link-facebook' ><a target=\"_blank\" aria-label=\"Compartir en Facebook\" href='https:\/\/www.facebook.com\/sharer.php?u=https:\/\/radiorevelacionfm.cl\/?p=59309&#038;t=Abierto%20proceso%20de%20admisi%C3%B3n%20para%20Gendarmes%20alumnos%202026' aria-hidden='false' data-av_icon='\ue8f3' data-av_iconfont='entypo-fontello' title='' data-avia-related-tooltip='Compartir en Facebook' rel=\"noopener\"><span class='avia_hidden_link_text'>Compartir en Facebook<\/span><\/a><\/li><li class='av-share-link av-social-link-twitter' ><a target=\"_blank\" aria-label=\"Compartir en Twitter\" href='https:\/\/twitter.com\/share?text=Abierto%20proceso%20de%20admisi%C3%B3n%20para%20Gendarmes%20alumnos%202026&#038;url=https:\/\/radiorevelacionfm.cl\/?p=59309' aria-hidden='false' data-av_icon='\ue8f1' data-av_iconfont='entypo-fontello' title='' data-avia-related-tooltip='Compartir en Twitter' rel=\"noopener\"><span class='avia_hidden_link_text'>Compartir en Twitter<\/span><\/a><\/li><li class='av-share-link av-social-link-whatsapp' ><a target=\"_blank\" aria-label=\"Compartir en Whatsapp\" href='https:\/\/api.whatsapp.com\/send?text=https:\/\/radiorevelacionfm.cl\/?p=59309' aria-hidden='false' data-av_icon='\uf232' data-av_iconfont='entypo-fontello' title='' data-avia-related-tooltip='Compartir en Whatsapp' rel=\"noopener\"><span class='avia_hidden_link_text'>Compartir en Whatsapp<\/span><\/a><\/li><li class='av-share-link av-social-link-linkedin' ><a target=\"_blank\" aria-label=\"Compartir en LinkedIn\" href='https:\/\/linkedin.com\/shareArticle?mini=true&#038;title=Abierto%20proceso%20de%20admisi%C3%B3n%20para%20Gendarmes%20alumnos%202026&#038;url=https:\/\/radiorevelacionfm.cl\/?p=59309' aria-hidden='false' data-av_icon='\ue8fc' data-av_iconfont='entypo-fontello' title='' data-avia-related-tooltip='Compartir en LinkedIn' rel=\"noopener\"><span class='avia_hidden_link_text'>Compartir en LinkedIn<\/span><\/a><\/li><li class='av-share-link av-social-link-mail' ><a  aria-label=\"Compartir por correo\" href='mailto:?subject=Abierto%20proceso%20de%20admisi%C3%B3n%20para%20Gendarmes%20alumnos%202026&#038;body=https:\/\/radiorevelacionfm.cl\/?p=59309' aria-hidden='false' data-av_icon='\ue805' data-av_iconfont='entypo-fontello' title='' data-avia-related-tooltip='Compartir por correo'><span class='avia_hidden_link_text'>Compartir por correo<\/span><\/a><\/li><\/ul><\/div><\/div>\n<div  style='height:50px' class='hr hr-invisible   avia-builder-el-8  el_after_av_social_share  el_before_av_comments_list '><span class='hr-inner ' ><span class='hr-inner-style'><\/span><\/span><\/div>\n<div  class='av-buildercomment  av-blog-meta-html-info-disabled av-blog-meta-tag-disabled  '><\/div>\n","protected":false},"excerpt":{"rendered":"","protected":false},"author":1,"featured_media":59310,"comment_status":"closed","ping_status":"closed","sticky":false,"template":"","format":"standard","meta":{"footnotes":""},"categories":[61],"tags":[],"class_list":["post-59309","post","type-post","status-publish","format-standard","has-post-thumbnail","hentry","category-nacional"],"jetpack_featured_media_url":"https:\/\/radiorevelacionfm.cl\/wp-content\/uploads\/2025\/09\/1-gg_optimized.aa-admision-2025-1-1.jpg","_links":{"self":[{"href":"https:\/\/radiorevelacionfm.cl\/index.php?rest_route=\/wp\/v2\/posts\/59309","targetHints":{"allow":["GET"]}}],"collection":[{"href":"https:\/\/radiorevelacionfm.cl\/index.php?rest_route=\/wp\/v2\/posts"}],"about":[{"href":"https:\/\/radiorevelacionfm.cl\/index.php?rest_route=\/wp\/v2\/types\/post"}],"author":[{"embeddable":true,"href":"https:\/\/radiorevelacionfm.cl\/index.php?rest_route=\/wp\/v2\/users\/1"}],"replies":[{"embeddable":true,"href":"https:\/\/radiorevelacionfm.cl\/index.php?rest_route=%2Fwp%2Fv2%2Fcomments&post=59309"}],"version-history":[{"count":2,"href":"https:\/\/radiorevelacionfm.cl\/index.php?rest_route=\/wp\/v2\/posts\/59309\/revisions"}],"predecessor-version":[{"id":59312,"href":"https:\/\/radiorevelacionfm.cl\/index.php?rest_route=\/wp\/v2\/posts\/59309\/revisions\/59312"}],"wp:featuredmedia":[{"embeddable":true,"href":"https:\/\/radiorevelacionfm.cl\/index.php?rest_route=\/wp\/v2\/media\/59310"}],"wp:attachment":[{"href":"https:\/\/radiorevelacionfm.cl\/index.php?rest_route=%2Fwp%2Fv2%2Fmedia&parent=59309"}],"wp:term":[{"taxonomy":"category","embeddable":true,"href":"https:\/\/radiorevelacionfm.cl\/index.php?rest_route=%2Fwp%2Fv2%2Fcategories&post=59309"},{"taxonomy":"post_tag","embeddable":true,"href":"https:\/\/radiorevelacionfm.cl\/index.php?rest_route=%2Fwp%2Fv2%2Ftags&post=59309"}],"curies":[{"name":"wp","href":"https:\/\/api.w.org\/{rel}","templated":true}]}}