{"id":59307,"date":"2025-09-17T16:59:21","date_gmt":"2025-09-17T19:59:21","guid":{"rendered":"https:\/\/radiorevelacionfm.cl\/?p=59307"},"modified":"2025-09-17T16:59:21","modified_gmt":"2025-09-17T19:59:21","slug":"tolerancia-cero-en-fiestas-patrias-la-importancia-de-cuidarse","status":"publish","type":"post","link":"https:\/\/radiorevelacionfm.cl\/?p=59307","title":{"rendered":"Tolerancia cero en Fiestas Patrias: La importancia de cuidarse"},"content":{"rendered":"<div class=\"flex_column av_one_full  flex_column_div av-zero-column-padding first  avia-builder-el-0  el_before_av_one_full  avia-builder-el-first  \" style='border-radius:0px; '><div  class='avia-image-container  av-styling-    avia-builder-el-1  avia-builder-el-no-sibling  avia-align-center '  itemprop=\"image\" itemscope=\"itemscope\" itemtype=\"https:\/\/schema.org\/ImageObject\"  ><div class='avia-image-container-inner'><div class='avia-image-overlay-wrap'><img decoding=\"async\" class='wp-image-58996 avia-img-lazy-loading-not-58996 avia_image' src=\"https:\/\/radiorevelacionfm.cl\/wp-content\/uploads\/2025\/09\/20250905_104547-1_optimized-1.jpg\" alt='' title='20250905_104547-(1)_optimized (1)' height=\"600\" width=\"1066\"  itemprop=\"thumbnailUrl\" srcset=\"https:\/\/radiorevelacionfm.cl\/wp-content\/uploads\/2025\/09\/20250905_104547-1_optimized-1.jpg 1066w, https:\/\/radiorevelacionfm.cl\/wp-content\/uploads\/2025\/09\/20250905_104547-1_optimized-1-300x169.jpg 300w, https:\/\/radiorevelacionfm.cl\/wp-content\/uploads\/2025\/09\/20250905_104547-1_optimized-1-1030x580.jpg 1030w, https:\/\/radiorevelacionfm.cl\/wp-content\/uploads\/2025\/09\/20250905_104547-1_optimized-1-768x432.jpg 768w, https:\/\/radiorevelacionfm.cl\/wp-content\/uploads\/2025\/09\/20250905_104547-1_optimized-1-705x397.jpg 705w, https:\/\/radiorevelacionfm.cl\/wp-content\/uploads\/2025\/09\/20250905_104547-1_optimized-1-450x253.jpg 450w, https:\/\/radiorevelacionfm.cl\/wp-content\/uploads\/2025\/09\/20250905_104547-1_optimized-1-600x338.jpg 600w\" sizes=\"(max-width: 1066px) 100vw, 1066px\" \/><\/div><\/div><\/div><\/div><div class=\"flex_column av_one_full  flex_column_div av-zero-column-padding first  avia-builder-el-2  el_after_av_one_full  el_before_av_one_full  column-top-margin\" style='border-radius:0px; '><section class=\"av_textblock_section \"  itemscope=\"itemscope\" itemtype=\"https:\/\/schema.org\/BlogPosting\" itemprop=\"blogPost\" ><div class='avia_textblock  '   itemprop=\"text\" ><p style=\"text-align: center;\"><strong><span style=\"font-size: 18pt;\">Tolerancia cero en Fiestas Patrias: La importancia de cuidarse<\/span><\/strong><\/p>\n<div id=\"gtx-trans\" style=\"position: absolute; left: -50px; top: 4.31534px;\">\n<div class=\"gtx-trans-icon\"><\/div>\n<\/div>\n<\/div><\/section><\/div><\/p>\n<div class=\"flex_column av_one_full  flex_column_div av-zero-column-padding first  avia-builder-el-4  el_after_av_one_full  el_before_av_hr  column-top-margin\" style='border-radius:0px; '><section class=\"av_textblock_section \"  itemscope=\"itemscope\" itemtype=\"https:\/\/schema.org\/BlogPosting\" itemprop=\"blogPost\" ><div class='avia_textblock  '   itemprop=\"text\" ><p style=\"text-align: justify;\">El Gobierno hace el llamado a reforzar la prevenci\u00f3n y la seguridad durante este fin de semana largo de Fiestas Patrias en la regi\u00f3n de Ays\u00e9n, donde se est\u00e1n llevando a cabo fiscalizaciones, operativos de control vehicular y se contemplan inspecciones en el comercio, fondas y ramadas.<\/p>\n<p style=\"text-align: justify;\">Desde la Seremi de Seguridad P\u00fablica de Ays\u00e9n, el trabajo comenz\u00f3 con un despliegue la primera semana de septiembre, mediante una fiscalizaci\u00f3n preventiva a personas y veh\u00edculos en Cochrane, Tortel y Puerto Yungay. Este operativo, cont\u00f3 con la presencia del Delegado Presidencial Regional, Jorge D\u00edaz Guzm\u00e1n, la Delegada Provincial de Capit\u00e1n Prat, Marta Montiel, y la Seremi de Seguridad P\u00fablica, Ruth Vallejos Cuiti\u00f1o, junto a equipos de Aduanas, Servicio de Impuestos Internos, Armada, Carabineros y PDI.<\/p>\n<p style=\"text-align: justify;\">Esto permiti\u00f3 el control de drogas, cargas y la regularidad de los traslados. Adem\u00e1s, de la inspecci\u00f3n de las rampas, el ferry Crux Australis, por parte de seguridad mar\u00edtima; fiscalizaci\u00f3n de drogas y documentaci\u00f3n de veh\u00edculos a trav\u00e9s de Centauro y la secci\u00f3n OS-7, con apoyo del can detector de drogas Gazu, por parte de Carabineros; y la revisi\u00f3n de personas y veh\u00edculos en busca de droga con ayuda del ejemplar canino Jade, por parte de la PDI.<\/p>\n<p style=\"text-align: justify;\">As\u00ed, el Gobierno y sus instituciones se preparan para poder resguardar a las personas durante Fiestas Patrias \u201cQueremos invitar a toda la regi\u00f3n de Ays\u00e9n a disfrutar estas fiestas de manera segura, planificada y con responsabilidad. Como Gobierno nos hemos preparado con despliegues de fiscalizaciones en transportes, salud, trabajo y consumo de alcohol y drogas. Queremos que estas fiestas no se conviertan en tragedias, por eso hacemos el llamado a cuidarnos entre todas y todos\u201d, se\u00f1al\u00f3 la Seremi de Gobierno, \u00darsula Mix.<\/p>\n<p style=\"text-align: justify;\">El Programa Tolerancia Cero, implementado por Carabineros y Senda, que busca prevenir la conducci\u00f3n bajo efectos del alcohol y drogas mediante alcotest y narcotest, arroj\u00f3 que al 12 de septiembre de 2025, se han realizado 69.968 controles en todo el pa\u00eds, retirando a 1.706 personas con una positividad del 2,4%. Solo en septiembre, se han efectuado 1.316 controles, con 35 personas retiradas (2,6% de positividad). Los positivos se concentran en j\u00f3venes: el 51 % de los casos por drogas corresponde a menores de 29 a\u00f1os, y el 33 % de los casos por alcohol a personas entre 30 y 49 a\u00f1os.<\/p>\n<p style=\"text-align: justify;\">Sobre las medidas, se refiri\u00f3 la Seremi de Seguridad P\u00fablica \u201cQuisiera destacar el trabajo interinstitucional conjunto de las polic\u00edas y las diferentes instituciones que tienen facultades fiscalizadoras y que se han desplegado en un trabajo conjunto activo, para cuidar de que todos tengamos en Ays\u00e9n unas Fiestas Patrias Seguras. Quiero destacar tambi\u00e9n, que en lo que llevamos de presencia fiscalizadora nos hemos percatado que todos nos estamos cuidando llevando nuestra documentaci\u00f3n al d\u00eda. Y en esto destacar, que el autocuidado es esencial, porque la primera barrera son ustedes. Luego est\u00e1 el fiscalizador, luego est\u00e1 la polic\u00eda. Cuid\u00e9monos para que todos disfrutemos este 18 en forma segura\u201d, concluy\u00f3.<\/p>\n<\/div><\/section><\/div>\n<div  style='height:50px' class='hr hr-invisible   avia-builder-el-6  el_after_av_one_full  el_before_av_social_share '><span class='hr-inner ' ><span class='hr-inner-style'><\/span><\/span><\/div>\n<div  class='av-social-sharing-box  avia-builder-el-7  el_after_av_hr  el_before_av_hr  '><div class='av-share-box'><h5 class='av-share-link-description av-no-toc '>Compartir esta noticia<\/h5><ul class='av-share-box-list noLightbox'><li class='av-share-link av-social-link-facebook' ><a target=\"_blank\" aria-label=\"Compartir en Facebook\" href='https:\/\/www.facebook.com\/sharer.php?u=https:\/\/radiorevelacionfm.cl\/?p=59307&#038;t=Tolerancia%20cero%20en%20Fiestas%20Patrias%3A%20La%20importancia%20de%20cuidarse' aria-hidden='false' data-av_icon='\ue8f3' data-av_iconfont='entypo-fontello' title='' data-avia-related-tooltip='Compartir en Facebook' rel=\"noopener\"><span class='avia_hidden_link_text'>Compartir en Facebook<\/span><\/a><\/li><li class='av-share-link av-social-link-twitter' ><a target=\"_blank\" aria-label=\"Compartir en Twitter\" href='https:\/\/twitter.com\/share?text=Tolerancia%20cero%20en%20Fiestas%20Patrias%3A%20La%20importancia%20de%20cuidarse&#038;url=https:\/\/radiorevelacionfm.cl\/?p=59307' aria-hidden='false' data-av_icon='\ue8f1' data-av_iconfont='entypo-fontello' title='' data-avia-related-tooltip='Compartir en Twitter' rel=\"noopener\"><span class='avia_hidden_link_text'>Compartir en Twitter<\/span><\/a><\/li><li class='av-share-link av-social-link-whatsapp' ><a target=\"_blank\" aria-label=\"Compartir en Whatsapp\" href='https:\/\/api.whatsapp.com\/send?text=https:\/\/radiorevelacionfm.cl\/?p=59307' aria-hidden='false' data-av_icon='\uf232' data-av_iconfont='entypo-fontello' title='' data-avia-related-tooltip='Compartir en Whatsapp' rel=\"noopener\"><span class='avia_hidden_link_text'>Compartir en Whatsapp<\/span><\/a><\/li><li class='av-share-link av-social-link-linkedin' ><a target=\"_blank\" aria-label=\"Compartir en LinkedIn\" href='https:\/\/linkedin.com\/shareArticle?mini=true&#038;title=Tolerancia%20cero%20en%20Fiestas%20Patrias%3A%20La%20importancia%20de%20cuidarse&#038;url=https:\/\/radiorevelacionfm.cl\/?p=59307' aria-hidden='false' data-av_icon='\ue8fc' data-av_iconfont='entypo-fontello' title='' data-avia-related-tooltip='Compartir en LinkedIn' rel=\"noopener\"><span class='avia_hidden_link_text'>Compartir en LinkedIn<\/span><\/a><\/li><li class='av-share-link av-social-link-mail' ><a  aria-label=\"Compartir por correo\" href='mailto:?subject=Tolerancia%20cero%20en%20Fiestas%20Patrias%3A%20La%20importancia%20de%20cuidarse&#038;body=https:\/\/radiorevelacionfm.cl\/?p=59307' aria-hidden='false' data-av_icon='\ue805' data-av_iconfont='entypo-fontello' title='' data-avia-related-tooltip='Compartir por correo'><span class='avia_hidden_link_text'>Compartir por correo<\/span><\/a><\/li><\/ul><\/div><\/div>\n<div  style='height:50px' class='hr hr-invisible   avia-builder-el-8  el_after_av_social_share  el_before_av_comments_list '><span class='hr-inner ' ><span class='hr-inner-style'><\/span><\/span><\/div>\n<div  class='av-buildercomment  av-blog-meta-html-info-disabled av-blog-meta-tag-disabled  '><\/div>\n","protected":false},"excerpt":{"rendered":"","protected":false},"author":1,"featured_media":58996,"comment_status":"closed","ping_status":"closed","sticky":false,"template":"","format":"standard","meta":{"footnotes":""},"categories":[38],"tags":[],"class_list":["post-59307","post","type-post","status-publish","format-standard","has-post-thumbnail","hentry","category-regional"],"jetpack_featured_media_url":"https:\/\/radiorevelacionfm.cl\/wp-content\/uploads\/2025\/09\/20250905_104547-1_optimized-1.jpg","_links":{"self":[{"href":"https:\/\/radiorevelacionfm.cl\/index.php?rest_route=\/wp\/v2\/posts\/59307","targetHints":{"allow":["GET"]}}],"collection":[{"href":"https:\/\/radiorevelacionfm.cl\/index.php?rest_route=\/wp\/v2\/posts"}],"about":[{"href":"https:\/\/radiorevelacionfm.cl\/index.php?rest_route=\/wp\/v2\/types\/post"}],"author":[{"embeddable":true,"href":"https:\/\/radiorevelacionfm.cl\/index.php?rest_route=\/wp\/v2\/users\/1"}],"replies":[{"embeddable":true,"href":"https:\/\/radiorevelacionfm.cl\/index.php?rest_route=%2Fwp%2Fv2%2Fcomments&post=59307"}],"version-history":[{"count":3,"href":"https:\/\/radiorevelacionfm.cl\/index.php?rest_route=\/wp\/v2\/posts\/59307\/revisions"}],"predecessor-version":[{"id":59354,"href":"https:\/\/radiorevelacionfm.cl\/index.php?rest_route=\/wp\/v2\/posts\/59307\/revisions\/59354"}],"wp:featuredmedia":[{"embeddable":true,"href":"https:\/\/radiorevelacionfm.cl\/index.php?rest_route=\/wp\/v2\/media\/58996"}],"wp:attachment":[{"href":"https:\/\/radiorevelacionfm.cl\/index.php?rest_route=%2Fwp%2Fv2%2Fmedia&parent=59307"}],"wp:term":[{"taxonomy":"category","embeddable":true,"href":"https:\/\/radiorevelacionfm.cl\/index.php?rest_route=%2Fwp%2Fv2%2Fcategories&post=59307"},{"taxonomy":"post_tag","embeddable":true,"href":"https:\/\/radiorevelacionfm.cl\/index.php?rest_route=%2Fwp%2Fv2%2Ftags&post=59307"}],"curies":[{"name":"wp","href":"https:\/\/api.w.org\/{rel}","templated":true}]}}