{"id":59303,"date":"2025-09-16T17:33:28","date_gmt":"2025-09-16T20:33:28","guid":{"rendered":"https:\/\/radiorevelacionfm.cl\/?p=59303"},"modified":"2025-09-16T17:33:28","modified_gmt":"2025-09-16T20:33:28","slug":"18-seguro-seremi-de-la-mujer-y-la-equidad-de-genero-y-carabineros-dan-a-conocer-medidas-de-prevencion-y-proteccion-en-casos-de-violencia-de-genero","status":"publish","type":"post","link":"https:\/\/radiorevelacionfm.cl\/?p=59303","title":{"rendered":"18 Seguro: Seremi de la Mujer y la Equidad de G\u00e9nero y Carabineros dan a conocer medidas de prevenci\u00f3n y protecci\u00f3n en casos de violencia de g\u00e9nero"},"content":{"rendered":"<div class=\"flex_column av_one_full  flex_column_div av-zero-column-padding first  avia-builder-el-0  el_before_av_one_full  avia-builder-el-first  \" style='border-radius:0px; '><div  class='avia-image-container  av-styling-    avia-builder-el-1  avia-builder-el-no-sibling  avia-align-center '  itemprop=\"image\" itemscope=\"itemscope\" itemtype=\"https:\/\/schema.org\/ImageObject\"  ><div class='avia-image-container-inner'><div class='avia-image-overlay-wrap'><img decoding=\"async\" class='wp-image-59304 avia-img-lazy-loading-not-59304 avia_image' src=\"https:\/\/radiorevelacionfm.cl\/wp-content\/uploads\/2025\/09\/catalogo-1-1_optimized-1.jpeg\" alt='' title='cat\u00e1logo-1-(1)_optimized (1)' height=\"600\" width=\"800\"  itemprop=\"thumbnailUrl\" srcset=\"https:\/\/radiorevelacionfm.cl\/wp-content\/uploads\/2025\/09\/catalogo-1-1_optimized-1.jpeg 800w, https:\/\/radiorevelacionfm.cl\/wp-content\/uploads\/2025\/09\/catalogo-1-1_optimized-1-300x225.jpeg 300w, https:\/\/radiorevelacionfm.cl\/wp-content\/uploads\/2025\/09\/catalogo-1-1_optimized-1-768x576.jpeg 768w, https:\/\/radiorevelacionfm.cl\/wp-content\/uploads\/2025\/09\/catalogo-1-1_optimized-1-705x529.jpeg 705w, https:\/\/radiorevelacionfm.cl\/wp-content\/uploads\/2025\/09\/catalogo-1-1_optimized-1-450x338.jpeg 450w, https:\/\/radiorevelacionfm.cl\/wp-content\/uploads\/2025\/09\/catalogo-1-1_optimized-1-600x450.jpeg 600w\" sizes=\"(max-width: 800px) 100vw, 800px\" \/><\/div><\/div><\/div><\/div><div class=\"flex_column av_one_full  flex_column_div av-zero-column-padding first  avia-builder-el-2  el_after_av_one_full  el_before_av_one_full  column-top-margin\" style='border-radius:0px; '><section class=\"av_textblock_section \"  itemscope=\"itemscope\" itemtype=\"https:\/\/schema.org\/BlogPosting\" itemprop=\"blogPost\" ><div class='avia_textblock  '   itemprop=\"text\" ><p style=\"text-align: center;\"><span style=\"font-size: 18pt;\"><b>18 Seguro: Seremi de la Mujer y la Equidad de G\u00e9nero y Carabineros dan a conocer medidas de prevenci\u00f3n y protecci\u00f3n en casos de violencia de g\u00e9nero<\/b><\/span><\/p>\n<div id=\"gtx-trans\" style=\"position: absolute; left: -50px; top: 4.31534px;\">\n<div class=\"gtx-trans-icon\"><\/div>\n<\/div>\n<\/div><\/section><\/div><div class=\"flex_column av_one_full  flex_column_div av-zero-column-padding first  avia-builder-el-4  el_after_av_one_full  el_before_av_hr  column-top-margin\" style='border-radius:0px; '><section class=\"av_textblock_section \"  itemscope=\"itemscope\" itemtype=\"https:\/\/schema.org\/BlogPosting\" itemprop=\"blogPost\" ><div class='avia_textblock  '   itemprop=\"text\" ><p style=\"font-weight: 400; text-align: justify;\">En el marco de las celebraciones de Fiestas Patrias que se avecinan, la seremi de la Mujer y la Equidad de G\u00e9nero, Isidora Gacit\u00faa Goles, junto al jefe de la XI Zona de Carabineros Ays\u00e9n, el general Eduardo Palma Fuentes, revisaron el cat\u00e1logo de medidas concretas de la nueva Ley Integral para Prevenir, Sancionar y Erradicar la Violencia contra las Mujeres.<\/p>\n<p style=\"font-weight: 400; text-align: justify;\">A este punto de prensa, llevado a cabo en la 1era Comisar\u00eda de Coyhaique, asistieron tambi\u00e9n la seremi de Seguridad P\u00fablica, Ruth Vallejos Cuiti\u00f1o, la directora regional del Servicio Nacional de la Mujer y la Equidad de G\u00e9nero (SernamEG), Patricia Baeza Cabezas, y la directora regional de Fundaci\u00f3n Prodemu, Ingrid Osorio Santana.<\/p>\n<p style=\"font-weight: 400; text-align: justify;\">\u201cLa Ley Integral, luego de estar siete a\u00f1os en el Congreso, se pudo finalmente aprobar el a\u00f1o 2024. Ya llevamos m\u00e1s de un a\u00f1o desde su implementaci\u00f3n, y esto ha sido tremendamente relevante porque lo que hace es fortalecer el rol del Estado para prevenir, sancionar y erradicar la violencia de g\u00e9nero. Hemos avanzado en definir ocho tipos de violencia, donde se incluyen no s\u00f3lo la violencia f\u00edsica, la econ\u00f3mica y la psicol\u00f3gica, sino tambi\u00e9n la gineco-obst\u00e9trica y la simb\u00f3lica, por ejemplo\u201d, se\u00f1al\u00f3 la seremi Isidora Gacit\u00faa Goles.<\/p>\n<p style=\"font-weight: 400; text-align: justify;\">Por su relevancia, este cat\u00e1logo de derechos y garant\u00edas estar\u00e1 disponible en los pr\u00f3ximos meses en las 100 Salas de Familia y en las 95 Oficinas de Violencia Intrafamiliar de Carabineros de Chile, y durante 2026 se distribuir\u00e1 en todas las comisar\u00edas del pa\u00eds. Asimismo, podr\u00e1 encontrarse en los 138 cuarteles de la PDI que cuentan con servicio de guardia.<\/p>\n<p style=\"font-weight: 400; text-align: justify;\">En ese sentido, el general Eduardo Palma Fuentes indic\u00f3 que \u201ces muy importante el poder seguir haciendo fuerzas para disminuir las cifras tan lamentables que existen en torno a la violencia intrafamiliar y de g\u00e9nero. Este cat\u00e1logo, que viene a ser difundido en las comisar\u00edas, ojal\u00e1 pueda llegar a todos los hogares de la regi\u00f3n\u201d.<\/p>\n<p style=\"font-weight: 400; text-align: justify;\">La iniciativa se enmarca en la campa\u00f1a nacional 2025\u00a0<a href=\"https:\/\/leyintegral.cl\/\" data-saferedirecturl=\"https:\/\/www.google.com\/url?q=https:\/\/leyintegral.cl&amp;source=gmail&amp;ust=1758133158850000&amp;usg=AOvVaw3vd2l_CYy2Cu9wqPulXVar\">#UnaLeyEnNombreDeTodas<\/a><em>,<\/em>\u00a0impulsada por el Ministerio de la Mujer y la Equidad de G\u00e9nero para difundir los alcances de la nueva Ley Integral para Prevenir, Sancionar y Erradicar la Violencia contra las Mujeres, los que se pueden conocer en la p\u00e1gina web\u00a0<a href=\"http:\/\/www.leyintegral.cl\/\" data-saferedirecturl=\"https:\/\/www.google.com\/url?q=http:\/\/www.leyintegral.cl&amp;source=gmail&amp;ust=1758133158850000&amp;usg=AOvVaw29J5lgPxDwVTGoXvBAAOpo\">www.leyintegral.cl<\/a>.<\/p>\n<p style=\"font-weight: 400; text-align: justify;\">\u201cTenemos habilitados en todos los recintos policiales, tanto de Carabineros como de la PDI, funcionarios y funcionarias que van a acoger las denuncias de las mujeres, y de las personas que se vean afectadas por la violencia de g\u00e9nero, sea como v\u00edctimas o como testigos. El llamado es a ayudarnos como comunidad, y combatir de manera conjunta la violencia de g\u00e9nero\u201d, dijo por su parte la seremi de Seguridad P\u00fablica.<\/p>\n<p style=\"font-weight: 400; text-align: justify;\">Por \u00faltimo, la directora regional del SernamEG, Patricia Baeza Cabezas, reiter\u00f3 los canales donde acudir en caso de ser v\u00edctima o testigo de violencia de g\u00e9nero. \u201cEn este caso, los fonos de denuncia son 133 y 149 de Carabineros y el 134 de PDI. Para orientaci\u00f3n, el fono 1455 de SernamEG estar\u00e1 disponible todos los d\u00edas, incluidos festivos, de 08:00 a 24:00 horas, al igual que el WhatsApp +56 9 9700 7000\u201d.<\/p>\n<p style=\"font-weight: 400; text-align: justify;\"><strong>Cat\u00e1logo de derechos y garanti\u0301as procedimentales de las mujeres vi\u0301ctimas de violencia de ge\u0301nero<\/strong><\/p>\n<ol style=\"font-weight: 400; text-align: justify;\">\n<li>Contar con\u00a0<strong>asistencia y representacio\u0301n judicial<\/strong>. El Servicio Nacional de la Mujer y la Equidad de Ge\u0301nero, a requerimiento de las vi\u0301ctimas, podra\u0301 interponer acciones judiciales, asumir el patrocinio y representacio\u0301n de las mujeres vi\u0301ctimas de los hechos de violencia de ge\u0301nero.<\/li>\n<\/ol>\n<ol style=\"font-weight: 400; text-align: justify;\">\n<li><strong>No ser enjuiciadas, estigmatizadas, discriminadas ni cuestionadas<\/strong>\u00a0en base a estereotipos de ge\u0301nero, por su relato, conductas o estilo de vida.<\/li>\n<\/ol>\n<ol style=\"font-weight: 400; text-align: justify;\">\n<li>Obtener una\u00a0<strong>respuesta oportuna, efectiva y debidamente fundada<\/strong>\u00a0a sus denuncias o peticiones ante los o\u0301rganos en que se efectu\u0301en.<\/li>\n<\/ol>\n<ol style=\"font-weight: 400; text-align: justify;\">\n<li><strong>Ser oi\u0301das por el tribunal\u00a0<\/strong>o el o\u0301rgano administrativo que conozca del respectivo procedimiento al momento de adoptarse una decisio\u0301n que las afecte.<\/li>\n<\/ol>\n<ol style=\"font-weight: 400; text-align: justify;\">\n<li>Recibir\u00a0<strong>proteccio\u0301n<\/strong>\u00a0a trave\u0301s de las medidas contempladas en la legislacio\u0301n, cuando se encuentren amenazados o vulnerados sus derechos a la vida, integridad fi\u0301sica o psi\u0301quica, indemnidad sexual o libertad personal, y\u00a0<strong>solicitar medidas de proteccio\u0301n para sus hijos o hijas<\/strong>\u00a0o para las personas que se encuentren bajo su cuidado, cuando proceda.<\/li>\n<\/ol>\n<ol style=\"font-weight: 400; text-align: justify;\">\n<li>Recibir\u00a0<strong>proteccio\u0301n para sus datos personales y los de sus hijos o hijas<\/strong>, respecto de terceros, y de su intimidad, honor y seguridad, para lo cual el tribunal o el o\u0301rgano administrativo que conozca del respectivo procedimiento dispondra\u0301 las medidas que sean pertinentes, a peticio\u0301n de parte.<\/li>\n<\/ol>\n<ol style=\"font-weight: 400; text-align: justify;\">\n<li>Participar en el procedimiento y recibir\u00a0<strong>informacio\u0301n clara, oportuna y completa<\/strong>. En particular, podra\u0301n obtener informacio\u0301n personalmente, sin necesidad de requerirla a trave\u0301s de un abogado o una abogada.<\/li>\n<\/ol>\n<ol style=\"font-weight: 400; text-align: justify;\">\n<li><strong>A ser informada<\/strong>\u00a0sobre las medidas de reparacio\u0301n que puede solicitar en el proceso.<\/li>\n<\/ol>\n<p style=\"font-weight: 400; text-align: justify;\"><strong>Conoce m\u00e1s en\u00a0<a href=\"http:\/\/leyintegral.cl\/\" data-saferedirecturl=\"https:\/\/www.google.com\/url?q=http:\/\/leyintegral.cl&amp;source=gmail&amp;ust=1758133158850000&amp;usg=AOvVaw0annU7re1IH-1hChAnuqC2\">leyintegral.cl<\/a><\/strong><\/p>\n<\/div><\/section><\/div><div  style='height:50px' class='hr hr-invisible   avia-builder-el-6  el_after_av_one_full  el_before_av_social_share '><span class='hr-inner ' ><span class='hr-inner-style'><\/span><\/span><\/div><\/p>\n<div  class='av-social-sharing-box  avia-builder-el-7  el_after_av_hr  el_before_av_hr  '><div class='av-share-box'><h5 class='av-share-link-description av-no-toc '>Compartir esta noticia<\/h5><ul class='av-share-box-list noLightbox'><li class='av-share-link av-social-link-facebook' ><a target=\"_blank\" aria-label=\"Compartir en Facebook\" href='https:\/\/www.facebook.com\/sharer.php?u=https:\/\/radiorevelacionfm.cl\/?p=59303&#038;t=18%20Seguro%3A%20Seremi%20de%20la%20Mujer%20y%20la%20Equidad%20de%20G%C3%A9nero%20y%20Carabineros%20dan%20a%20conocer%20medidas%20de%20prevenci%C3%B3n%20y%20protecci%C3%B3n%20en%20casos%20de%20violencia%20de%20g%C3%A9nero' aria-hidden='false' data-av_icon='\ue8f3' data-av_iconfont='entypo-fontello' title='' data-avia-related-tooltip='Compartir en Facebook' rel=\"noopener\"><span class='avia_hidden_link_text'>Compartir en Facebook<\/span><\/a><\/li><li class='av-share-link av-social-link-twitter' ><a target=\"_blank\" aria-label=\"Compartir en Twitter\" href='https:\/\/twitter.com\/share?text=18%20Seguro%3A%20Seremi%20de%20la%20Mujer%20y%20la%20Equidad%20de%20G%C3%A9nero%20y%20Carabineros%20dan%20a%20conocer%20medidas%20de%20prevenci%C3%B3n%20y%20protecci%C3%B3n%20en%20casos%20de%20violencia%20de%20g%C3%A9nero&#038;url=https:\/\/radiorevelacionfm.cl\/?p=59303' aria-hidden='false' data-av_icon='\ue8f1' data-av_iconfont='entypo-fontello' title='' data-avia-related-tooltip='Compartir en Twitter' rel=\"noopener\"><span class='avia_hidden_link_text'>Compartir en Twitter<\/span><\/a><\/li><li class='av-share-link av-social-link-whatsapp' ><a target=\"_blank\" aria-label=\"Compartir en Whatsapp\" href='https:\/\/api.whatsapp.com\/send?text=https:\/\/radiorevelacionfm.cl\/?p=59303' aria-hidden='false' data-av_icon='\uf232' data-av_iconfont='entypo-fontello' title='' data-avia-related-tooltip='Compartir en Whatsapp' rel=\"noopener\"><span class='avia_hidden_link_text'>Compartir en Whatsapp<\/span><\/a><\/li><li class='av-share-link av-social-link-linkedin' ><a target=\"_blank\" aria-label=\"Compartir en LinkedIn\" href='https:\/\/linkedin.com\/shareArticle?mini=true&#038;title=18%20Seguro%3A%20Seremi%20de%20la%20Mujer%20y%20la%20Equidad%20de%20G%C3%A9nero%20y%20Carabineros%20dan%20a%20conocer%20medidas%20de%20prevenci%C3%B3n%20y%20protecci%C3%B3n%20en%20casos%20de%20violencia%20de%20g%C3%A9nero&#038;url=https:\/\/radiorevelacionfm.cl\/?p=59303' aria-hidden='false' data-av_icon='\ue8fc' data-av_iconfont='entypo-fontello' title='' data-avia-related-tooltip='Compartir en LinkedIn' rel=\"noopener\"><span class='avia_hidden_link_text'>Compartir en LinkedIn<\/span><\/a><\/li><li class='av-share-link av-social-link-mail' ><a  aria-label=\"Compartir por correo\" href='mailto:?subject=18%20Seguro%3A%20Seremi%20de%20la%20Mujer%20y%20la%20Equidad%20de%20G%C3%A9nero%20y%20Carabineros%20dan%20a%20conocer%20medidas%20de%20prevenci%C3%B3n%20y%20protecci%C3%B3n%20en%20casos%20de%20violencia%20de%20g%C3%A9nero&#038;body=https:\/\/radiorevelacionfm.cl\/?p=59303' aria-hidden='false' data-av_icon='\ue805' data-av_iconfont='entypo-fontello' title='' data-avia-related-tooltip='Compartir por correo'><span class='avia_hidden_link_text'>Compartir por correo<\/span><\/a><\/li><\/ul><\/div><\/div>\n<div  style='height:50px' class='hr hr-invisible   avia-builder-el-8  el_after_av_social_share  el_before_av_comments_list '><span class='hr-inner ' ><span class='hr-inner-style'><\/span><\/span><\/div>\n<div  class='av-buildercomment  av-blog-meta-html-info-disabled av-blog-meta-tag-disabled  '><\/div>\n","protected":false},"excerpt":{"rendered":"","protected":false},"author":1,"featured_media":59304,"comment_status":"closed","ping_status":"closed","sticky":false,"template":"","format":"standard","meta":{"footnotes":""},"categories":[38],"tags":[],"class_list":["post-59303","post","type-post","status-publish","format-standard","has-post-thumbnail","hentry","category-regional"],"jetpack_featured_media_url":"https:\/\/radiorevelacionfm.cl\/wp-content\/uploads\/2025\/09\/catalogo-1-1_optimized-1.jpeg","_links":{"self":[{"href":"https:\/\/radiorevelacionfm.cl\/index.php?rest_route=\/wp\/v2\/posts\/59303","targetHints":{"allow":["GET"]}}],"collection":[{"href":"https:\/\/radiorevelacionfm.cl\/index.php?rest_route=\/wp\/v2\/posts"}],"about":[{"href":"https:\/\/radiorevelacionfm.cl\/index.php?rest_route=\/wp\/v2\/types\/post"}],"author":[{"embeddable":true,"href":"https:\/\/radiorevelacionfm.cl\/index.php?rest_route=\/wp\/v2\/users\/1"}],"replies":[{"embeddable":true,"href":"https:\/\/radiorevelacionfm.cl\/index.php?rest_route=%2Fwp%2Fv2%2Fcomments&post=59303"}],"version-history":[{"count":2,"href":"https:\/\/radiorevelacionfm.cl\/index.php?rest_route=\/wp\/v2\/posts\/59303\/revisions"}],"predecessor-version":[{"id":59306,"href":"https:\/\/radiorevelacionfm.cl\/index.php?rest_route=\/wp\/v2\/posts\/59303\/revisions\/59306"}],"wp:featuredmedia":[{"embeddable":true,"href":"https:\/\/radiorevelacionfm.cl\/index.php?rest_route=\/wp\/v2\/media\/59304"}],"wp:attachment":[{"href":"https:\/\/radiorevelacionfm.cl\/index.php?rest_route=%2Fwp%2Fv2%2Fmedia&parent=59303"}],"wp:term":[{"taxonomy":"category","embeddable":true,"href":"https:\/\/radiorevelacionfm.cl\/index.php?rest_route=%2Fwp%2Fv2%2Fcategories&post=59303"},{"taxonomy":"post_tag","embeddable":true,"href":"https:\/\/radiorevelacionfm.cl\/index.php?rest_route=%2Fwp%2Fv2%2Ftags&post=59303"}],"curies":[{"name":"wp","href":"https:\/\/api.w.org\/{rel}","templated":true}]}}