{"id":59296,"date":"2025-09-16T17:06:23","date_gmt":"2025-09-16T20:06:23","guid":{"rendered":"https:\/\/radiorevelacionfm.cl\/?p=59296"},"modified":"2025-09-16T17:06:23","modified_gmt":"2025-09-16T20:06:23","slug":"carabineros-y-carlos-pinto-se-unen-en-campana-preventiva-para-estas-fiestas-patrias","status":"publish","type":"post","link":"https:\/\/radiorevelacionfm.cl\/?p=59296","title":{"rendered":"Carabineros y Carlos Pinto se unen en campa\u00f1a preventiva para estas Fiestas Patrias"},"content":{"rendered":"<div class=\"flex_column av_one_full  flex_column_div av-zero-column-padding first  avia-builder-el-0  el_before_av_one_full  avia-builder-el-first  \" style='border-radius:0px; '><div  class='avia-image-container  av-styling-    avia-builder-el-1  avia-builder-el-no-sibling  avia-align-center '  itemprop=\"image\" itemscope=\"itemscope\" itemtype=\"https:\/\/schema.org\/ImageObject\"  ><div class='avia-image-container-inner'><div class='avia-image-overlay-wrap'><img decoding=\"async\" class='wp-image-59297 avia-img-lazy-loading-not-59297 avia_image' src=\"https:\/\/radiorevelacionfm.cl\/wp-content\/uploads\/2025\/09\/25c198b4-f6ae-471e-b470-aee6a4f08818-1-1_optimized.jpg\" alt='' title='25c198b4-f6ae-471e-b470-aee6a4f08818-(1)-(1)_optimized' height=\"800\" width=\"800\"  itemprop=\"thumbnailUrl\" srcset=\"https:\/\/radiorevelacionfm.cl\/wp-content\/uploads\/2025\/09\/25c198b4-f6ae-471e-b470-aee6a4f08818-1-1_optimized.jpg 800w, https:\/\/radiorevelacionfm.cl\/wp-content\/uploads\/2025\/09\/25c198b4-f6ae-471e-b470-aee6a4f08818-1-1_optimized-300x300.jpg 300w, https:\/\/radiorevelacionfm.cl\/wp-content\/uploads\/2025\/09\/25c198b4-f6ae-471e-b470-aee6a4f08818-1-1_optimized-80x80.jpg 80w, https:\/\/radiorevelacionfm.cl\/wp-content\/uploads\/2025\/09\/25c198b4-f6ae-471e-b470-aee6a4f08818-1-1_optimized-768x768.jpg 768w, https:\/\/radiorevelacionfm.cl\/wp-content\/uploads\/2025\/09\/25c198b4-f6ae-471e-b470-aee6a4f08818-1-1_optimized-36x36.jpg 36w, https:\/\/radiorevelacionfm.cl\/wp-content\/uploads\/2025\/09\/25c198b4-f6ae-471e-b470-aee6a4f08818-1-1_optimized-180x180.jpg 180w, https:\/\/radiorevelacionfm.cl\/wp-content\/uploads\/2025\/09\/25c198b4-f6ae-471e-b470-aee6a4f08818-1-1_optimized-705x705.jpg 705w, https:\/\/radiorevelacionfm.cl\/wp-content\/uploads\/2025\/09\/25c198b4-f6ae-471e-b470-aee6a4f08818-1-1_optimized-120x120.jpg 120w, https:\/\/radiorevelacionfm.cl\/wp-content\/uploads\/2025\/09\/25c198b4-f6ae-471e-b470-aee6a4f08818-1-1_optimized-450x450.jpg 450w, https:\/\/radiorevelacionfm.cl\/wp-content\/uploads\/2025\/09\/25c198b4-f6ae-471e-b470-aee6a4f08818-1-1_optimized-600x600.jpg 600w, https:\/\/radiorevelacionfm.cl\/wp-content\/uploads\/2025\/09\/25c198b4-f6ae-471e-b470-aee6a4f08818-1-1_optimized-100x100.jpg 100w\" sizes=\"(max-width: 800px) 100vw, 800px\" \/><\/div><\/div><\/div><\/div><div class=\"flex_column av_one_full  flex_column_div av-zero-column-padding first  avia-builder-el-2  el_after_av_one_full  el_before_av_one_full  column-top-margin\" style='border-radius:0px; '><section class=\"av_textblock_section \"  itemscope=\"itemscope\" itemtype=\"https:\/\/schema.org\/BlogPosting\" itemprop=\"blogPost\" ><div class='avia_textblock  '   itemprop=\"text\" ><p style=\"text-align: center;\"><strong><span style=\"font-size: 18pt;\">Carabineros y Carlos Pinto se unen en campa\u00f1a preventiva para estas Fiestas Patrias<\/span><\/strong><\/p>\n<div id=\"gtx-trans\" style=\"position: absolute; left: -50px; top: 4.31534px;\">\n<div class=\"gtx-trans-icon\"><\/div>\n<\/div>\n<\/div><\/section><\/div><div class=\"flex_column av_one_full  flex_column_div av-zero-column-padding first  avia-builder-el-4  el_after_av_one_full  el_before_av_hr  column-top-margin\" style='border-radius:0px; '><section class=\"av_textblock_section \"  itemscope=\"itemscope\" itemtype=\"https:\/\/schema.org\/BlogPosting\" itemprop=\"blogPost\" ><div class='avia_textblock  '   itemprop=\"text\" ><p dir=\"ltr\" style=\"text-align: justify;\">Con la finalidad de prevenir accidentes de tr\u00e1nsito durante las celebraciones de Fiestas Patrias, Carabineros de Chile ha lanzado un impactante spot preventivo junto al reconocido periodista y director Carlos Pinto, creador de emblem\u00e1ticos programas como Mea Culpa y El D\u00eda Menos Pensado.<\/p>\n<p dir=\"ltr\" style=\"text-align: justify;\">Durante los fines de semana largos y festividades, lamentablemente se registra un aumento significativo en los accidentes viales. Solo en las celebraciones de 2024, m\u00e1s de 500 mil siniestros fueron reportados, dejando un saldo tr\u00e1gico de 61 personas fallecidas.<\/p>\n<p dir=\"ltr\" style=\"text-align: justify;\">El nuevo spot busca concientizar a la ciudadan\u00eda sobre la importancia de la prevenci\u00f3n y la responsabilidad al volante, haciendo especial \u00e9nfasis en que el consumo de alcohol y drogas es totalmente incompatible con la conducci\u00f3n. Las principales causas de los accidentes contin\u00faan siendo el exceso de velocidad y la conducci\u00f3n distra\u00edda, riesgos que se intensifican durante estas fechas festivas.<\/p>\n<p dir=\"ltr\" style=\"text-align: justify;\">La campa\u00f1a apela a la conciencia de los conductores: despu\u00e9s de un accidente, siempre es tarde para lamentarse por sus terribles consecuencias. Por eso, el llamado es a prevenirlos con responsabilidad y tomar decisiones que protejan la vida propia y la de los dem\u00e1s.<\/p>\n<p dir=\"ltr\" style=\"text-align: justify;\">\u201cEl llamado es claro: disfrutar de nuestras tradiciones es posible, pero siempre con seguridad y responsabilidad\u201d, enfatizan desde Carabineros. El spot ya se encuentra disponible en las plataformas digitales de la instituci\u00f3n y busca reforzar un mensaje crucial: la seguridad vial es responsabilidad de todos.<\/p>\n<\/div><\/section><\/div><div  style='height:50px' class='hr hr-invisible   avia-builder-el-6  el_after_av_one_full  el_before_av_social_share '><span class='hr-inner ' ><span class='hr-inner-style'><\/span><\/span><\/div><\/p>\n<div  class='av-social-sharing-box  avia-builder-el-7  el_after_av_hr  el_before_av_hr  '><div class='av-share-box'><h5 class='av-share-link-description av-no-toc '>Compartir esta noticia<\/h5><ul class='av-share-box-list noLightbox'><li class='av-share-link av-social-link-facebook' ><a target=\"_blank\" aria-label=\"Compartir en Facebook\" href='https:\/\/www.facebook.com\/sharer.php?u=https:\/\/radiorevelacionfm.cl\/?p=59296&#038;t=Carabineros%20y%20Carlos%20Pinto%20se%20unen%20en%20campa%C3%B1a%20preventiva%20para%20estas%20Fiestas%20Patrias' aria-hidden='false' data-av_icon='\ue8f3' data-av_iconfont='entypo-fontello' title='' data-avia-related-tooltip='Compartir en Facebook' rel=\"noopener\"><span class='avia_hidden_link_text'>Compartir en Facebook<\/span><\/a><\/li><li class='av-share-link av-social-link-twitter' ><a target=\"_blank\" aria-label=\"Compartir en Twitter\" href='https:\/\/twitter.com\/share?text=Carabineros%20y%20Carlos%20Pinto%20se%20unen%20en%20campa%C3%B1a%20preventiva%20para%20estas%20Fiestas%20Patrias&#038;url=https:\/\/radiorevelacionfm.cl\/?p=59296' aria-hidden='false' data-av_icon='\ue8f1' data-av_iconfont='entypo-fontello' title='' data-avia-related-tooltip='Compartir en Twitter' rel=\"noopener\"><span class='avia_hidden_link_text'>Compartir en Twitter<\/span><\/a><\/li><li class='av-share-link av-social-link-whatsapp' ><a target=\"_blank\" aria-label=\"Compartir en Whatsapp\" href='https:\/\/api.whatsapp.com\/send?text=https:\/\/radiorevelacionfm.cl\/?p=59296' aria-hidden='false' data-av_icon='\uf232' data-av_iconfont='entypo-fontello' title='' data-avia-related-tooltip='Compartir en Whatsapp' rel=\"noopener\"><span class='avia_hidden_link_text'>Compartir en Whatsapp<\/span><\/a><\/li><li class='av-share-link av-social-link-linkedin' ><a target=\"_blank\" aria-label=\"Compartir en LinkedIn\" href='https:\/\/linkedin.com\/shareArticle?mini=true&#038;title=Carabineros%20y%20Carlos%20Pinto%20se%20unen%20en%20campa%C3%B1a%20preventiva%20para%20estas%20Fiestas%20Patrias&#038;url=https:\/\/radiorevelacionfm.cl\/?p=59296' aria-hidden='false' data-av_icon='\ue8fc' data-av_iconfont='entypo-fontello' title='' data-avia-related-tooltip='Compartir en LinkedIn' rel=\"noopener\"><span class='avia_hidden_link_text'>Compartir en LinkedIn<\/span><\/a><\/li><li class='av-share-link av-social-link-mail' ><a  aria-label=\"Compartir por correo\" href='mailto:?subject=Carabineros%20y%20Carlos%20Pinto%20se%20unen%20en%20campa%C3%B1a%20preventiva%20para%20estas%20Fiestas%20Patrias&#038;body=https:\/\/radiorevelacionfm.cl\/?p=59296' aria-hidden='false' data-av_icon='\ue805' data-av_iconfont='entypo-fontello' title='' data-avia-related-tooltip='Compartir por correo'><span class='avia_hidden_link_text'>Compartir por correo<\/span><\/a><\/li><\/ul><\/div><\/div>\n<div  style='height:50px' class='hr hr-invisible   avia-builder-el-8  el_after_av_social_share  el_before_av_comments_list '><span class='hr-inner ' ><span class='hr-inner-style'><\/span><\/span><\/div>\n<div  class='av-buildercomment  av-blog-meta-html-info-disabled av-blog-meta-tag-disabled  '><\/div>\n","protected":false},"excerpt":{"rendered":"","protected":false},"author":1,"featured_media":59297,"comment_status":"closed","ping_status":"closed","sticky":false,"template":"","format":"standard","meta":{"footnotes":""},"categories":[36],"tags":[],"class_list":["post-59296","post","type-post","status-publish","format-standard","has-post-thumbnail","hentry","category-policial"],"jetpack_featured_media_url":"https:\/\/radiorevelacionfm.cl\/wp-content\/uploads\/2025\/09\/25c198b4-f6ae-471e-b470-aee6a4f08818-1-1_optimized.jpg","_links":{"self":[{"href":"https:\/\/radiorevelacionfm.cl\/index.php?rest_route=\/wp\/v2\/posts\/59296","targetHints":{"allow":["GET"]}}],"collection":[{"href":"https:\/\/radiorevelacionfm.cl\/index.php?rest_route=\/wp\/v2\/posts"}],"about":[{"href":"https:\/\/radiorevelacionfm.cl\/index.php?rest_route=\/wp\/v2\/types\/post"}],"author":[{"embeddable":true,"href":"https:\/\/radiorevelacionfm.cl\/index.php?rest_route=\/wp\/v2\/users\/1"}],"replies":[{"embeddable":true,"href":"https:\/\/radiorevelacionfm.cl\/index.php?rest_route=%2Fwp%2Fv2%2Fcomments&post=59296"}],"version-history":[{"count":2,"href":"https:\/\/radiorevelacionfm.cl\/index.php?rest_route=\/wp\/v2\/posts\/59296\/revisions"}],"predecessor-version":[{"id":59301,"href":"https:\/\/radiorevelacionfm.cl\/index.php?rest_route=\/wp\/v2\/posts\/59296\/revisions\/59301"}],"wp:featuredmedia":[{"embeddable":true,"href":"https:\/\/radiorevelacionfm.cl\/index.php?rest_route=\/wp\/v2\/media\/59297"}],"wp:attachment":[{"href":"https:\/\/radiorevelacionfm.cl\/index.php?rest_route=%2Fwp%2Fv2%2Fmedia&parent=59296"}],"wp:term":[{"taxonomy":"category","embeddable":true,"href":"https:\/\/radiorevelacionfm.cl\/index.php?rest_route=%2Fwp%2Fv2%2Fcategories&post=59296"},{"taxonomy":"post_tag","embeddable":true,"href":"https:\/\/radiorevelacionfm.cl\/index.php?rest_route=%2Fwp%2Fv2%2Ftags&post=59296"}],"curies":[{"name":"wp","href":"https:\/\/api.w.org\/{rel}","templated":true}]}}