{"id":59291,"date":"2025-09-16T14:25:24","date_gmt":"2025-09-16T17:25:24","guid":{"rendered":"https:\/\/radiorevelacionfm.cl\/?p=59291"},"modified":"2025-09-20T21:14:41","modified_gmt":"2025-09-21T00:14:41","slug":"delegacion-presidencial-provincial-de-aysen-realiza-hito-por-fiestas-patrias-para-informar-acciones-en-la-provincia-de-aysen","status":"publish","type":"post","link":"https:\/\/radiorevelacionfm.cl\/?p=59291","title":{"rendered":"Delegaci\u00f3n Presidencial Provincial de Ays\u00e9n realiza Hito por Fiestas Patrias para informar acciones en la provincia de Ays\u00e9n"},"content":{"rendered":"<div class=\"flex_column av_one_full  flex_column_div av-zero-column-padding first  avia-builder-el-0  el_before_av_one_full  avia-builder-el-first  \" style='border-radius:0px; '><div  class='avia-image-container  av-styling-    avia-builder-el-1  avia-builder-el-no-sibling  avia-align-center '  itemprop=\"image\" itemscope=\"itemscope\" itemtype=\"https:\/\/schema.org\/ImageObject\"  ><div class='avia-image-container-inner'><div class='avia-image-overlay-wrap'><img decoding=\"async\" class='wp-image-59292 avia-img-lazy-loading-not-59292 avia_image' src=\"https:\/\/radiorevelacionfm.cl\/wp-content\/uploads\/2025\/09\/whatsapp-image-2025-09-16-at-11_optimized.34.10-1.jpeg\" alt='' title='whatsapp-image-2025-09-16-at-11_optimized.34.10-(1)' height=\"600\" width=\"800\"  itemprop=\"thumbnailUrl\" srcset=\"https:\/\/radiorevelacionfm.cl\/wp-content\/uploads\/2025\/09\/whatsapp-image-2025-09-16-at-11_optimized.34.10-1.jpeg 800w, https:\/\/radiorevelacionfm.cl\/wp-content\/uploads\/2025\/09\/whatsapp-image-2025-09-16-at-11_optimized.34.10-1-300x225.jpeg 300w, https:\/\/radiorevelacionfm.cl\/wp-content\/uploads\/2025\/09\/whatsapp-image-2025-09-16-at-11_optimized.34.10-1-768x576.jpeg 768w, https:\/\/radiorevelacionfm.cl\/wp-content\/uploads\/2025\/09\/whatsapp-image-2025-09-16-at-11_optimized.34.10-1-705x529.jpeg 705w, https:\/\/radiorevelacionfm.cl\/wp-content\/uploads\/2025\/09\/whatsapp-image-2025-09-16-at-11_optimized.34.10-1-450x338.jpeg 450w, https:\/\/radiorevelacionfm.cl\/wp-content\/uploads\/2025\/09\/whatsapp-image-2025-09-16-at-11_optimized.34.10-1-600x450.jpeg 600w\" sizes=\"(max-width: 800px) 100vw, 800px\" \/><\/div><\/div><\/div><\/div><div class=\"flex_column av_one_full  flex_column_div av-zero-column-padding first  avia-builder-el-2  el_after_av_one_full  el_before_av_one_full  column-top-margin\" style='border-radius:0px; '><section class=\"av_textblock_section \"  itemscope=\"itemscope\" itemtype=\"https:\/\/schema.org\/BlogPosting\" itemprop=\"blogPost\" ><div class='avia_textblock  '   itemprop=\"text\" ><p style=\"text-align: center;\"><strong><span style=\"font-size: 18pt;\">Delegaci\u00f3n Presidencial Provincial de Ays\u00e9n realiza Hito por Fiestas Patrias para informar acciones en la provincia de Ays\u00e9n<\/span><\/strong><\/p>\n<div id=\"gtx-trans\" style=\"position: absolute; left: -50px; top: 4.31534px;\">\n<div class=\"gtx-trans-icon\"><\/div>\n<\/div>\n<\/div><\/section><\/div><div class=\"flex_column av_one_full  flex_column_div av-zero-column-padding first  avia-builder-el-4  el_after_av_one_full  el_before_av_hr  column-top-margin\" style='border-radius:0px; '><section class=\"av_textblock_section \"  itemscope=\"itemscope\" itemtype=\"https:\/\/schema.org\/BlogPosting\" itemprop=\"blogPost\" ><div class='avia_textblock  '   itemprop=\"text\" ><p style=\"text-align: justify;\">Este lunes, la Delegaci\u00f3n Provincial, junto a la Armada, Carabineros, PDI, Aduana y SAG realizaron un recuento de las actividades del mes de septiembre entorno a la visibilizar\u00edan, fiscalizaci\u00f3n y otras acciones en torno a cuidarnos para este 18 de septiembre.<\/p>\n<p style=\"text-align: justify;\">Con la finalidad de llevar a cabo un \u201c18 Seguro\u201d, tal como lo enmarca el gobierno en la campa\u00f1a que hace una semana se inici\u00f3 por el contexto de estas fiestas patrias, es que se han realizado operativos en conjunto con las instituciones antes se\u00f1aladas, adem\u00e1s de realizar un operativo de difusi\u00f3n junto a Senda y a Sernac.<\/p>\n<p style=\"text-align: justify;\">Karina Norambuena, Jefa (S) de oficina SAG de Puerto Ays\u00e9n, afirm\u00f3 que, \u201cel llamado del servicio agr\u00edcola y ganadero es a toda la comunidad a comprar en el comercio establecido, sobre todo en las carnes que se van a consumir, siempre comprar en comercio establecido pues eso le dar\u00e1 la confianza que esta inspeccionada por equipos m\u00e9dicos veterinarios del servicio agr\u00edcola y ganadero. Pues hoy sabemos que hay mucha demanda y hay oferta de carnes que no ha pasado por un matadero, as\u00ed que no sabemos el origen de esa carne. Actualmente estamos fiscalizando carnicer\u00edas y a los camiones en ruta, para hacer una trazabilidad de los animales, es por esto que hacemos llamado a los transportistas que sepan el origen del animal y su destino para as\u00ed asegurarnos que est\u00e1n en regla\u201d.<\/p>\n<p style=\"text-align: justify;\">Por otro lado, Rodrigo Moreno Rivera, Delegado Provincial de Ays\u00e9n, se\u00f1al\u00f3 que, \u201cEn el marco del plan 18 Seguro; como gobierno estamos desplegados en todo el territorio de la provincia, venimos trabajando hace ya dos semanas, las instituciones d toda \u00edndole se han sumado a estas acciones, y por es contarles que estuvimos en Melinka en operativos conjuntos de fiscalizaci\u00f3n, en Ays\u00e9n tambi\u00e9n se desarroll\u00f3 fiscalizaci\u00f3n a carnicer\u00edas, y distintas actividades con servicios. Hoy nos acompa\u00f1an instituciones y servicios p\u00fablicos que ya est\u00e1n desplegados, para que este 18 de septiembre podamos pasarlo de forma segura, es por esto que hacemos un llamado a la comunidad a que sea responsable, a comprar en el comercio establecido, si van a conducir, entregar las llaves de su auto, y as\u00ed podamos pasar unas fiestas patrias tranquilos y en familia\u201d.<\/p>\n<p style=\"text-align: justify;\">Lorenzo Pannes, Gobernador Mar\u00edtimo (s), coment\u00f3 que, \u201cNosotros nos encontramos realizando un trabajo previo que ya llevamos varias semanas en los puntos de conectividad que tiene la regi\u00f3n de Ays\u00e9n, concentr\u00e1ndonos en el consumo de drogas y consumo de alcohol, pero para este fin de semana largo, estaremos con turnos de jornadas m\u00e1s extensas, de forma permanente en diversos puntos donde se realizar\u00e1 control, la actividad mar\u00edtimo portuaria no se detiene, sigue avanzado, es por esto que en cada ingreso a turno, para los recintos portuarios, y salmoneras, se va a efectuar control aleatorio de las tripulaciones, de los capitanes, de los pasajeros, para que lleguen en condiciones id\u00f3neas a trabajar. El mensaje principal a relevar es que disfruten con responsabilidad y con cuidado en todas las faenas mar\u00edtimas portuarias\u201d.<\/p>\n<p style=\"text-align: justify;\">Marcelo Ladino, Subprefecto- Jefe de la BIDEMA Puerto Ays\u00e9n y Jefe (S) del cuartel de la Polic\u00eda de Investigaciones, \u201cVamos a tener un equipo completo que estar\u00e1 trabajando este fin de semana largo dispuestos a recibir todas las denuncias de la poblaci\u00f3n, lo importante es disfrutar con responsabilidad y que si tiene alguna denuncia; recordar que nuestro tel\u00e9fono de emergencia es el 134, que eta habilitado las 24 horas del d\u00eda, pero existe otra plataforma de denuncia seguro, un espacio an\u00f3nimo, que funciona, as\u00ed que tambi\u00e9n los invitamos a realizar las denuncias correspondientes\u201d.<\/p>\n<p style=\"text-align: justify;\">Isaac Tudela Donoso, Administrador de Aduanas Puerto Ays\u00e9n, afirm\u00f3 que, \u201cel llamado que se suma como instituci\u00f3n del estado es a mantener su documentaci\u00f3n al d\u00eda, las persona que van a salir de la regi\u00f3n o veh\u00edculos de zona franca, pues va a ser solicitada en puntos de salida. Comentarles que los puntos de control que tenemos estamos siempre a disposici\u00f3n y tambi\u00e9n estaremos observando el control de equipaje\u201d.<\/p>\n<p style=\"text-align: justify;\">Capit\u00e1n de Carabineros, Gustavo Schulz, \u00a0se\u00f1al\u00f3 que, \u201cLo m\u00e1s importante es que ustedes nos ayuden a prevenir, porque la prevenci\u00f3n durante las fiestas es fundamental. Adem\u00e1s comentar que se mantendr\u00e1n servicios extraordinarios en Isla D\u00edaz para que la gente pueda disfrutar de forma tranquila. Existe un plan que responde a una gesti\u00f3n municipal, que contiene guardias de seguridad, donde nuestra instituci\u00f3n de carabineros nos sumaremos para otorgar mayor seguridad y tranquilidad para las familias\u201d.<\/p>\n<\/div><\/section><\/div><div  style='height:50px' class='hr hr-invisible   avia-builder-el-6  el_after_av_one_full  el_before_av_social_share '><span class='hr-inner ' ><span class='hr-inner-style'><\/span><\/span><\/div><\/p>\n<div  class='av-social-sharing-box  avia-builder-el-7  el_after_av_hr  el_before_av_hr  '><div class='av-share-box'><h5 class='av-share-link-description av-no-toc '>Compartir esta noticia<\/h5><ul class='av-share-box-list noLightbox'><li class='av-share-link av-social-link-facebook' ><a target=\"_blank\" aria-label=\"Compartir en Facebook\" href='https:\/\/www.facebook.com\/sharer.php?u=https:\/\/radiorevelacionfm.cl\/?p=59291&#038;t=Delegaci%C3%B3n%20Presidencial%20Provincial%20de%20Ays%C3%A9n%20realiza%20Hito%20por%20Fiestas%20Patrias%20para%20informar%20acciones%20en%20la%20provincia%20de%20Ays%C3%A9n' aria-hidden='false' data-av_icon='\ue8f3' data-av_iconfont='entypo-fontello' title='' data-avia-related-tooltip='Compartir en Facebook' rel=\"noopener\"><span class='avia_hidden_link_text'>Compartir en Facebook<\/span><\/a><\/li><li class='av-share-link av-social-link-twitter' ><a target=\"_blank\" aria-label=\"Compartir en Twitter\" href='https:\/\/twitter.com\/share?text=Delegaci%C3%B3n%20Presidencial%20Provincial%20de%20Ays%C3%A9n%20realiza%20Hito%20por%20Fiestas%20Patrias%20para%20informar%20acciones%20en%20la%20provincia%20de%20Ays%C3%A9n&#038;url=https:\/\/radiorevelacionfm.cl\/?p=59291' aria-hidden='false' data-av_icon='\ue8f1' data-av_iconfont='entypo-fontello' title='' data-avia-related-tooltip='Compartir en Twitter' rel=\"noopener\"><span class='avia_hidden_link_text'>Compartir en Twitter<\/span><\/a><\/li><li class='av-share-link av-social-link-whatsapp' ><a target=\"_blank\" aria-label=\"Compartir en Whatsapp\" href='https:\/\/api.whatsapp.com\/send?text=https:\/\/radiorevelacionfm.cl\/?p=59291' aria-hidden='false' data-av_icon='\uf232' data-av_iconfont='entypo-fontello' title='' data-avia-related-tooltip='Compartir en Whatsapp' rel=\"noopener\"><span class='avia_hidden_link_text'>Compartir en Whatsapp<\/span><\/a><\/li><li class='av-share-link av-social-link-linkedin' ><a target=\"_blank\" aria-label=\"Compartir en LinkedIn\" href='https:\/\/linkedin.com\/shareArticle?mini=true&#038;title=Delegaci%C3%B3n%20Presidencial%20Provincial%20de%20Ays%C3%A9n%20realiza%20Hito%20por%20Fiestas%20Patrias%20para%20informar%20acciones%20en%20la%20provincia%20de%20Ays%C3%A9n&#038;url=https:\/\/radiorevelacionfm.cl\/?p=59291' aria-hidden='false' data-av_icon='\ue8fc' data-av_iconfont='entypo-fontello' title='' data-avia-related-tooltip='Compartir en LinkedIn' rel=\"noopener\"><span class='avia_hidden_link_text'>Compartir en LinkedIn<\/span><\/a><\/li><li class='av-share-link av-social-link-mail' ><a  aria-label=\"Compartir por correo\" href='mailto:?subject=Delegaci%C3%B3n%20Presidencial%20Provincial%20de%20Ays%C3%A9n%20realiza%20Hito%20por%20Fiestas%20Patrias%20para%20informar%20acciones%20en%20la%20provincia%20de%20Ays%C3%A9n&#038;body=https:\/\/radiorevelacionfm.cl\/?p=59291' aria-hidden='false' data-av_icon='\ue805' data-av_iconfont='entypo-fontello' title='' data-avia-related-tooltip='Compartir por correo'><span class='avia_hidden_link_text'>Compartir por correo<\/span><\/a><\/li><\/ul><\/div><\/div>\n<div  style='height:50px' class='hr hr-invisible   avia-builder-el-8  el_after_av_social_share  el_before_av_comments_list '><span class='hr-inner ' ><span class='hr-inner-style'><\/span><\/span><\/div>\n<div  class='av-buildercomment  av-blog-meta-html-info-disabled av-blog-meta-tag-disabled  '><\/div>\n","protected":false},"excerpt":{"rendered":"","protected":false},"author":1,"featured_media":59292,"comment_status":"closed","ping_status":"closed","sticky":false,"template":"","format":"standard","meta":{"footnotes":""},"categories":[38],"tags":[],"class_list":["post-59291","post","type-post","status-publish","format-standard","has-post-thumbnail","hentry","category-regional"],"jetpack_featured_media_url":"https:\/\/radiorevelacionfm.cl\/wp-content\/uploads\/2025\/09\/whatsapp-image-2025-09-16-at-11_optimized.34.10-1.jpeg","_links":{"self":[{"href":"https:\/\/radiorevelacionfm.cl\/index.php?rest_route=\/wp\/v2\/posts\/59291","targetHints":{"allow":["GET"]}}],"collection":[{"href":"https:\/\/radiorevelacionfm.cl\/index.php?rest_route=\/wp\/v2\/posts"}],"about":[{"href":"https:\/\/radiorevelacionfm.cl\/index.php?rest_route=\/wp\/v2\/types\/post"}],"author":[{"embeddable":true,"href":"https:\/\/radiorevelacionfm.cl\/index.php?rest_route=\/wp\/v2\/users\/1"}],"replies":[{"embeddable":true,"href":"https:\/\/radiorevelacionfm.cl\/index.php?rest_route=%2Fwp%2Fv2%2Fcomments&post=59291"}],"version-history":[{"count":2,"href":"https:\/\/radiorevelacionfm.cl\/index.php?rest_route=\/wp\/v2\/posts\/59291\/revisions"}],"predecessor-version":[{"id":59368,"href":"https:\/\/radiorevelacionfm.cl\/index.php?rest_route=\/wp\/v2\/posts\/59291\/revisions\/59368"}],"wp:featuredmedia":[{"embeddable":true,"href":"https:\/\/radiorevelacionfm.cl\/index.php?rest_route=\/wp\/v2\/media\/59292"}],"wp:attachment":[{"href":"https:\/\/radiorevelacionfm.cl\/index.php?rest_route=%2Fwp%2Fv2%2Fmedia&parent=59291"}],"wp:term":[{"taxonomy":"category","embeddable":true,"href":"https:\/\/radiorevelacionfm.cl\/index.php?rest_route=%2Fwp%2Fv2%2Fcategories&post=59291"},{"taxonomy":"post_tag","embeddable":true,"href":"https:\/\/radiorevelacionfm.cl\/index.php?rest_route=%2Fwp%2Fv2%2Ftags&post=59291"}],"curies":[{"name":"wp","href":"https:\/\/api.w.org\/{rel}","templated":true}]}}