{"id":59288,"date":"2025-09-16T14:47:47","date_gmt":"2025-09-16T17:47:47","guid":{"rendered":"https:\/\/radiorevelacionfm.cl\/?p=59288"},"modified":"2025-09-16T14:47:47","modified_gmt":"2025-09-16T17:47:47","slug":"seremi-navarro-destaca-promulgacion-de-la-ley-que-crea-fiscalia-supraterritorial-para-crimen-organizado-y-delitos-complejos","status":"publish","type":"post","link":"https:\/\/radiorevelacionfm.cl\/?p=59288","title":{"rendered":"Seremi Navarro destaca promulgaci\u00f3n de la ley que crea Fiscal\u00eda Supraterritorial para crimen organizado y delitos complejos"},"content":{"rendered":"<div class=\"flex_column av_one_full  flex_column_div av-zero-column-padding first  avia-builder-el-0  el_before_av_one_full  avia-builder-el-first  \" style='border-radius:0px; '><div  class='avia-image-container  av-styling-    avia-builder-el-1  avia-builder-el-no-sibling  avia-align-center '  itemprop=\"image\" itemscope=\"itemscope\" itemtype=\"https:\/\/schema.org\/ImageObject\"  ><div class='avia-image-container-inner'><div class='avia-image-overlay-wrap'><img decoding=\"async\" class='wp-image-59289 avia-img-lazy-loading-not-59289 avia_image' src=\"https:\/\/radiorevelacionfm.cl\/wp-content\/uploads\/2025\/09\/seremi-samuel-navarro-5-1_optimized.jpg\" alt='' title='seremi-samuel-navarro-(5)-(1)_optimized' height=\"600\" width=\"800\"  itemprop=\"thumbnailUrl\" srcset=\"https:\/\/radiorevelacionfm.cl\/wp-content\/uploads\/2025\/09\/seremi-samuel-navarro-5-1_optimized.jpg 800w, https:\/\/radiorevelacionfm.cl\/wp-content\/uploads\/2025\/09\/seremi-samuel-navarro-5-1_optimized-300x225.jpg 300w, https:\/\/radiorevelacionfm.cl\/wp-content\/uploads\/2025\/09\/seremi-samuel-navarro-5-1_optimized-768x576.jpg 768w, https:\/\/radiorevelacionfm.cl\/wp-content\/uploads\/2025\/09\/seremi-samuel-navarro-5-1_optimized-705x529.jpg 705w, https:\/\/radiorevelacionfm.cl\/wp-content\/uploads\/2025\/09\/seremi-samuel-navarro-5-1_optimized-450x338.jpg 450w, https:\/\/radiorevelacionfm.cl\/wp-content\/uploads\/2025\/09\/seremi-samuel-navarro-5-1_optimized-600x450.jpg 600w\" sizes=\"(max-width: 800px) 100vw, 800px\" \/><\/div><\/div><\/div><\/div><div class=\"flex_column av_one_full  flex_column_div av-zero-column-padding first  avia-builder-el-2  el_after_av_one_full  el_before_av_one_full  column-top-margin\" style='border-radius:0px; '><section class=\"av_textblock_section \"  itemscope=\"itemscope\" itemtype=\"https:\/\/schema.org\/BlogPosting\" itemprop=\"blogPost\" ><div class='avia_textblock  '   itemprop=\"text\" ><p style=\"text-align: center;\"><span style=\"font-size: 18pt;\"><strong>Seremi Navarro destaca promulgaci\u00f3n de la ley que <\/strong><strong>crea Fiscal\u00eda Supraterritorial para crimen organizado y delitos complejos<\/strong><\/span><\/p>\n<div id=\"gtx-trans\" style=\"position: absolute; left: -50px; top: 4.31534px;\">\n<div class=\"gtx-trans-icon\"><\/div>\n<\/div>\n<\/div><\/section><\/div><div class=\"flex_column av_one_full  flex_column_div av-zero-column-padding first  avia-builder-el-4  el_after_av_one_full  el_before_av_hr  column-top-margin\" style='border-radius:0px; '><section class=\"av_textblock_section \"  itemscope=\"itemscope\" itemtype=\"https:\/\/schema.org\/BlogPosting\" itemprop=\"blogPost\" ><div class='avia_textblock  '   itemprop=\"text\" ><p style=\"text-align: justify;\"><em>Cabe mencionar que <\/em><em>el hecho de que sea supraterritorial significa que\u00a0puede operar en todas las regiones del pa\u00eds.<\/em><\/p>\n<p style=\"text-align: justify;\">Como un importante paso que permite enfrentar con mayores herramientas y con mayores y mejores capacidades el crimen organizado, calific\u00f3 el seremi de Justicia y Derechos Humanos Samuel Navarro Castro la reciente promulgaci\u00f3n de la Ley que incorpora la Fiscal\u00eda Supraterritorial al Ministerio P\u00fablico, instancia llevada a cabo este martes por el Presidente de la Republica Gabriel Boric acompa\u00f1ado de los ministros de Justicia y Derechos Humanos Jaime Gajardo, del Interior Alvaro Elizalde, de Seguridad P\u00fablica Luis Cordero, adem\u00e1s del Fiscal Nacional \u00c1ngel Valencia, entre otras autoridades.<\/p>\n<p style=\"text-align: justify;\">Cabe mencionar que la Fiscal\u00eda Supraterritorial ser\u00e1 la entidad especializada en crimen organizado y delitos de alta complejidad. ser\u00e1 parte del ministerio p\u00fablico, que es el organismo constitucional aut\u00f3nomo encargado de dirigir la investigaci\u00f3n de los delitos, el que sea supraterritorial significa que puede operar en todas las regiones del pa\u00eds.<\/p>\n<p style=\"text-align: justify;\">Respecto a la importancia de esta nueva normativa legal, el seremi Samuel Navarro Castro indic\u00f3 que \u201cel crimen organizado se combate con herramientas, con institucionalidad, con fortalecer aquellas instituciones que tenemos como en este caso el Ministerio P\u00fablico, al cual se le permite contar con mayor dotaci\u00f3n, pero tambi\u00e9n con mejores herramientas para atacar esto que es el crimen organizado, que a veces tiene aspectos transregionales pero tambi\u00e9n transnacionales, de esta forma al contar con estas herramientas que entrega esta nueva ley permite que haya unidades especializadas, profesionales especializados, unidades de an\u00e1lisis criminal que nos entregar\u00e1n aquellas competencias o le entregaran a este \u00f3rgano el Ministerio P\u00fablico las competencias necesarias y las herramientas para combatir el crimen organizado\u201d.<\/p>\n<p style=\"text-align: justify;\">Ahora dentro de los principales aspectos de esta nueva regulaci\u00f3n se encuentran que el Fiscal Jefe de la Fiscal\u00eda Supraterritorial es de exclusiva confianza del Fiscal Nacional, a su vez se consagra la posibilidad para el fiscal nacional de establecer\u00a0mediante instrucci\u00f3n los criterios espec\u00edficos\u00a0para la determinaci\u00f3n de las investigaciones que tendr\u00e1 a su cargo la Fiscal\u00eda Supraterritorial, se crea el\u00a0<strong>Sistema de An\u00e1lisis Criminal para el Crimen Organizado y Delitos de Alta Complejidad<\/strong>, que reemplaza al actual Sistema de An\u00e1lisis Criminal y Focos Investigativos presentes en las Fiscal\u00edas Regionales, se incorpora en el C\u00f3digo Procesal Penal una regla especial de competencia para las causas de la Fiscal\u00eda Supraterritorial, la que habilita a presentar una solicitud al Pleno de la Corte Suprema para que el conocimiento de las causas cuya investigaci\u00f3n dirige la FST, sea de competencia de los Juzgados de Garant\u00eda y del Tribunal de Juicio Oral en lo Penal de la jurisdicci\u00f3n de la Corte de Apelaciones de Santiago, siempre que se estime fundamental para el \u00e9xito de la investigaci\u00f3n, entre otros.<\/p>\n<p style=\"text-align: justify;\">Finalmente, cabe mencionar que la ley dispone su entrada en vigencia transcurridos seis meses desde su publicaci\u00f3n en el Diario Oficial.<\/p>\n<\/div><\/section><\/div><div  style='height:50px' class='hr hr-invisible   avia-builder-el-6  el_after_av_one_full  el_before_av_social_share '><span class='hr-inner ' ><span class='hr-inner-style'><\/span><\/span><\/div><\/p>\n<div  class='av-social-sharing-box  avia-builder-el-7  el_after_av_hr  el_before_av_hr  '><div class='av-share-box'><h5 class='av-share-link-description av-no-toc '>Compartir esta noticia<\/h5><ul class='av-share-box-list noLightbox'><li class='av-share-link av-social-link-facebook' ><a target=\"_blank\" aria-label=\"Compartir en Facebook\" href='https:\/\/www.facebook.com\/sharer.php?u=https:\/\/radiorevelacionfm.cl\/?p=59288&#038;t=Seremi%20Navarro%20destaca%20promulgaci%C3%B3n%20de%20la%20ley%20que%20crea%20Fiscal%C3%ADa%20Supraterritorial%20para%20crimen%20organizado%20y%20delitos%20complejos' aria-hidden='false' data-av_icon='\ue8f3' data-av_iconfont='entypo-fontello' title='' data-avia-related-tooltip='Compartir en Facebook' rel=\"noopener\"><span class='avia_hidden_link_text'>Compartir en Facebook<\/span><\/a><\/li><li class='av-share-link av-social-link-twitter' ><a target=\"_blank\" aria-label=\"Compartir en Twitter\" href='https:\/\/twitter.com\/share?text=Seremi%20Navarro%20destaca%20promulgaci%C3%B3n%20de%20la%20ley%20que%20crea%20Fiscal%C3%ADa%20Supraterritorial%20para%20crimen%20organizado%20y%20delitos%20complejos&#038;url=https:\/\/radiorevelacionfm.cl\/?p=59288' aria-hidden='false' data-av_icon='\ue8f1' data-av_iconfont='entypo-fontello' title='' data-avia-related-tooltip='Compartir en Twitter' rel=\"noopener\"><span class='avia_hidden_link_text'>Compartir en Twitter<\/span><\/a><\/li><li class='av-share-link av-social-link-whatsapp' ><a target=\"_blank\" aria-label=\"Compartir en Whatsapp\" href='https:\/\/api.whatsapp.com\/send?text=https:\/\/radiorevelacionfm.cl\/?p=59288' aria-hidden='false' data-av_icon='\uf232' data-av_iconfont='entypo-fontello' title='' data-avia-related-tooltip='Compartir en Whatsapp' rel=\"noopener\"><span class='avia_hidden_link_text'>Compartir en Whatsapp<\/span><\/a><\/li><li class='av-share-link av-social-link-linkedin' ><a target=\"_blank\" aria-label=\"Compartir en LinkedIn\" href='https:\/\/linkedin.com\/shareArticle?mini=true&#038;title=Seremi%20Navarro%20destaca%20promulgaci%C3%B3n%20de%20la%20ley%20que%20crea%20Fiscal%C3%ADa%20Supraterritorial%20para%20crimen%20organizado%20y%20delitos%20complejos&#038;url=https:\/\/radiorevelacionfm.cl\/?p=59288' aria-hidden='false' data-av_icon='\ue8fc' data-av_iconfont='entypo-fontello' title='' data-avia-related-tooltip='Compartir en LinkedIn' rel=\"noopener\"><span class='avia_hidden_link_text'>Compartir en LinkedIn<\/span><\/a><\/li><li class='av-share-link av-social-link-mail' ><a  aria-label=\"Compartir por correo\" href='mailto:?subject=Seremi%20Navarro%20destaca%20promulgaci%C3%B3n%20de%20la%20ley%20que%20crea%20Fiscal%C3%ADa%20Supraterritorial%20para%20crimen%20organizado%20y%20delitos%20complejos&#038;body=https:\/\/radiorevelacionfm.cl\/?p=59288' aria-hidden='false' data-av_icon='\ue805' data-av_iconfont='entypo-fontello' title='' data-avia-related-tooltip='Compartir por correo'><span class='avia_hidden_link_text'>Compartir por correo<\/span><\/a><\/li><\/ul><\/div><\/div>\n<div  style='height:50px' class='hr hr-invisible   avia-builder-el-8  el_after_av_social_share  el_before_av_comments_list '><span class='hr-inner ' ><span class='hr-inner-style'><\/span><\/span><\/div>\n<div  class='av-buildercomment  av-blog-meta-html-info-disabled av-blog-meta-tag-disabled  '><\/div>\n","protected":false},"excerpt":{"rendered":"","protected":false},"author":1,"featured_media":59289,"comment_status":"closed","ping_status":"closed","sticky":false,"template":"","format":"standard","meta":{"footnotes":""},"categories":[55],"tags":[],"class_list":["post-59288","post","type-post","status-publish","format-standard","has-post-thumbnail","hentry","category-justicia"],"jetpack_featured_media_url":"https:\/\/radiorevelacionfm.cl\/wp-content\/uploads\/2025\/09\/seremi-samuel-navarro-5-1_optimized.jpg","_links":{"self":[{"href":"https:\/\/radiorevelacionfm.cl\/index.php?rest_route=\/wp\/v2\/posts\/59288","targetHints":{"allow":["GET"]}}],"collection":[{"href":"https:\/\/radiorevelacionfm.cl\/index.php?rest_route=\/wp\/v2\/posts"}],"about":[{"href":"https:\/\/radiorevelacionfm.cl\/index.php?rest_route=\/wp\/v2\/types\/post"}],"author":[{"embeddable":true,"href":"https:\/\/radiorevelacionfm.cl\/index.php?rest_route=\/wp\/v2\/users\/1"}],"replies":[{"embeddable":true,"href":"https:\/\/radiorevelacionfm.cl\/index.php?rest_route=%2Fwp%2Fv2%2Fcomments&post=59288"}],"version-history":[{"count":2,"href":"https:\/\/radiorevelacionfm.cl\/index.php?rest_route=\/wp\/v2\/posts\/59288\/revisions"}],"predecessor-version":[{"id":59295,"href":"https:\/\/radiorevelacionfm.cl\/index.php?rest_route=\/wp\/v2\/posts\/59288\/revisions\/59295"}],"wp:featuredmedia":[{"embeddable":true,"href":"https:\/\/radiorevelacionfm.cl\/index.php?rest_route=\/wp\/v2\/media\/59289"}],"wp:attachment":[{"href":"https:\/\/radiorevelacionfm.cl\/index.php?rest_route=%2Fwp%2Fv2%2Fmedia&parent=59288"}],"wp:term":[{"taxonomy":"category","embeddable":true,"href":"https:\/\/radiorevelacionfm.cl\/index.php?rest_route=%2Fwp%2Fv2%2Fcategories&post=59288"},{"taxonomy":"post_tag","embeddable":true,"href":"https:\/\/radiorevelacionfm.cl\/index.php?rest_route=%2Fwp%2Fv2%2Ftags&post=59288"}],"curies":[{"name":"wp","href":"https:\/\/api.w.org\/{rel}","templated":true}]}}