{"id":59285,"date":"2025-09-16T14:42:41","date_gmt":"2025-09-16T17:42:41","guid":{"rendered":"https:\/\/radiorevelacionfm.cl\/?p=59285"},"modified":"2025-09-16T14:42:41","modified_gmt":"2025-09-16T17:42:41","slug":"carabineros-recuerda-la-forma-correcta-de-instalar-la-bandera-en-fiestas-patrias","status":"publish","type":"post","link":"https:\/\/radiorevelacionfm.cl\/?p=59285","title":{"rendered":"Carabineros recuerda la forma correcta de instalar la bandera en Fiestas Patrias"},"content":{"rendered":"<div class=\"flex_column av_one_full  flex_column_div av-zero-column-padding first  avia-builder-el-0  el_before_av_one_full  avia-builder-el-first  \" style='border-radius:0px; '><div  class='avia-image-container  av-styling-    avia-builder-el-1  avia-builder-el-no-sibling  avia-align-center '  itemprop=\"image\" itemscope=\"itemscope\" itemtype=\"https:\/\/schema.org\/ImageObject\"  ><div class='avia-image-container-inner'><div class='avia-image-overlay-wrap'><img decoding=\"async\" class='wp-image-59286 avia-img-lazy-loading-not-59286 avia_image' src=\"https:\/\/radiorevelacionfm.cl\/wp-content\/uploads\/2025\/09\/ajgbv0tssp9-0-1-1_optimized-1_optimized-1.jpg\" alt='' title='ajgbv0tssp9-0-(1)-(1)_optimized-(1)_optimized (1)' height=\"1425\" width=\"802\"  itemprop=\"thumbnailUrl\" srcset=\"https:\/\/radiorevelacionfm.cl\/wp-content\/uploads\/2025\/09\/ajgbv0tssp9-0-1-1_optimized-1_optimized-1.jpg 802w, https:\/\/radiorevelacionfm.cl\/wp-content\/uploads\/2025\/09\/ajgbv0tssp9-0-1-1_optimized-1_optimized-1-169x300.jpg 169w, https:\/\/radiorevelacionfm.cl\/wp-content\/uploads\/2025\/09\/ajgbv0tssp9-0-1-1_optimized-1_optimized-1-580x1030.jpg 580w, https:\/\/radiorevelacionfm.cl\/wp-content\/uploads\/2025\/09\/ajgbv0tssp9-0-1-1_optimized-1_optimized-1-768x1365.jpg 768w, https:\/\/radiorevelacionfm.cl\/wp-content\/uploads\/2025\/09\/ajgbv0tssp9-0-1-1_optimized-1_optimized-1-397x705.jpg 397w, https:\/\/radiorevelacionfm.cl\/wp-content\/uploads\/2025\/09\/ajgbv0tssp9-0-1-1_optimized-1_optimized-1-450x800.jpg 450w, https:\/\/radiorevelacionfm.cl\/wp-content\/uploads\/2025\/09\/ajgbv0tssp9-0-1-1_optimized-1_optimized-1-600x1066.jpg 600w\" sizes=\"(max-width: 802px) 100vw, 802px\" \/><\/div><\/div><\/div><\/div><div class=\"flex_column av_one_full  flex_column_div av-zero-column-padding first  avia-builder-el-2  el_after_av_one_full  el_before_av_one_full  column-top-margin\" style='border-radius:0px; '><section class=\"av_textblock_section \"  itemscope=\"itemscope\" itemtype=\"https:\/\/schema.org\/BlogPosting\" itemprop=\"blogPost\" ><div class='avia_textblock  '   itemprop=\"text\" ><p style=\"text-align: center;\"><strong><span style=\"font-size: 18pt;\">Carabineros recuerda la forma correcta de instalar la bandera en Fiestas Patrias<\/span><\/strong><\/p>\n<div id=\"gtx-trans\" style=\"position: absolute; left: -50px; top: 4.31534px;\">\n<div class=\"gtx-trans-icon\"><\/div>\n<\/div>\n<\/div><\/section><\/div><div class=\"flex_column av_one_full  flex_column_div av-zero-column-padding first  avia-builder-el-4  el_after_av_one_full  el_before_av_hr  column-top-margin\" style='border-radius:0px; '><section class=\"av_textblock_section \"  itemscope=\"itemscope\" itemtype=\"https:\/\/schema.org\/BlogPosting\" itemprop=\"blogPost\" ><div class='avia_textblock  '   itemprop=\"text\" ><ul>\n<li dir=\"ltr\">\n<p dir=\"ltr\" style=\"text-align: justify;\" role=\"presentation\"><em>El pabell\u00f3n patrio es obligatorio los d\u00edas 18 y 19 de septiembre. El no hacerlo, o instalarla de forma incorrecta contempla infracciones que fluct\u00faan entre una a cinco UTM.<\/em><\/p>\n<\/li>\n<\/ul>\n<p dir=\"ltr\" style=\"text-align: justify;\">A pocas horas del inicio de Fiestas Patrias, Carabineros de Chile recuerda a la comunidad la correcta forma de instalar el pabell\u00f3n nacional, cuyo izamiento es obligatorio los d\u00edas 18 y 19 de septiembre.<\/p>\n<p dir=\"ltr\" style=\"text-align: justify;\">La Ley 20.537 -promulgada el a\u00f1o 2011- en su art\u00edculo 2\u00b0 sobre el uso e izamiento del Pabell\u00f3n Patrio, establece que \u201cla Bandera Nacional podr\u00e1 usarse o izarse sin autorizaci\u00f3n previa, cuidando siempre de resguardar el respeto de la misma y de observar las disposiciones que reglamentan su uso o izamiento\u201d, evitando de esta manera exponerse a infracciones que oscilan entre una y cinco UTM, estos es entre $69.265 mil y $346.325 mil.<\/p>\n<p dir=\"ltr\" style=\"text-align: justify;\">Seg\u00fan la normativa, la bandera debe ser instalada en un asta de color blanco y situarse al tope del m\u00e1stil.<\/p>\n<p dir=\"ltr\" style=\"text-align: justify;\">De igual forma, la normativa autoriza su uso en posici\u00f3n extendida, de forma vertical u horizontal. En ambos casos el cuadro azul con la estrella, debe quedar situado en la esquina superior izquierda del espectador.<\/p>\n<p dir=\"ltr\" style=\"text-align: justify;\">El actual pabell\u00f3n nacional fue concebido por el Libertador Bernardo O\u2019Higgins y el Coronel Jos\u00e9 Ignacio Zenteno y legalizada por el Decreto del 18 de octubre de 1817, siendo este el modelo que se utiliz\u00f3 en el juramento a la Independencia de Chile.<\/p>\n<div class=\"yj6qo\" style=\"text-align: justify;\"><\/div>\n<div class=\"adL\" style=\"text-align: justify;\"><\/div>\n<\/div><\/section><\/div><div  style='height:50px' class='hr hr-invisible   avia-builder-el-6  el_after_av_one_full  el_before_av_social_share '><span class='hr-inner ' ><span class='hr-inner-style'><\/span><\/span><\/div><\/p>\n<div  class='av-social-sharing-box  avia-builder-el-7  el_after_av_hr  el_before_av_hr  '><div class='av-share-box'><h5 class='av-share-link-description av-no-toc '>Compartir esta noticia<\/h5><ul class='av-share-box-list noLightbox'><li class='av-share-link av-social-link-facebook' ><a target=\"_blank\" aria-label=\"Compartir en Facebook\" href='https:\/\/www.facebook.com\/sharer.php?u=https:\/\/radiorevelacionfm.cl\/?p=59285&#038;t=Carabineros%20recuerda%20la%20forma%20correcta%20de%20instalar%20la%20bandera%20en%20Fiestas%20Patrias' aria-hidden='false' data-av_icon='\ue8f3' data-av_iconfont='entypo-fontello' title='' data-avia-related-tooltip='Compartir en Facebook' rel=\"noopener\"><span class='avia_hidden_link_text'>Compartir en Facebook<\/span><\/a><\/li><li class='av-share-link av-social-link-twitter' ><a target=\"_blank\" aria-label=\"Compartir en Twitter\" href='https:\/\/twitter.com\/share?text=Carabineros%20recuerda%20la%20forma%20correcta%20de%20instalar%20la%20bandera%20en%20Fiestas%20Patrias&#038;url=https:\/\/radiorevelacionfm.cl\/?p=59285' aria-hidden='false' data-av_icon='\ue8f1' data-av_iconfont='entypo-fontello' title='' data-avia-related-tooltip='Compartir en Twitter' rel=\"noopener\"><span class='avia_hidden_link_text'>Compartir en Twitter<\/span><\/a><\/li><li class='av-share-link av-social-link-whatsapp' ><a target=\"_blank\" aria-label=\"Compartir en Whatsapp\" href='https:\/\/api.whatsapp.com\/send?text=https:\/\/radiorevelacionfm.cl\/?p=59285' aria-hidden='false' data-av_icon='\uf232' data-av_iconfont='entypo-fontello' title='' data-avia-related-tooltip='Compartir en Whatsapp' rel=\"noopener\"><span class='avia_hidden_link_text'>Compartir en Whatsapp<\/span><\/a><\/li><li class='av-share-link av-social-link-linkedin' ><a target=\"_blank\" aria-label=\"Compartir en LinkedIn\" href='https:\/\/linkedin.com\/shareArticle?mini=true&#038;title=Carabineros%20recuerda%20la%20forma%20correcta%20de%20instalar%20la%20bandera%20en%20Fiestas%20Patrias&#038;url=https:\/\/radiorevelacionfm.cl\/?p=59285' aria-hidden='false' data-av_icon='\ue8fc' data-av_iconfont='entypo-fontello' title='' data-avia-related-tooltip='Compartir en LinkedIn' rel=\"noopener\"><span class='avia_hidden_link_text'>Compartir en LinkedIn<\/span><\/a><\/li><li class='av-share-link av-social-link-mail' ><a  aria-label=\"Compartir por correo\" href='mailto:?subject=Carabineros%20recuerda%20la%20forma%20correcta%20de%20instalar%20la%20bandera%20en%20Fiestas%20Patrias&#038;body=https:\/\/radiorevelacionfm.cl\/?p=59285' aria-hidden='false' data-av_icon='\ue805' data-av_iconfont='entypo-fontello' title='' data-avia-related-tooltip='Compartir por correo'><span class='avia_hidden_link_text'>Compartir por correo<\/span><\/a><\/li><\/ul><\/div><\/div>\n<div  style='height:50px' class='hr hr-invisible   avia-builder-el-8  el_after_av_social_share  el_before_av_comments_list '><span class='hr-inner ' ><span class='hr-inner-style'><\/span><\/span><\/div>\n<div  class='av-buildercomment  av-blog-meta-html-info-disabled av-blog-meta-tag-disabled  '><\/div>\n","protected":false},"excerpt":{"rendered":"","protected":false},"author":1,"featured_media":59286,"comment_status":"closed","ping_status":"closed","sticky":false,"template":"","format":"standard","meta":{"footnotes":""},"categories":[38],"tags":[],"class_list":["post-59285","post","type-post","status-publish","format-standard","has-post-thumbnail","hentry","category-regional"],"jetpack_featured_media_url":"https:\/\/radiorevelacionfm.cl\/wp-content\/uploads\/2025\/09\/ajgbv0tssp9-0-1-1_optimized-1_optimized-1.jpg","_links":{"self":[{"href":"https:\/\/radiorevelacionfm.cl\/index.php?rest_route=\/wp\/v2\/posts\/59285","targetHints":{"allow":["GET"]}}],"collection":[{"href":"https:\/\/radiorevelacionfm.cl\/index.php?rest_route=\/wp\/v2\/posts"}],"about":[{"href":"https:\/\/radiorevelacionfm.cl\/index.php?rest_route=\/wp\/v2\/types\/post"}],"author":[{"embeddable":true,"href":"https:\/\/radiorevelacionfm.cl\/index.php?rest_route=\/wp\/v2\/users\/1"}],"replies":[{"embeddable":true,"href":"https:\/\/radiorevelacionfm.cl\/index.php?rest_route=%2Fwp%2Fv2%2Fcomments&post=59285"}],"version-history":[{"count":2,"href":"https:\/\/radiorevelacionfm.cl\/index.php?rest_route=\/wp\/v2\/posts\/59285\/revisions"}],"predecessor-version":[{"id":59294,"href":"https:\/\/radiorevelacionfm.cl\/index.php?rest_route=\/wp\/v2\/posts\/59285\/revisions\/59294"}],"wp:featuredmedia":[{"embeddable":true,"href":"https:\/\/radiorevelacionfm.cl\/index.php?rest_route=\/wp\/v2\/media\/59286"}],"wp:attachment":[{"href":"https:\/\/radiorevelacionfm.cl\/index.php?rest_route=%2Fwp%2Fv2%2Fmedia&parent=59285"}],"wp:term":[{"taxonomy":"category","embeddable":true,"href":"https:\/\/radiorevelacionfm.cl\/index.php?rest_route=%2Fwp%2Fv2%2Fcategories&post=59285"},{"taxonomy":"post_tag","embeddable":true,"href":"https:\/\/radiorevelacionfm.cl\/index.php?rest_route=%2Fwp%2Fv2%2Ftags&post=59285"}],"curies":[{"name":"wp","href":"https:\/\/api.w.org\/{rel}","templated":true}]}}