{"id":59277,"date":"2025-09-16T11:05:41","date_gmt":"2025-09-16T14:05:41","guid":{"rendered":"https:\/\/radiorevelacionfm.cl\/?p=59277"},"modified":"2025-09-16T11:05:41","modified_gmt":"2025-09-16T14:05:41","slug":"triatlon-reto-tehuelche-de-puerto-guadal-se-transforma-en-fiesta-para-la-comunidad-y-los-visitantes","status":"publish","type":"post","link":"https:\/\/radiorevelacionfm.cl\/?p=59277","title":{"rendered":"Triatl\u00f3n \u201cReto Tehuelche\u201d de Puerto Guadal se transforma en fiesta para la comunidad y los visitantes"},"content":{"rendered":"<div class=\"flex_column av_one_full  flex_column_div av-zero-column-padding first  avia-builder-el-0  el_before_av_one_full  avia-builder-el-first  \" style='border-radius:0px; '><div  class='avia-image-container  av-styling-    avia-builder-el-1  avia-builder-el-no-sibling  avia-align-center '  itemprop=\"image\" itemscope=\"itemscope\" itemtype=\"https:\/\/schema.org\/ImageObject\"  ><div class='avia-image-container-inner'><div class='avia-image-overlay-wrap'><img decoding=\"async\" class='wp-image-59278 avia-img-lazy-loading-not-59278 avia_image' src=\"https:\/\/radiorevelacionfm.cl\/wp-content\/uploads\/2025\/09\/Foto-Reto-Tehuelche-2024-00004-1-1.jpg\" alt='' title='Foto Reto Tehuelche 2024 -00004 (1) (1)' height=\"600\" width=\"800\"  itemprop=\"thumbnailUrl\" srcset=\"https:\/\/radiorevelacionfm.cl\/wp-content\/uploads\/2025\/09\/Foto-Reto-Tehuelche-2024-00004-1-1.jpg 800w, https:\/\/radiorevelacionfm.cl\/wp-content\/uploads\/2025\/09\/Foto-Reto-Tehuelche-2024-00004-1-1-300x225.jpg 300w, https:\/\/radiorevelacionfm.cl\/wp-content\/uploads\/2025\/09\/Foto-Reto-Tehuelche-2024-00004-1-1-768x576.jpg 768w, https:\/\/radiorevelacionfm.cl\/wp-content\/uploads\/2025\/09\/Foto-Reto-Tehuelche-2024-00004-1-1-705x529.jpg 705w, https:\/\/radiorevelacionfm.cl\/wp-content\/uploads\/2025\/09\/Foto-Reto-Tehuelche-2024-00004-1-1-450x338.jpg 450w, https:\/\/radiorevelacionfm.cl\/wp-content\/uploads\/2025\/09\/Foto-Reto-Tehuelche-2024-00004-1-1-600x450.jpg 600w\" sizes=\"(max-width: 800px) 100vw, 800px\" \/><\/div><\/div><\/div><\/div><div class=\"flex_column av_one_full  flex_column_div av-zero-column-padding first  avia-builder-el-2  el_after_av_one_full  el_before_av_one_full  column-top-margin\" style='border-radius:0px; '><section class=\"av_textblock_section \"  itemscope=\"itemscope\" itemtype=\"https:\/\/schema.org\/BlogPosting\" itemprop=\"blogPost\" ><div class='avia_textblock  '   itemprop=\"text\" ><p style=\"text-align: center;\"><strong><span style=\"font-size: 18pt;\">Triatl\u00f3n \u201cReto Tehuelche\u201d de Puerto Guadal se transforma en fiesta para la comunidad y los visitantes<\/span><\/strong><\/p>\n<div id=\"gtx-trans\" style=\"position: absolute; left: -50px; top: 4.31534px;\">\n<div class=\"gtx-trans-icon\"><\/div>\n<\/div>\n<\/div><\/section><\/div><div class=\"flex_column av_one_full  flex_column_div av-zero-column-padding first  avia-builder-el-4  el_after_av_one_full  el_before_av_hr  column-top-margin\" style='border-radius:0px; '><section class=\"av_textblock_section \"  itemscope=\"itemscope\" itemtype=\"https:\/\/schema.org\/BlogPosting\" itemprop=\"blogPost\" ><div class='avia_textblock  '   itemprop=\"text\" ><ul>\n<li style=\"font-weight: 400; text-align: justify;\"><em>Esta quinta versi\u00f3n, con la cual se da el inicio de la temporada tur\u00edstica en la localidad, concitar\u00e1 a competidore\/as de la regi\u00f3n y otras zonas del pa\u00eds que se enfrentar\u00e1n en forma individual y por equipos en las disciplinas de kayak, bicicleta y trote.<\/em><\/li>\n<li style=\"font-weight: 400; text-align: justify;\"><em>La jornada contemplar\u00e1 cocina en vivo, un asado de vaquilla popular y feria de emprendedores.<\/em><\/li>\n<\/ul>\n<p style=\"font-weight: 400; text-align: justify;\">En una\u00a0<strong>fiesta para la comunidad local y visitantes<\/strong>\u00a0con\u00a0<strong>cocina en vivo<\/strong>, un\u00a0<strong>asado de vaquilla popular<\/strong>\u00a0y\u00a0<strong>feria de emprendedores<\/strong>\u00a0se transformar\u00e1 este a\u00f1o la\u00a0<strong>V versi\u00f3n del ya tradicional triatl\u00f3n \u201cReto Tehuelche\u201d<\/strong>, que combina trayectos por el lago General Carrera, monta\u00f1as y valles de los alrededores de Puerto Guadal.<\/p>\n<p style=\"font-weight: 400; text-align: justify;\">La jornada deportiva se desarrollar\u00e1 el\u00a0<strong>s\u00e1bado 1 de noviembre<\/strong> y es organizada por la Asociaci\u00f3n Gremial de Cultura, Turismo y Artesan\u00eda de la localidad. El \u201cReto Tehuelche\u201d se realiz\u00f3 la primera vez en 2019 (con un breve receso por la pandemia), concitando en estos a\u00f1os a decenas de competidores, tanto de la regi\u00f3n como del resto del pa\u00eds.<\/p>\n<p style=\"font-weight: 400; text-align: justify;\">Como en a\u00f1os anteriores, ser\u00e1n cerca de 40 kil\u00f3metros los que deber\u00e1n sortear los participantes, poniendo a prueba su resistencia y t\u00e9cnica. Las categor\u00edas ser\u00e1n individual y por equipos de tres (donde cada competidor realiza una disciplina en formato de posta: kayak (6,8 km aprox.), bicicleta (16,8 km aprox.) y trote (14,9 km aprox.).<\/p>\n<p style=\"font-weight: 400; text-align: justify;\">En el caso del tramo en kayak y como una forma de estandarizar las posibilidades de lo\/as participantes, s\u00f3lo se podr\u00e1 competir con el equipamiento facilitado por la organizaci\u00f3n (kayak, remos y chalecos salvavidas). En el caso de la bicicleta, cada corredor deber\u00e1 usar la propia.<\/p>\n<p style=\"font-weight: 400; text-align: justify;\">Se exigir\u00e1, entre otras condiciones, llevar una bolsa para desechos, donde la separaci\u00f3n de residuos ser\u00e1 obligatoria.<\/p>\n<p style=\"font-weight: 400; text-align: justify;\">El mapa de la ruta est\u00e1 en el siguiente link:\u00a0<a href=\"https:\/\/www.google.com\/maps\/d\/u\/1\/edit?mid=1-mRkAHd8YWwplJT7CHJOov_y9tfVGfQ&amp;usp=sharing\" data-saferedirecturl=\"https:\/\/www.google.com\/url?q=https:\/\/www.google.com\/maps\/d\/u\/1\/edit?mid%3D1-mRkAHd8YWwplJT7CHJOov_y9tfVGfQ%26usp%3Dsharing&amp;source=gmail&amp;ust=1758116060795000&amp;usg=AOvVaw0T179r9S6DXohTvOsR_d8r\">https:\/\/www.google.com\/maps\/d\/u\/1\/edit?mid=1-mRkAHd8YWwplJT7CHJOov_y9tfVGfQ&amp;usp=sharing<\/a>.<\/p>\n<p style=\"font-weight: 400; text-align: justify;\"><strong>Fiesta de la comunidad<\/strong><\/p>\n<p style=\"font-weight: 400; text-align: justify;\">Durante el mismo s\u00e1bado se instalar\u00e1 una feria de emprendedores a cargo de productores y productoras locales, junto a participantes de otros sectores de la regi\u00f3n, a la que se sumar\u00e1 un taller organizado por ArteChelenko de trabajo con lana. Adem\u00e1s, el <strong>cocinero regional Jos\u00e9 Gonz\u00e1lez<\/strong>\u00a0(<a href=\"https:\/\/www.instagram.com\/manosdelamontana\/\" data-saferedirecturl=\"https:\/\/www.google.com\/url?q=https:\/\/www.instagram.com\/manosdelamontana\/&amp;source=gmail&amp;ust=1758116060795000&amp;usg=AOvVaw2Qkg7cx9rhEPqFABSNssV-\">Manos de la Monta\u00f1a<\/a>) har\u00e1 una presentaci\u00f3n de cocina en vivo para los asistentes, con una vaquilla aportada por la Municipalidad de Chile Chico.<\/p>\n<p style=\"font-weight: 400; text-align: justify;\">El triatl\u00f3n \u201cReto Tehuelche\u201d se materializa gracias a los aportes y colaboraci\u00f3n de socio\/as de la AG de Turismo, adem\u00e1s de vecino\/as de la localidad. En esta ocasi\u00f3n se contar\u00e1 con el apoyo de la Municipalidad de Chile Chico.\u00a0\u00a0Asimismo, se sumar\u00e1n a la organizaci\u00f3n la agrupaci\u00f3n de artesanos ArteChelenko y la AG de Campesinos de Puerto Guadal.<\/p>\n<p style=\"font-weight: 400; text-align: justify;\">\u201c<em>Esperamos contar con la participaci\u00f3n de unos 70 competidores y competidoras, ya que todos los a\u00f1os ha ido aumentando el n\u00famero de deportistas que concurren al triatl\u00f3n\u201d\u00a0<\/em>explic\u00f3 la presidenta de la AG de Turismo, Ang\u00e9lica Anti\u00f1anco Levicoy.<\/p>\n<p style=\"font-weight: 400; text-align: justify;\">Mayores informaciones, bases de la competencia e inscripciones se pueden solicitar al correo\u00a0<a href=\"mailto:retotehuelche@gmail.com\">retotehuelche@gmail.com<\/a>\u00a0y en el\u00a0<a href=\"https:\/\/www.instagram.com\/agturismoguadal\/\" data-saferedirecturl=\"https:\/\/www.google.com\/url?q=https:\/\/www.instagram.com\/agturismoguadal\/&amp;source=gmail&amp;ust=1758116060795000&amp;usg=AOvVaw2NIqqKf-e89YaUjj1eZvMd\">Instagram<\/a>\u00a0de la organizaci\u00f3n.<\/p>\n<\/div><\/section><\/div><div  style='height:50px' class='hr hr-invisible   avia-builder-el-6  el_after_av_one_full  el_before_av_social_share '><span class='hr-inner ' ><span class='hr-inner-style'><\/span><\/span><\/div><\/p>\n<div  class='av-social-sharing-box  avia-builder-el-7  el_after_av_hr  el_before_av_hr  '><div class='av-share-box'><h5 class='av-share-link-description av-no-toc '>Compartir esta noticia<\/h5><ul class='av-share-box-list noLightbox'><li class='av-share-link av-social-link-facebook' ><a target=\"_blank\" aria-label=\"Compartir en Facebook\" href='https:\/\/www.facebook.com\/sharer.php?u=https:\/\/radiorevelacionfm.cl\/?p=59277&#038;t=Triatl%C3%B3n%20%E2%80%9CReto%20Tehuelche%E2%80%9D%20de%20Puerto%20Guadal%20se%20transforma%20en%20fiesta%20para%20la%20comunidad%20y%20los%20visitantes' aria-hidden='false' data-av_icon='\ue8f3' data-av_iconfont='entypo-fontello' title='' data-avia-related-tooltip='Compartir en Facebook' rel=\"noopener\"><span class='avia_hidden_link_text'>Compartir en Facebook<\/span><\/a><\/li><li class='av-share-link av-social-link-twitter' ><a target=\"_blank\" aria-label=\"Compartir en Twitter\" href='https:\/\/twitter.com\/share?text=Triatl%C3%B3n%20%E2%80%9CReto%20Tehuelche%E2%80%9D%20de%20Puerto%20Guadal%20se%20transforma%20en%20fiesta%20para%20la%20comunidad%20y%20los%20visitantes&#038;url=https:\/\/radiorevelacionfm.cl\/?p=59277' aria-hidden='false' data-av_icon='\ue8f1' data-av_iconfont='entypo-fontello' title='' data-avia-related-tooltip='Compartir en Twitter' rel=\"noopener\"><span class='avia_hidden_link_text'>Compartir en Twitter<\/span><\/a><\/li><li class='av-share-link av-social-link-whatsapp' ><a target=\"_blank\" aria-label=\"Compartir en Whatsapp\" href='https:\/\/api.whatsapp.com\/send?text=https:\/\/radiorevelacionfm.cl\/?p=59277' aria-hidden='false' data-av_icon='\uf232' data-av_iconfont='entypo-fontello' title='' data-avia-related-tooltip='Compartir en Whatsapp' rel=\"noopener\"><span class='avia_hidden_link_text'>Compartir en Whatsapp<\/span><\/a><\/li><li class='av-share-link av-social-link-linkedin' ><a target=\"_blank\" aria-label=\"Compartir en LinkedIn\" href='https:\/\/linkedin.com\/shareArticle?mini=true&#038;title=Triatl%C3%B3n%20%E2%80%9CReto%20Tehuelche%E2%80%9D%20de%20Puerto%20Guadal%20se%20transforma%20en%20fiesta%20para%20la%20comunidad%20y%20los%20visitantes&#038;url=https:\/\/radiorevelacionfm.cl\/?p=59277' aria-hidden='false' data-av_icon='\ue8fc' data-av_iconfont='entypo-fontello' title='' data-avia-related-tooltip='Compartir en LinkedIn' rel=\"noopener\"><span class='avia_hidden_link_text'>Compartir en LinkedIn<\/span><\/a><\/li><li class='av-share-link av-social-link-mail' ><a  aria-label=\"Compartir por correo\" href='mailto:?subject=Triatl%C3%B3n%20%E2%80%9CReto%20Tehuelche%E2%80%9D%20de%20Puerto%20Guadal%20se%20transforma%20en%20fiesta%20para%20la%20comunidad%20y%20los%20visitantes&#038;body=https:\/\/radiorevelacionfm.cl\/?p=59277' aria-hidden='false' data-av_icon='\ue805' data-av_iconfont='entypo-fontello' title='' data-avia-related-tooltip='Compartir por correo'><span class='avia_hidden_link_text'>Compartir por correo<\/span><\/a><\/li><\/ul><\/div><\/div>\n<div  style='height:50px' class='hr hr-invisible   avia-builder-el-8  el_after_av_social_share  el_before_av_comments_list '><span class='hr-inner ' ><span class='hr-inner-style'><\/span><\/span><\/div>\n<div  class='av-buildercomment  av-blog-meta-html-info-disabled av-blog-meta-tag-disabled  '><\/div>\n","protected":false},"excerpt":{"rendered":"","protected":false},"author":1,"featured_media":59278,"comment_status":"closed","ping_status":"closed","sticky":false,"template":"","format":"standard","meta":{"footnotes":""},"categories":[38],"tags":[],"class_list":["post-59277","post","type-post","status-publish","format-standard","has-post-thumbnail","hentry","category-regional"],"jetpack_featured_media_url":"https:\/\/radiorevelacionfm.cl\/wp-content\/uploads\/2025\/09\/Foto-Reto-Tehuelche-2024-00004-1-1.jpg","_links":{"self":[{"href":"https:\/\/radiorevelacionfm.cl\/index.php?rest_route=\/wp\/v2\/posts\/59277","targetHints":{"allow":["GET"]}}],"collection":[{"href":"https:\/\/radiorevelacionfm.cl\/index.php?rest_route=\/wp\/v2\/posts"}],"about":[{"href":"https:\/\/radiorevelacionfm.cl\/index.php?rest_route=\/wp\/v2\/types\/post"}],"author":[{"embeddable":true,"href":"https:\/\/radiorevelacionfm.cl\/index.php?rest_route=\/wp\/v2\/users\/1"}],"replies":[{"embeddable":true,"href":"https:\/\/radiorevelacionfm.cl\/index.php?rest_route=%2Fwp%2Fv2%2Fcomments&post=59277"}],"version-history":[{"count":2,"href":"https:\/\/radiorevelacionfm.cl\/index.php?rest_route=\/wp\/v2\/posts\/59277\/revisions"}],"predecessor-version":[{"id":59280,"href":"https:\/\/radiorevelacionfm.cl\/index.php?rest_route=\/wp\/v2\/posts\/59277\/revisions\/59280"}],"wp:featuredmedia":[{"embeddable":true,"href":"https:\/\/radiorevelacionfm.cl\/index.php?rest_route=\/wp\/v2\/media\/59278"}],"wp:attachment":[{"href":"https:\/\/radiorevelacionfm.cl\/index.php?rest_route=%2Fwp%2Fv2%2Fmedia&parent=59277"}],"wp:term":[{"taxonomy":"category","embeddable":true,"href":"https:\/\/radiorevelacionfm.cl\/index.php?rest_route=%2Fwp%2Fv2%2Fcategories&post=59277"},{"taxonomy":"post_tag","embeddable":true,"href":"https:\/\/radiorevelacionfm.cl\/index.php?rest_route=%2Fwp%2Fv2%2Ftags&post=59277"}],"curies":[{"name":"wp","href":"https:\/\/api.w.org\/{rel}","templated":true}]}}