{"id":59271,"date":"2025-09-17T10:43:37","date_gmt":"2025-09-17T13:43:37","guid":{"rendered":"https:\/\/radiorevelacionfm.cl\/?p=59271"},"modified":"2025-09-17T10:43:37","modified_gmt":"2025-09-17T13:43:37","slug":"marcia-raphael-y-visita-de-evelyn-matthei-valoramos-sus-compromisos-en-conectividad-inversion-y-energia","status":"publish","type":"post","link":"https:\/\/radiorevelacionfm.cl\/?p=59271","title":{"rendered":"Marcia Raphael y visita de Evelyn Matthei: \u201cValoramos sus compromisos en conectividad, inversi\u00f3n y energ\u00eda\u201d"},"content":{"rendered":"<div class=\"flex_column av_one_full  flex_column_div av-zero-column-padding first  avia-builder-el-0  el_before_av_one_full  avia-builder-el-first  \" style='border-radius:0px; '><div  class='avia-image-container  av-styling-    avia-builder-el-1  avia-builder-el-no-sibling  avia-align-center '  itemprop=\"image\" itemscope=\"itemscope\" itemtype=\"https:\/\/schema.org\/ImageObject\"  ><div class='avia-image-container-inner'><div class='avia-image-overlay-wrap'><img decoding=\"async\" class='wp-image-59272 avia-img-lazy-loading-not-59272 avia_image' src=\"https:\/\/radiorevelacionfm.cl\/wp-content\/uploads\/2025\/09\/Marcia-y-Evelyn-1-1.jpg\" alt='' title='Marcia y Evelyn (1) (1)' height=\"680\" width=\"802\"  itemprop=\"thumbnailUrl\" srcset=\"https:\/\/radiorevelacionfm.cl\/wp-content\/uploads\/2025\/09\/Marcia-y-Evelyn-1-1.jpg 802w, https:\/\/radiorevelacionfm.cl\/wp-content\/uploads\/2025\/09\/Marcia-y-Evelyn-1-1-300x254.jpg 300w, https:\/\/radiorevelacionfm.cl\/wp-content\/uploads\/2025\/09\/Marcia-y-Evelyn-1-1-768x651.jpg 768w, https:\/\/radiorevelacionfm.cl\/wp-content\/uploads\/2025\/09\/Marcia-y-Evelyn-1-1-705x598.jpg 705w, https:\/\/radiorevelacionfm.cl\/wp-content\/uploads\/2025\/09\/Marcia-y-Evelyn-1-1-450x382.jpg 450w, https:\/\/radiorevelacionfm.cl\/wp-content\/uploads\/2025\/09\/Marcia-y-Evelyn-1-1-600x509.jpg 600w\" sizes=\"(max-width: 802px) 100vw, 802px\" \/><\/div><\/div><\/div><\/div><div class=\"flex_column av_one_full  flex_column_div av-zero-column-padding first  avia-builder-el-2  el_after_av_one_full  el_before_av_one_full  column-top-margin\" style='border-radius:0px; '><section class=\"av_textblock_section \"  itemscope=\"itemscope\" itemtype=\"https:\/\/schema.org\/BlogPosting\" itemprop=\"blogPost\" ><div class='avia_textblock  '   itemprop=\"text\" ><p style=\"text-align: center;\"><strong><span style=\"font-size: 18pt;\">Marcia Raphael y visita de Evelyn Matthei: \u201cValoramos sus compromisos en conectividad, inversi\u00f3n y energ\u00eda\u201d<\/span><\/strong><\/p>\n<div id=\"gtx-trans\" style=\"position: absolute; left: -50px; top: 4.31534px;\">\n<div class=\"gtx-trans-icon\"><\/div>\n<\/div>\n<\/div><\/section><\/div><div class=\"flex_column av_one_full  flex_column_div av-zero-column-padding first  avia-builder-el-4  el_after_av_one_full  el_before_av_hr  column-top-margin\" style='border-radius:0px; '><section class=\"av_textblock_section \"  itemscope=\"itemscope\" itemtype=\"https:\/\/schema.org\/BlogPosting\" itemprop=\"blogPost\" ><div class='avia_textblock  '   itemprop=\"text\" ><p style=\"text-align: justify;\"><em>La candidata presidencial resalt\u00f3 su compromiso con avanzar en <\/em><em>mejorar la conectividad, reducir los costos de la energ\u00eda y generar condiciones <\/em><em>que permitan impulsar la inversi\u00f3n p\u00fablico-privada en la regi\u00f3n.<\/em><\/p>\n<p style=\"text-align: justify;\">La Diputada por Ays\u00e9n, Marcia Raphael, agradeci\u00f3 la visita de la candidata presidencial Evelyn Matthei a la regi\u00f3n y resalt\u00f3 sus compromisos con la zona, instancia en la que se reunieron con adherentes, dirigentes sociales, adultos mayores y gremios productivos, concentrando estas actividades entre Coyhaique y Puerto Ays\u00e9n.<\/p>\n<p style=\"text-align: justify;\">Tras su recorrido por Coyhaique y Puerto Ays\u00e9n, la candidata presidencial, Evelyn Matthei, enfatiz\u00f3 que \u201cAys\u00e9n ha sido postergada por d\u00e9cadas; el aislamiento, la falta de conectividad y los altos costos de vida golpean a las familias. Pero la regi\u00f3n tiene todo para despegar. Sus riquezas naturales ofrecen un enorme potencial en turismo, la pesca, la acuicultura y las energ\u00edas limpias, nuestro compromiso est\u00e1 en sacar adelante estas necesidades\u201d.<\/p>\n<p style=\"text-align: justify;\">Por su parte, la diputada de Renovaci\u00f3n Nacional, Marcia Raphael, sostuvo que este reconocimiento a la realidad de la zona es una se\u00f1al clara de que Ays\u00e9n est\u00e1 presente en las prioridades de Evelyn Matthei. \u201cValoramos enormemente que nuestra candidata venga y en terreno, escuche directamente a la gente, organizaciones sociales, gremiales y adultos mayores, entregando compromisos concretos y voluntad de avanzar en soluciones. Entre ellas, la reducci\u00f3n de los costos energ\u00e9ticos y la mejora en la conectividad que son demandas muy sentidas, ser\u00e1n parte del trabajo que seguiremos impulsando\u201d, afirm\u00f3 Raphael.<\/p>\n<p style=\"text-align: justify;\">Asimismo, la diputada agreg\u00f3 que \u201cpromover la generaci\u00f3n de inversiones, mejorar la infraestructura, avanzar en la descontaminaci\u00f3n y dar seguridad a las familias son medidas que apuntan directamente a mejorar la calidad de vida en Ays\u00e9n. Queremos que el desarrollo y las oportunidades lleguen a nuestra gente\u201d.<\/p>\n<p style=\"text-align: justify;\">Finalmente, Marcia Raphael, ratific\u00f3 su respaldo a la candidatura de Evelyn Matthei, resaltando que su liderazgo, conocimiento sobre las materias abordadas en su visita a la regi\u00f3n y experiencia probada como parlamentaria, ministra y alcaldesa, lo que afirm\u00f3 es una oportunidad para que Ays\u00e9n deje atr\u00e1s d\u00e9cadas de postergaci\u00f3n.<\/p>\n<\/div><\/section><\/div><div  style='height:50px' class='hr hr-invisible   avia-builder-el-6  el_after_av_one_full  el_before_av_social_share '><span class='hr-inner ' ><span class='hr-inner-style'><\/span><\/span><\/div><\/p>\n<div  class='av-social-sharing-box  avia-builder-el-7  el_after_av_hr  el_before_av_hr  '><div class='av-share-box'><h5 class='av-share-link-description av-no-toc '>Compartir esta noticia<\/h5><ul class='av-share-box-list noLightbox'><li class='av-share-link av-social-link-facebook' ><a target=\"_blank\" aria-label=\"Compartir en Facebook\" href='https:\/\/www.facebook.com\/sharer.php?u=https:\/\/radiorevelacionfm.cl\/?p=59271&#038;t=Marcia%20Raphael%20y%20visita%20de%20Evelyn%20Matthei%3A%20%E2%80%9CValoramos%20sus%20compromisos%20en%20conectividad%2C%20inversi%C3%B3n%20y%20energ%C3%ADa%E2%80%9D' aria-hidden='false' data-av_icon='\ue8f3' data-av_iconfont='entypo-fontello' title='' data-avia-related-tooltip='Compartir en Facebook' rel=\"noopener\"><span class='avia_hidden_link_text'>Compartir en Facebook<\/span><\/a><\/li><li class='av-share-link av-social-link-twitter' ><a target=\"_blank\" aria-label=\"Compartir en Twitter\" href='https:\/\/twitter.com\/share?text=Marcia%20Raphael%20y%20visita%20de%20Evelyn%20Matthei%3A%20%E2%80%9CValoramos%20sus%20compromisos%20en%20conectividad%2C%20inversi%C3%B3n%20y%20energ%C3%ADa%E2%80%9D&#038;url=https:\/\/radiorevelacionfm.cl\/?p=59271' aria-hidden='false' data-av_icon='\ue8f1' data-av_iconfont='entypo-fontello' title='' data-avia-related-tooltip='Compartir en Twitter' rel=\"noopener\"><span class='avia_hidden_link_text'>Compartir en Twitter<\/span><\/a><\/li><li class='av-share-link av-social-link-whatsapp' ><a target=\"_blank\" aria-label=\"Compartir en Whatsapp\" href='https:\/\/api.whatsapp.com\/send?text=https:\/\/radiorevelacionfm.cl\/?p=59271' aria-hidden='false' data-av_icon='\uf232' data-av_iconfont='entypo-fontello' title='' data-avia-related-tooltip='Compartir en Whatsapp' rel=\"noopener\"><span class='avia_hidden_link_text'>Compartir en Whatsapp<\/span><\/a><\/li><li class='av-share-link av-social-link-linkedin' ><a target=\"_blank\" aria-label=\"Compartir en LinkedIn\" href='https:\/\/linkedin.com\/shareArticle?mini=true&#038;title=Marcia%20Raphael%20y%20visita%20de%20Evelyn%20Matthei%3A%20%E2%80%9CValoramos%20sus%20compromisos%20en%20conectividad%2C%20inversi%C3%B3n%20y%20energ%C3%ADa%E2%80%9D&#038;url=https:\/\/radiorevelacionfm.cl\/?p=59271' aria-hidden='false' data-av_icon='\ue8fc' data-av_iconfont='entypo-fontello' title='' data-avia-related-tooltip='Compartir en LinkedIn' rel=\"noopener\"><span class='avia_hidden_link_text'>Compartir en LinkedIn<\/span><\/a><\/li><li class='av-share-link av-social-link-mail' ><a  aria-label=\"Compartir por correo\" href='mailto:?subject=Marcia%20Raphael%20y%20visita%20de%20Evelyn%20Matthei%3A%20%E2%80%9CValoramos%20sus%20compromisos%20en%20conectividad%2C%20inversi%C3%B3n%20y%20energ%C3%ADa%E2%80%9D&#038;body=https:\/\/radiorevelacionfm.cl\/?p=59271' aria-hidden='false' data-av_icon='\ue805' data-av_iconfont='entypo-fontello' title='' data-avia-related-tooltip='Compartir por correo'><span class='avia_hidden_link_text'>Compartir por correo<\/span><\/a><\/li><\/ul><\/div><\/div>\n<div  style='height:50px' class='hr hr-invisible   avia-builder-el-8  el_after_av_social_share  el_before_av_comments_list '><span class='hr-inner ' ><span class='hr-inner-style'><\/span><\/span><\/div>\n<div  class='av-buildercomment  av-blog-meta-html-info-disabled av-blog-meta-tag-disabled  '><\/div>\n","protected":false},"excerpt":{"rendered":"","protected":false},"author":1,"featured_media":59272,"comment_status":"closed","ping_status":"closed","sticky":false,"template":"","format":"standard","meta":{"footnotes":""},"categories":[35],"tags":[],"class_list":["post-59271","post","type-post","status-publish","format-standard","has-post-thumbnail","hentry","category-politica"],"jetpack_featured_media_url":"https:\/\/radiorevelacionfm.cl\/wp-content\/uploads\/2025\/09\/Marcia-y-Evelyn-1-1.jpg","_links":{"self":[{"href":"https:\/\/radiorevelacionfm.cl\/index.php?rest_route=\/wp\/v2\/posts\/59271","targetHints":{"allow":["GET"]}}],"collection":[{"href":"https:\/\/radiorevelacionfm.cl\/index.php?rest_route=\/wp\/v2\/posts"}],"about":[{"href":"https:\/\/radiorevelacionfm.cl\/index.php?rest_route=\/wp\/v2\/types\/post"}],"author":[{"embeddable":true,"href":"https:\/\/radiorevelacionfm.cl\/index.php?rest_route=\/wp\/v2\/users\/1"}],"replies":[{"embeddable":true,"href":"https:\/\/radiorevelacionfm.cl\/index.php?rest_route=%2Fwp%2Fv2%2Fcomments&post=59271"}],"version-history":[{"count":2,"href":"https:\/\/radiorevelacionfm.cl\/index.php?rest_route=\/wp\/v2\/posts\/59271\/revisions"}],"predecessor-version":[{"id":59337,"href":"https:\/\/radiorevelacionfm.cl\/index.php?rest_route=\/wp\/v2\/posts\/59271\/revisions\/59337"}],"wp:featuredmedia":[{"embeddable":true,"href":"https:\/\/radiorevelacionfm.cl\/index.php?rest_route=\/wp\/v2\/media\/59272"}],"wp:attachment":[{"href":"https:\/\/radiorevelacionfm.cl\/index.php?rest_route=%2Fwp%2Fv2%2Fmedia&parent=59271"}],"wp:term":[{"taxonomy":"category","embeddable":true,"href":"https:\/\/radiorevelacionfm.cl\/index.php?rest_route=%2Fwp%2Fv2%2Fcategories&post=59271"},{"taxonomy":"post_tag","embeddable":true,"href":"https:\/\/radiorevelacionfm.cl\/index.php?rest_route=%2Fwp%2Fv2%2Ftags&post=59271"}],"curies":[{"name":"wp","href":"https:\/\/api.w.org\/{rel}","templated":true}]}}