{"id":59267,"date":"2025-09-15T23:42:28","date_gmt":"2025-09-16T02:42:28","guid":{"rendered":"https:\/\/radiorevelacionfm.cl\/?p=59267"},"modified":"2025-09-15T23:42:28","modified_gmt":"2025-09-16T02:42:28","slug":"carabineros-refuerza-labor-preventiva-en-visperas-de-fiestas-patrias-y-a-traves-del-os7-aysen-desarrollan-operativo-en-zona-norte-de-la-region-de-aysen","status":"publish","type":"post","link":"https:\/\/radiorevelacionfm.cl\/?p=59267","title":{"rendered":"Carabineros refuerza labor preventiva en v\u00edsperas de Fiestas Patrias y a trav\u00e9s del OS7 Ays\u00e9n desarrollan operativo en zona norte de la regi\u00f3n de Ays\u00e9n"},"content":{"rendered":"<div class=\"flex_column av_one_full  flex_column_div av-zero-column-padding first  avia-builder-el-0  el_before_av_one_full  avia-builder-el-first  \" style='border-radius:0px; '><div  class='avia-image-container  av-styling-    avia-builder-el-1  avia-builder-el-no-sibling  avia-align-center '  itemprop=\"image\" itemscope=\"itemscope\" itemtype=\"https:\/\/schema.org\/ImageObject\"  ><div class='avia-image-container-inner'><div class='avia-image-overlay-wrap'><img decoding=\"async\" class='wp-image-59268 avia-img-lazy-loading-not-59268 avia_image' src=\"https:\/\/radiorevelacionfm.cl\/wp-content\/uploads\/2025\/09\/8ed0b28b-0a52-4db3-8f42-65e87981d9a7-1_optimized.jpg\" alt='' title='8ed0b28b-0a52-4db3-8f42-65e87981d9a7-(1)_optimized' height=\"615\" width=\"803\"  itemprop=\"thumbnailUrl\" srcset=\"https:\/\/radiorevelacionfm.cl\/wp-content\/uploads\/2025\/09\/8ed0b28b-0a52-4db3-8f42-65e87981d9a7-1_optimized.jpg 803w, https:\/\/radiorevelacionfm.cl\/wp-content\/uploads\/2025\/09\/8ed0b28b-0a52-4db3-8f42-65e87981d9a7-1_optimized-300x230.jpg 300w, https:\/\/radiorevelacionfm.cl\/wp-content\/uploads\/2025\/09\/8ed0b28b-0a52-4db3-8f42-65e87981d9a7-1_optimized-768x588.jpg 768w, https:\/\/radiorevelacionfm.cl\/wp-content\/uploads\/2025\/09\/8ed0b28b-0a52-4db3-8f42-65e87981d9a7-1_optimized-705x540.jpg 705w, https:\/\/radiorevelacionfm.cl\/wp-content\/uploads\/2025\/09\/8ed0b28b-0a52-4db3-8f42-65e87981d9a7-1_optimized-450x345.jpg 450w, https:\/\/radiorevelacionfm.cl\/wp-content\/uploads\/2025\/09\/8ed0b28b-0a52-4db3-8f42-65e87981d9a7-1_optimized-600x460.jpg 600w\" sizes=\"(max-width: 803px) 100vw, 803px\" \/><\/div><\/div><\/div><\/div><div class=\"flex_column av_one_full  flex_column_div av-zero-column-padding first  avia-builder-el-2  el_after_av_one_full  el_before_av_one_full  column-top-margin\" style='border-radius:0px; '><section class=\"av_textblock_section \"  itemscope=\"itemscope\" itemtype=\"https:\/\/schema.org\/BlogPosting\" itemprop=\"blogPost\" ><div class='avia_textblock  '   itemprop=\"text\" ><p style=\"text-align: center;\"><strong><span style=\"font-size: 18pt;\">Carabineros refuerza labor preventiva en v\u00edsperas de Fiestas Patrias y a trav\u00e9s del OS7 Ays\u00e9n desarrollan operativo en zona norte de la regi\u00f3n de Ays\u00e9n<\/span><\/strong><\/p>\n<div id=\"gtx-trans\" style=\"position: absolute; left: -50px; top: 4.31534px;\">\n<div class=\"gtx-trans-icon\"><\/div>\n<\/div>\n<\/div><\/section><\/div><div class=\"flex_column av_one_full  flex_column_div av-zero-column-padding first  avia-builder-el-4  el_after_av_one_full  el_before_av_hr  column-top-margin\" style='border-radius:0px; '><section class=\"av_textblock_section \"  itemscope=\"itemscope\" itemtype=\"https:\/\/schema.org\/BlogPosting\" itemprop=\"blogPost\" ><div class='avia_textblock  '   itemprop=\"text\" ><ul>\n<li dir=\"ltr\">\n<p dir=\"ltr\" style=\"text-align: justify;\" role=\"presentation\"><em>Tras un control se identific\u00f3 a un sujeto con 41 cartuchos de aceite de cannabis sativa, siendo los antecedentes informados a la Fiscal\u00eda.<\/em><\/p>\n<\/li>\n<\/ul>\n<p dir=\"ltr\" style=\"text-align: justify;\">En el marco del permanente compromiso con la seguridad y el bienestar de la comunidad, Carabineros de Chile, a trav\u00e9s de su Secci\u00f3n OS7 Ays\u00e9n, desarroll\u00f3 un despliegue preventivo especializado en la zona norte de la regi\u00f3n, ello con la finalidad de evitar la internaci\u00f3n de sustancias al territorio previo al inicio de las celebraciones de Fiestas Patrias.<\/p>\n<p dir=\"ltr\" style=\"text-align: justify;\">\u201cLo anterior con la finalidad de marcar presencia e identificar el posible ingreso de sustancias ilegales y sujetas a control a nuestra regi\u00f3n y a las comunas, para entregar un espacio libre a nuestra comunidad y una celebraci\u00f3n \u00f3ptima en v\u00edspera de las festividades patrias\u201d, expres\u00f3 el Jefe de la Secci\u00f3n OS7 Ays\u00e9n, Capit\u00e1n Pablo Ardiles Herrera.<\/p>\n<p dir=\"ltr\" style=\"text-align: justify;\">Clave en el desarrollo de este operativo fue la participaci\u00f3n de nuestro can detector de drogas \u201cGazu\u201d y su equipo de control, reforzando la presencia policial y entregando m\u00e1s tranquilidad y seguridad a la ciudadan\u00eda.<\/p>\n<p dir=\"ltr\" style=\"text-align: justify;\">\u201cEn este orden de ideas es que se logr\u00f3 identificar a un individuo que manten\u00eda en su poder 41 cartuchos de aceite de marihuana o aceite de cannabis (sustancia sujeta a control por la Ley N.\u00ba 20.000), el cual probablemente iba a ser ofertado en diferentes lugares de la regi\u00f3n, es por ello que se toma contacto con el Ministerio P\u00fablico, se logra la detenci\u00f3n de este individuo y se da cuenta del hecho\u201d, detall\u00f3 el Oficial.<\/p>\n<p dir=\"ltr\" style=\"text-align: justify;\">\u201cTodo esto, se enmarca en la totalidad de servicios que se despliegan en toda nuestra regi\u00f3n, en todos los sectores para entregar espacios seguros en estas celebraciones patrias, toda vez que la seguridad la construimos entre todos\u201d, recalc\u00f3 el Capit\u00e1n Ardiles.<\/p>\n<p dir=\"ltr\" style=\"text-align: justify;\">Carabineros de Chile reitera que este tipo de acciones son parte del compromiso institucional con la prevenci\u00f3n y el trabajo emp\u00e1tico en beneficio de la comunidad.\u00a0 \u00a0 Asimismo, reiter\u00f3 el llamado a la ciudadan\u00eda a denunciar de manera segura y confidencial cualquier hecho relacionado con el tr\u00e1fico o consumo de sustancias il\u00edcitas al fono drogas 135, fortaleciendo as\u00ed el trabajo conjunto entre la poblaci\u00f3n y la polic\u00eda para proteger la salud y seguridad de todos y todas.<\/p>\n<div class=\"yj6qo\" style=\"text-align: justify;\"><\/div>\n<div class=\"adL\" style=\"text-align: justify;\"><\/div>\n<\/div><\/section><\/div><div  style='height:50px' class='hr hr-invisible   avia-builder-el-6  el_after_av_one_full  el_before_av_social_share '><span class='hr-inner ' ><span class='hr-inner-style'><\/span><\/span><\/div><\/p>\n<div  class='av-social-sharing-box  avia-builder-el-7  el_after_av_hr  el_before_av_hr  '><div class='av-share-box'><h5 class='av-share-link-description av-no-toc '>Compartir esta noticia<\/h5><ul class='av-share-box-list noLightbox'><li class='av-share-link av-social-link-facebook' ><a target=\"_blank\" aria-label=\"Compartir en Facebook\" href='https:\/\/www.facebook.com\/sharer.php?u=https:\/\/radiorevelacionfm.cl\/?p=59267&#038;t=Carabineros%20refuerza%20labor%20preventiva%20en%20v%C3%ADsperas%20de%20Fiestas%20Patrias%20y%20a%20trav%C3%A9s%20del%20OS7%20Ays%C3%A9n%20desarrollan%20operativo%20en%20zona%20norte%20de%20la%20regi%C3%B3n%20de%20Ays%C3%A9n' aria-hidden='false' data-av_icon='\ue8f3' data-av_iconfont='entypo-fontello' title='' data-avia-related-tooltip='Compartir en Facebook' rel=\"noopener\"><span class='avia_hidden_link_text'>Compartir en Facebook<\/span><\/a><\/li><li class='av-share-link av-social-link-twitter' ><a target=\"_blank\" aria-label=\"Compartir en Twitter\" href='https:\/\/twitter.com\/share?text=Carabineros%20refuerza%20labor%20preventiva%20en%20v%C3%ADsperas%20de%20Fiestas%20Patrias%20y%20a%20trav%C3%A9s%20del%20OS7%20Ays%C3%A9n%20desarrollan%20operativo%20en%20zona%20norte%20de%20la%20regi%C3%B3n%20de%20Ays%C3%A9n&#038;url=https:\/\/radiorevelacionfm.cl\/?p=59267' aria-hidden='false' data-av_icon='\ue8f1' data-av_iconfont='entypo-fontello' title='' data-avia-related-tooltip='Compartir en Twitter' rel=\"noopener\"><span class='avia_hidden_link_text'>Compartir en Twitter<\/span><\/a><\/li><li class='av-share-link av-social-link-whatsapp' ><a target=\"_blank\" aria-label=\"Compartir en Whatsapp\" href='https:\/\/api.whatsapp.com\/send?text=https:\/\/radiorevelacionfm.cl\/?p=59267' aria-hidden='false' data-av_icon='\uf232' data-av_iconfont='entypo-fontello' title='' data-avia-related-tooltip='Compartir en Whatsapp' rel=\"noopener\"><span class='avia_hidden_link_text'>Compartir en Whatsapp<\/span><\/a><\/li><li class='av-share-link av-social-link-linkedin' ><a target=\"_blank\" aria-label=\"Compartir en LinkedIn\" href='https:\/\/linkedin.com\/shareArticle?mini=true&#038;title=Carabineros%20refuerza%20labor%20preventiva%20en%20v%C3%ADsperas%20de%20Fiestas%20Patrias%20y%20a%20trav%C3%A9s%20del%20OS7%20Ays%C3%A9n%20desarrollan%20operativo%20en%20zona%20norte%20de%20la%20regi%C3%B3n%20de%20Ays%C3%A9n&#038;url=https:\/\/radiorevelacionfm.cl\/?p=59267' aria-hidden='false' data-av_icon='\ue8fc' data-av_iconfont='entypo-fontello' title='' data-avia-related-tooltip='Compartir en LinkedIn' rel=\"noopener\"><span class='avia_hidden_link_text'>Compartir en LinkedIn<\/span><\/a><\/li><li class='av-share-link av-social-link-mail' ><a  aria-label=\"Compartir por correo\" href='mailto:?subject=Carabineros%20refuerza%20labor%20preventiva%20en%20v%C3%ADsperas%20de%20Fiestas%20Patrias%20y%20a%20trav%C3%A9s%20del%20OS7%20Ays%C3%A9n%20desarrollan%20operativo%20en%20zona%20norte%20de%20la%20regi%C3%B3n%20de%20Ays%C3%A9n&#038;body=https:\/\/radiorevelacionfm.cl\/?p=59267' aria-hidden='false' data-av_icon='\ue805' data-av_iconfont='entypo-fontello' title='' data-avia-related-tooltip='Compartir por correo'><span class='avia_hidden_link_text'>Compartir por correo<\/span><\/a><\/li><\/ul><\/div><\/div>\n<div  style='height:50px' class='hr hr-invisible   avia-builder-el-8  el_after_av_social_share  el_before_av_comments_list '><span class='hr-inner ' ><span class='hr-inner-style'><\/span><\/span><\/div>\n<div  class='av-buildercomment  av-blog-meta-html-info-disabled av-blog-meta-tag-disabled  '><\/div>\n","protected":false},"excerpt":{"rendered":"","protected":false},"author":1,"featured_media":59268,"comment_status":"closed","ping_status":"closed","sticky":false,"template":"","format":"standard","meta":{"footnotes":""},"categories":[36],"tags":[],"class_list":["post-59267","post","type-post","status-publish","format-standard","has-post-thumbnail","hentry","category-policial"],"jetpack_featured_media_url":"https:\/\/radiorevelacionfm.cl\/wp-content\/uploads\/2025\/09\/8ed0b28b-0a52-4db3-8f42-65e87981d9a7-1_optimized.jpg","_links":{"self":[{"href":"https:\/\/radiorevelacionfm.cl\/index.php?rest_route=\/wp\/v2\/posts\/59267","targetHints":{"allow":["GET"]}}],"collection":[{"href":"https:\/\/radiorevelacionfm.cl\/index.php?rest_route=\/wp\/v2\/posts"}],"about":[{"href":"https:\/\/radiorevelacionfm.cl\/index.php?rest_route=\/wp\/v2\/types\/post"}],"author":[{"embeddable":true,"href":"https:\/\/radiorevelacionfm.cl\/index.php?rest_route=\/wp\/v2\/users\/1"}],"replies":[{"embeddable":true,"href":"https:\/\/radiorevelacionfm.cl\/index.php?rest_route=%2Fwp%2Fv2%2Fcomments&post=59267"}],"version-history":[{"count":2,"href":"https:\/\/radiorevelacionfm.cl\/index.php?rest_route=\/wp\/v2\/posts\/59267\/revisions"}],"predecessor-version":[{"id":59270,"href":"https:\/\/radiorevelacionfm.cl\/index.php?rest_route=\/wp\/v2\/posts\/59267\/revisions\/59270"}],"wp:featuredmedia":[{"embeddable":true,"href":"https:\/\/radiorevelacionfm.cl\/index.php?rest_route=\/wp\/v2\/media\/59268"}],"wp:attachment":[{"href":"https:\/\/radiorevelacionfm.cl\/index.php?rest_route=%2Fwp%2Fv2%2Fmedia&parent=59267"}],"wp:term":[{"taxonomy":"category","embeddable":true,"href":"https:\/\/radiorevelacionfm.cl\/index.php?rest_route=%2Fwp%2Fv2%2Fcategories&post=59267"},{"taxonomy":"post_tag","embeddable":true,"href":"https:\/\/radiorevelacionfm.cl\/index.php?rest_route=%2Fwp%2Fv2%2Ftags&post=59267"}],"curies":[{"name":"wp","href":"https:\/\/api.w.org\/{rel}","templated":true}]}}