{"id":59264,"date":"2025-09-16T11:30:49","date_gmt":"2025-09-16T14:30:49","guid":{"rendered":"https:\/\/radiorevelacionfm.cl\/?p=59264"},"modified":"2025-09-16T11:30:49","modified_gmt":"2025-09-16T14:30:49","slug":"calisto-celebra-hito-historico-para-puyuhuapi-entrega-de-terreno-e-inicio-de-obras-para-43-familias","status":"publish","type":"post","link":"https:\/\/radiorevelacionfm.cl\/?p=59264","title":{"rendered":"Calisto celebra hito hist\u00f3rico para Puyuhuapi: Entrega de terreno e inicio de obras para 43 familias"},"content":{"rendered":"<div class=\"flex_column av_one_full  flex_column_div av-zero-column-padding first  avia-builder-el-0  el_before_av_one_full  avia-builder-el-first  \" style='border-radius:0px; '><div  class='avia-image-container  av-styling-    avia-builder-el-1  avia-builder-el-no-sibling  avia-align-center '  itemprop=\"image\" itemscope=\"itemscope\" itemtype=\"https:\/\/schema.org\/ImageObject\"  ><div class='avia-image-container-inner'><div class='avia-image-overlay-wrap'><img decoding=\"async\" class='wp-image-59265 avia-img-lazy-loading-not-59265 avia_image' src=\"https:\/\/radiorevelacionfm.cl\/wp-content\/uploads\/2025\/09\/foto-comitEs-puyuhuapi-1_optimized.jpg\" alt='' title='foto-comit\u00c9s-puyuhuapi-(1)_optimized' height=\"600\" width=\"1067\"  itemprop=\"thumbnailUrl\" srcset=\"https:\/\/radiorevelacionfm.cl\/wp-content\/uploads\/2025\/09\/foto-comitEs-puyuhuapi-1_optimized.jpg 1067w, https:\/\/radiorevelacionfm.cl\/wp-content\/uploads\/2025\/09\/foto-comitEs-puyuhuapi-1_optimized-300x169.jpg 300w, https:\/\/radiorevelacionfm.cl\/wp-content\/uploads\/2025\/09\/foto-comitEs-puyuhuapi-1_optimized-1030x579.jpg 1030w, https:\/\/radiorevelacionfm.cl\/wp-content\/uploads\/2025\/09\/foto-comitEs-puyuhuapi-1_optimized-768x432.jpg 768w, https:\/\/radiorevelacionfm.cl\/wp-content\/uploads\/2025\/09\/foto-comitEs-puyuhuapi-1_optimized-705x396.jpg 705w, https:\/\/radiorevelacionfm.cl\/wp-content\/uploads\/2025\/09\/foto-comitEs-puyuhuapi-1_optimized-450x253.jpg 450w, https:\/\/radiorevelacionfm.cl\/wp-content\/uploads\/2025\/09\/foto-comitEs-puyuhuapi-1_optimized-600x337.jpg 600w\" sizes=\"(max-width: 1067px) 100vw, 1067px\" \/><\/div><\/div><\/div><\/div><div class=\"flex_column av_one_full  flex_column_div av-zero-column-padding first  avia-builder-el-2  el_after_av_one_full  el_before_av_one_full  column-top-margin\" style='border-radius:0px; '><section class=\"av_textblock_section \"  itemscope=\"itemscope\" itemtype=\"https:\/\/schema.org\/BlogPosting\" itemprop=\"blogPost\" ><div class='avia_textblock  '   itemprop=\"text\" ><p style=\"text-align: center;\"><span style=\"font-size: 18pt;\"><b>Calisto celebra hito hist\u00f3rico para Puyuhuapi: Entrega de terreno e inicio de obras para 43 familias<\/b><\/span><\/p>\n<div id=\"gtx-trans\" style=\"position: absolute; left: -50px; top: 4.31534px;\">\n<div class=\"gtx-trans-icon\"><\/div>\n<\/div>\n<\/div><\/section><\/div><div class=\"flex_column av_one_full  flex_column_div av-zero-column-padding first  avia-builder-el-4  el_after_av_one_full  el_before_av_hr  column-top-margin\" style='border-radius:0px; '><section class=\"av_textblock_section \"  itemscope=\"itemscope\" itemtype=\"https:\/\/schema.org\/BlogPosting\" itemprop=\"blogPost\" ><div class='avia_textblock  '   itemprop=\"text\" ><p style=\"font-weight: 400; text-align: justify;\">Luego de una emotiva ceremonia y la colocaci\u00f3n de la primera piedra, el diputado Miguel \u00c1ngel Calisto celebr\u00f3 la entrega del terreno y el inicio de las obras para el proyecto habitacional de los comit\u00e9s \u00abPuyuhuapi Crece\u00bb y \u00abPuyuhuapi 2\u00bb. Este proyecto, largamente anhelado, beneficiar\u00e1 a 43 familias de la localidad de Puyuhuapi, en la comuna de Cisnes.<\/p>\n<p style=\"font-weight: 400; text-align: justify;\">El proyecto, que ha enfrentado un largo camino, se convierte en un hito hist\u00f3rico para la zona, ya que en la comuna de Cisnes no se constru\u00eda una vivienda social por parte del Estado desde hace nueve a\u00f1os. El inicio de la construcci\u00f3n marca el fin de una espera que se extendi\u00f3 por casi una d\u00e9cada.<\/p>\n<p style=\"font-weight: 400; text-align: justify;\">\u00abSon dos proyectos habitacionales que van a permitir solucionar una parte del d\u00e9ficit habitacional aqu\u00ed\u00bb, afirm\u00f3 el diputado Miguel \u00c1ngel Calisto. \u00abEs un proyecto en el que venimos trabajando hace much\u00edsimos a\u00f1os junto a Paola, que es una de sus dirigentas, y hoy se cumple un hito importante porque se firma, en definitiva, el inicio de obra que va a permitir la construcci\u00f3n de las viviendas. Estamos muy contentos y alegres porque esto viene desde el a\u00f1o 2016. Por lo tanto, este es un hito hist\u00f3rico que, adem\u00e1s, esperamos reforzar con el Comit\u00e9 Esperanza, que tambi\u00e9n son cerca de 80 familias que, en el futuro, van a tener su soluci\u00f3n\u00bb.<\/p>\n<p style=\"font-weight: 400; text-align: justify;\">Por su parte, la dirigenta de los comit\u00e9s, Paola Romero, destac\u00f3 el largo proceso y la alegr\u00eda por el comienzo de las obras. \u00abEmpezamos con el proceso de movimiento de tierra y construcci\u00f3n de viviendas, que deber\u00eda demorar alrededor de 10 meses. Tambi\u00e9n hacemos un llamado para que el otro comit\u00e9 de 80 familias no se postergue tanto, porque en un lugar tan apartado y lejano como este nos cost\u00f3 mucho poder avanzar. Despu\u00e9s de 10 a\u00f1os, la gente est\u00e1 muy cansada. Hemos tenido el apoyo de don Miguel \u00c1ngel desde el principio, con los estudios de suelo y todo. Estamos muy felices de ver el fruto del trabajo y el esfuerzo\u00bb.<\/p>\n<p style=\"font-weight: 400; text-align: justify;\">Cecilia Alvear, presidenta del comit\u00e9 Puyuhuapi 2, expres\u00f3 su gratitud y felicidad. \u00abTuvimos una hermosa ceremonia para poner la primera piedra de nuestras casas. Quiero agradecer infinitamente a todos los que formaron parte de este proyecto. A las autoridades, diputados, senadores y al diputado Calisto, que desde un principio estuvo con nosotros, ayud\u00e1ndonos, al igual que todas las personas de la municipalidad. Estoy muy feliz y agradecida de todo\u00bb.<\/p>\n<p style=\"font-weight: 400; text-align: justify;\">El inicio de estas obras es un reflejo del incansable trabajo que el diputado Miguel \u00c1ngel Calisto ha venido realizando junto a diversos comit\u00e9s de vivienda en la regi\u00f3n de Ays\u00e9n. Su compromiso se ha enfocado en agilizar tr\u00e1mites, buscar soluciones a la falta de terrenos y coordinar con diversas instituciones para garantizar que m\u00e1s familias de Ays\u00e9n puedan concretar el anhelado sue\u00f1o de la casa propia.<\/p>\n<\/div><\/section><\/div><div  style='height:50px' class='hr hr-invisible   avia-builder-el-6  el_after_av_one_full  el_before_av_social_share '><span class='hr-inner ' ><span class='hr-inner-style'><\/span><\/span><\/div><\/p>\n<div  class='av-social-sharing-box  avia-builder-el-7  el_after_av_hr  el_before_av_hr  '><div class='av-share-box'><h5 class='av-share-link-description av-no-toc '>Compartir esta noticia<\/h5><ul class='av-share-box-list noLightbox'><li class='av-share-link av-social-link-facebook' ><a target=\"_blank\" aria-label=\"Compartir en Facebook\" href='https:\/\/www.facebook.com\/sharer.php?u=https:\/\/radiorevelacionfm.cl\/?p=59264&#038;t=Calisto%20celebra%20hito%20hist%C3%B3rico%20para%20Puyuhuapi%3A%20Entrega%20de%20terreno%20e%20inicio%20de%20obras%20para%2043%20familias' aria-hidden='false' data-av_icon='\ue8f3' data-av_iconfont='entypo-fontello' title='' data-avia-related-tooltip='Compartir en Facebook' rel=\"noopener\"><span class='avia_hidden_link_text'>Compartir en Facebook<\/span><\/a><\/li><li class='av-share-link av-social-link-twitter' ><a target=\"_blank\" aria-label=\"Compartir en Twitter\" href='https:\/\/twitter.com\/share?text=Calisto%20celebra%20hito%20hist%C3%B3rico%20para%20Puyuhuapi%3A%20Entrega%20de%20terreno%20e%20inicio%20de%20obras%20para%2043%20familias&#038;url=https:\/\/radiorevelacionfm.cl\/?p=59264' aria-hidden='false' data-av_icon='\ue8f1' data-av_iconfont='entypo-fontello' title='' data-avia-related-tooltip='Compartir en Twitter' rel=\"noopener\"><span class='avia_hidden_link_text'>Compartir en Twitter<\/span><\/a><\/li><li class='av-share-link av-social-link-whatsapp' ><a target=\"_blank\" aria-label=\"Compartir en Whatsapp\" href='https:\/\/api.whatsapp.com\/send?text=https:\/\/radiorevelacionfm.cl\/?p=59264' aria-hidden='false' data-av_icon='\uf232' data-av_iconfont='entypo-fontello' title='' data-avia-related-tooltip='Compartir en Whatsapp' rel=\"noopener\"><span class='avia_hidden_link_text'>Compartir en Whatsapp<\/span><\/a><\/li><li class='av-share-link av-social-link-linkedin' ><a target=\"_blank\" aria-label=\"Compartir en LinkedIn\" href='https:\/\/linkedin.com\/shareArticle?mini=true&#038;title=Calisto%20celebra%20hito%20hist%C3%B3rico%20para%20Puyuhuapi%3A%20Entrega%20de%20terreno%20e%20inicio%20de%20obras%20para%2043%20familias&#038;url=https:\/\/radiorevelacionfm.cl\/?p=59264' aria-hidden='false' data-av_icon='\ue8fc' data-av_iconfont='entypo-fontello' title='' data-avia-related-tooltip='Compartir en LinkedIn' rel=\"noopener\"><span class='avia_hidden_link_text'>Compartir en LinkedIn<\/span><\/a><\/li><li class='av-share-link av-social-link-mail' ><a  aria-label=\"Compartir por correo\" href='mailto:?subject=Calisto%20celebra%20hito%20hist%C3%B3rico%20para%20Puyuhuapi%3A%20Entrega%20de%20terreno%20e%20inicio%20de%20obras%20para%2043%20familias&#038;body=https:\/\/radiorevelacionfm.cl\/?p=59264' aria-hidden='false' data-av_icon='\ue805' data-av_iconfont='entypo-fontello' title='' data-avia-related-tooltip='Compartir por correo'><span class='avia_hidden_link_text'>Compartir por correo<\/span><\/a><\/li><\/ul><\/div><\/div>\n<div  style='height:50px' class='hr hr-invisible   avia-builder-el-8  el_after_av_social_share  el_before_av_comments_list '><span class='hr-inner ' ><span class='hr-inner-style'><\/span><\/span><\/div>\n<div  class='av-buildercomment  av-blog-meta-html-info-disabled av-blog-meta-tag-disabled  '><\/div>\n","protected":false},"excerpt":{"rendered":"","protected":false},"author":1,"featured_media":59265,"comment_status":"closed","ping_status":"closed","sticky":false,"template":"","format":"standard","meta":{"footnotes":""},"categories":[35],"tags":[],"class_list":["post-59264","post","type-post","status-publish","format-standard","has-post-thumbnail","hentry","category-politica"],"jetpack_featured_media_url":"https:\/\/radiorevelacionfm.cl\/wp-content\/uploads\/2025\/09\/foto-comitEs-puyuhuapi-1_optimized.jpg","_links":{"self":[{"href":"https:\/\/radiorevelacionfm.cl\/index.php?rest_route=\/wp\/v2\/posts\/59264","targetHints":{"allow":["GET"]}}],"collection":[{"href":"https:\/\/radiorevelacionfm.cl\/index.php?rest_route=\/wp\/v2\/posts"}],"about":[{"href":"https:\/\/radiorevelacionfm.cl\/index.php?rest_route=\/wp\/v2\/types\/post"}],"author":[{"embeddable":true,"href":"https:\/\/radiorevelacionfm.cl\/index.php?rest_route=\/wp\/v2\/users\/1"}],"replies":[{"embeddable":true,"href":"https:\/\/radiorevelacionfm.cl\/index.php?rest_route=%2Fwp%2Fv2%2Fcomments&post=59264"}],"version-history":[{"count":2,"href":"https:\/\/radiorevelacionfm.cl\/index.php?rest_route=\/wp\/v2\/posts\/59264\/revisions"}],"predecessor-version":[{"id":59281,"href":"https:\/\/radiorevelacionfm.cl\/index.php?rest_route=\/wp\/v2\/posts\/59264\/revisions\/59281"}],"wp:featuredmedia":[{"embeddable":true,"href":"https:\/\/radiorevelacionfm.cl\/index.php?rest_route=\/wp\/v2\/media\/59265"}],"wp:attachment":[{"href":"https:\/\/radiorevelacionfm.cl\/index.php?rest_route=%2Fwp%2Fv2%2Fmedia&parent=59264"}],"wp:term":[{"taxonomy":"category","embeddable":true,"href":"https:\/\/radiorevelacionfm.cl\/index.php?rest_route=%2Fwp%2Fv2%2Fcategories&post=59264"},{"taxonomy":"post_tag","embeddable":true,"href":"https:\/\/radiorevelacionfm.cl\/index.php?rest_route=%2Fwp%2Fv2%2Ftags&post=59264"}],"curies":[{"name":"wp","href":"https:\/\/api.w.org\/{rel}","templated":true}]}}