{"id":59260,"date":"2025-09-16T17:23:00","date_gmt":"2025-09-16T20:23:00","guid":{"rendered":"https:\/\/radiorevelacionfm.cl\/?p=59260"},"modified":"2025-09-16T17:23:00","modified_gmt":"2025-09-16T20:23:00","slug":"entra-en-vigencia-reglamento-que-exigira-al-comercio-informar-el-precio-por-unidad-de-medida-de-sus-productos","status":"publish","type":"post","link":"https:\/\/radiorevelacionfm.cl\/?p=59260","title":{"rendered":"Entra en vigencia reglamento que exigir\u00e1 al comercio informar el precio por unidad de medida de sus productos"},"content":{"rendered":"<div class=\"flex_column av_one_full  flex_column_div av-zero-column-padding first  avia-builder-el-0  el_before_av_one_full  avia-builder-el-first  \" style='border-radius:0px; '><div  class='avia-image-container  av-styling-    avia-builder-el-1  avia-builder-el-no-sibling  avia-align-center '  itemprop=\"image\" itemscope=\"itemscope\" itemtype=\"https:\/\/schema.org\/ImageObject\"  ><div class='avia-image-container-inner'><div class='avia-image-overlay-wrap'><img decoding=\"async\" class='wp-image-59261 avia-img-lazy-loading-not-59261 avia_image' src=\"https:\/\/radiorevelacionfm.cl\/wp-content\/uploads\/2025\/09\/8782-1_optimized.jpg\" alt='' title='8782-(1)_optimized' height=\"600\" width=\"900\"  itemprop=\"thumbnailUrl\" srcset=\"https:\/\/radiorevelacionfm.cl\/wp-content\/uploads\/2025\/09\/8782-1_optimized.jpg 900w, https:\/\/radiorevelacionfm.cl\/wp-content\/uploads\/2025\/09\/8782-1_optimized-300x200.jpg 300w, https:\/\/radiorevelacionfm.cl\/wp-content\/uploads\/2025\/09\/8782-1_optimized-768x512.jpg 768w, https:\/\/radiorevelacionfm.cl\/wp-content\/uploads\/2025\/09\/8782-1_optimized-705x470.jpg 705w, https:\/\/radiorevelacionfm.cl\/wp-content\/uploads\/2025\/09\/8782-1_optimized-450x300.jpg 450w, https:\/\/radiorevelacionfm.cl\/wp-content\/uploads\/2025\/09\/8782-1_optimized-600x400.jpg 600w\" sizes=\"(max-width: 900px) 100vw, 900px\" \/><\/div><\/div><\/div><\/div><div class=\"flex_column av_one_full  flex_column_div av-zero-column-padding first  avia-builder-el-2  el_after_av_one_full  el_before_av_one_full  column-top-margin\" style='border-radius:0px; '><section class=\"av_textblock_section \"  itemscope=\"itemscope\" itemtype=\"https:\/\/schema.org\/BlogPosting\" itemprop=\"blogPost\" ><div class='avia_textblock  '   itemprop=\"text\" ><p style=\"text-align: center;\"><span style=\"font-size: 18pt;\"><b>Entra en vigencia reglamento que exigir\u00e1 al comercio informar el precio por unidad de medida de sus productos\u00a0<\/b><\/span><\/p>\n<div id=\"gtx-trans\" style=\"position: absolute; left: -50px; top: 4.31534px;\">\n<div class=\"gtx-trans-icon\"><\/div>\n<\/div>\n<\/div><\/section><\/div><div class=\"flex_column av_one_full  flex_column_div av-zero-column-padding first  avia-builder-el-4  el_after_av_one_full  el_before_av_hr  column-top-margin\" style='border-radius:0px; '><section class=\"av_textblock_section \"  itemscope=\"itemscope\" itemtype=\"https:\/\/schema.org\/BlogPosting\" itemprop=\"blogPost\" ><div class='avia_textblock  '   itemprop=\"text\" ><p style=\"text-align: justify;\"><em>Supermercados,\u00a0tiendas de conveniencia y marketplaces\u00a0estar\u00e1n obligados a dar a conocer el precio por unidad de medida junto al valor de venta de los art\u00edculos.<\/em><\/p>\n<p style=\"text-align: justify;\">Comenz\u00f3 a regir de manera obligatoria el nuevo reglamento sobre informaci\u00f3n del precio unitario de los productos, normativa del Ministerio de Econom\u00eda, Fomento y Turismo que desde el 11 de septiembre exige a los supermercados, las tiendas de conveniencia y los marketplaces del pa\u00eds, \u00a0mostrar el precio por unidad de medida junto al valor de venta de los productos, es decir, deber\u00e1n mostrar el costo de los art\u00edculos por kilo, litro o metro.<\/p>\n<p style=\"text-align: justify;\">La medida busca entregar informaci\u00f3n completa a los consumidores, con el fin de que puedan tomar decisiones informadas al momento de adquirir un producto en el comercio<\/p>\n<p style=\"text-align: justify;\">En relaci\u00f3n con la normativa, la jefa de la Divisi\u00f3n de Competencia y Mejora Regulatoria, Mar\u00eda Fernanda Campos, se\u00f1al\u00f3 que: \u201cCon esta nueva exigencia los consumidores podr\u00e1n comparar de manera sencilla, por ejemplo, cu\u00e1nto cuesta realmente un kilo de arroz, un litro de detergente o un metro de papel absorbente, independientemente del formato o el envase en que se ofrezcan. Esto fortalece la transparencia en el mercado y empodera a las personas para tomar decisiones de compra m\u00e1s informadas, al mismo tiempo que impulsa una competencia m\u00e1s justa entre los comercios\u201d.<\/p>\n<p style=\"text-align: justify;\">La iniciativa fue sometida a consulta p\u00fablica y fue trabajada por el Ministerio de Econom\u00eda, Fomento y Turismo en conjunto con el Servicio Nacional del Consumidor (Sernac). Tambi\u00e9n participaron en la elaboraci\u00f3n de este reglamento la C\u00e1mara de Comercio de Santiago, la Asociaci\u00f3n Gremial Supermercados de Chile y asociaciones de consumidores como la Organizaci\u00f3n de Consumidores y Usuarios (Odecu) y la Corporaci\u00f3n Nacional de Consumidores y Usuarios de Chile (Conadecus).<\/p>\n<p style=\"text-align: justify;\">El reglamento establece que el precio por unidad de medida deber\u00e1 ser\u00e1 exhibido de forma clara y visible en el producto, en la vitrina, en la estanter\u00eda o en la g\u00f3ndola correspondiente.<\/p>\n<p style=\"text-align: justify;\">En todos los productos cuyos envases o envoltorios indiquen una unidad de medida determinada estar\u00e1n sujetos a cumplir esta normativa. En t\u00e9rminos generales, corresponden a abarrotes, hogar, art\u00edculos y alimentos para mascotas, cuidado personal y cuidado personal para beb\u00e9s.<\/p>\n<p style=\"text-align: justify;\">En los productos formados por unidades o piezas de id\u00e9ntica naturaleza que se comercializan en un mismo envase.<\/p>\n<p style=\"text-align: justify;\">Obligaciones y excepciones<\/p>\n<p style=\"text-align: justify;\">La obligatoriedad de cumplimiento de esta normativa rige para supermercados en sus sucursales f\u00edsicas y en sus plataformas online, tiendas de conveniencia, marketplaces.<\/p>\n<p style=\"text-align: justify;\">Se aplicar\u00e1 para productos nacionales y extranjeros comercializados en el pa\u00eds.<\/p>\n<p style=\"text-align: justify;\">El local comercial deber\u00e1 tener en consideraci\u00f3n la distinci\u00f3n entre los productos vendidos a granel y los productos vendidos en paquetes. Asimismo, con el fin de permitir la comparaci\u00f3n de precios por unidad de medida de los productos ofrecidos a los consumidores, el comercio deber\u00e1 cumplir con el deber de informar en una misma unidad de medida.<\/p>\n<p style=\"text-align: justify;\">Este reglamento no aplicar\u00e1 para los vendedores que sean calificados como microempresas.<\/p>\n<p style=\"text-align: justify;\">Adem\u00e1s, habr\u00e1 productos que no estar\u00e1n obligados a entregar esta informaci\u00f3n, y son los siguientes: los de diferente naturaleza que se vendan en un mismo envase; los que se comercializan en cantidades inferiores a 50 gramos o mililitros; los que son suministrados con ocasi\u00f3n de la prestaci\u00f3n de un servicio; aquellos que se vendan en subasta p\u00fablica; las obras de arte o antig\u00fcedades; los que se comercialicen a trav\u00e9s de m\u00e1quinas expendedoras, dispensadoras o de venta autom\u00e1tica; los no envasados que se vendan en porciones, por ejemplo, porciones individuales de helados o pasteles; los que est\u00e1n afectos a normativas sectoriales que son espec\u00edficas a la informaci\u00f3n del precio; y los preparados de consumo inmediato ofrecidos en cafeter\u00edas o restaurantes presenciales o a trav\u00e9s de plataformas de comercio electr\u00f3nico.<\/p>\n<p style=\"text-align: justify;\">Cabe recordar que si bien en diciembre de 2024, este reglamento hab\u00eda sido publicado, conten\u00eda una entrada en vigencia diferida y no exist\u00eda la obligaci\u00f3n de poner en marcha la medida. En tanto ahora la normativa deber\u00e1 cumplirse de manera obligatoria desde este 11 de septiembre.<\/p>\n<\/div><\/section><\/div><div  style='height:50px' class='hr hr-invisible   avia-builder-el-6  el_after_av_one_full  el_before_av_social_share '><span class='hr-inner ' ><span class='hr-inner-style'><\/span><\/span><\/div><\/p>\n<div  class='av-social-sharing-box  avia-builder-el-7  el_after_av_hr  el_before_av_hr  '><div class='av-share-box'><h5 class='av-share-link-description av-no-toc '>Compartir esta noticia<\/h5><ul class='av-share-box-list noLightbox'><li class='av-share-link av-social-link-facebook' ><a target=\"_blank\" aria-label=\"Compartir en Facebook\" href='https:\/\/www.facebook.com\/sharer.php?u=https:\/\/radiorevelacionfm.cl\/?p=59260&#038;t=Entra%20en%20vigencia%20reglamento%20que%20exigir%C3%A1%20al%20comercio%20informar%20el%20precio%20por%20unidad%20de%20medida%20de%20sus%20productos' aria-hidden='false' data-av_icon='\ue8f3' data-av_iconfont='entypo-fontello' title='' data-avia-related-tooltip='Compartir en Facebook' rel=\"noopener\"><span class='avia_hidden_link_text'>Compartir en Facebook<\/span><\/a><\/li><li class='av-share-link av-social-link-twitter' ><a target=\"_blank\" aria-label=\"Compartir en Twitter\" href='https:\/\/twitter.com\/share?text=Entra%20en%20vigencia%20reglamento%20que%20exigir%C3%A1%20al%20comercio%20informar%20el%20precio%20por%20unidad%20de%20medida%20de%20sus%20productos&#038;url=https:\/\/radiorevelacionfm.cl\/?p=59260' aria-hidden='false' data-av_icon='\ue8f1' data-av_iconfont='entypo-fontello' title='' data-avia-related-tooltip='Compartir en Twitter' rel=\"noopener\"><span class='avia_hidden_link_text'>Compartir en Twitter<\/span><\/a><\/li><li class='av-share-link av-social-link-whatsapp' ><a target=\"_blank\" aria-label=\"Compartir en Whatsapp\" href='https:\/\/api.whatsapp.com\/send?text=https:\/\/radiorevelacionfm.cl\/?p=59260' aria-hidden='false' data-av_icon='\uf232' data-av_iconfont='entypo-fontello' title='' data-avia-related-tooltip='Compartir en Whatsapp' rel=\"noopener\"><span class='avia_hidden_link_text'>Compartir en Whatsapp<\/span><\/a><\/li><li class='av-share-link av-social-link-linkedin' ><a target=\"_blank\" aria-label=\"Compartir en LinkedIn\" href='https:\/\/linkedin.com\/shareArticle?mini=true&#038;title=Entra%20en%20vigencia%20reglamento%20que%20exigir%C3%A1%20al%20comercio%20informar%20el%20precio%20por%20unidad%20de%20medida%20de%20sus%20productos&#038;url=https:\/\/radiorevelacionfm.cl\/?p=59260' aria-hidden='false' data-av_icon='\ue8fc' data-av_iconfont='entypo-fontello' title='' data-avia-related-tooltip='Compartir en LinkedIn' rel=\"noopener\"><span class='avia_hidden_link_text'>Compartir en LinkedIn<\/span><\/a><\/li><li class='av-share-link av-social-link-mail' ><a  aria-label=\"Compartir por correo\" href='mailto:?subject=Entra%20en%20vigencia%20reglamento%20que%20exigir%C3%A1%20al%20comercio%20informar%20el%20precio%20por%20unidad%20de%20medida%20de%20sus%20productos&#038;body=https:\/\/radiorevelacionfm.cl\/?p=59260' aria-hidden='false' data-av_icon='\ue805' data-av_iconfont='entypo-fontello' title='' data-avia-related-tooltip='Compartir por correo'><span class='avia_hidden_link_text'>Compartir por correo<\/span><\/a><\/li><\/ul><\/div><\/div>\n<div  style='height:50px' class='hr hr-invisible   avia-builder-el-8  el_after_av_social_share  el_before_av_comments_list '><span class='hr-inner ' ><span class='hr-inner-style'><\/span><\/span><\/div>\n<div  class='av-buildercomment  av-blog-meta-html-info-disabled av-blog-meta-tag-disabled  '><\/div>\n","protected":false},"excerpt":{"rendered":"","protected":false},"author":1,"featured_media":59261,"comment_status":"closed","ping_status":"closed","sticky":false,"template":"","format":"standard","meta":{"footnotes":""},"categories":[45],"tags":[],"class_list":["post-59260","post","type-post","status-publish","format-standard","has-post-thumbnail","hentry","category-comercio"],"jetpack_featured_media_url":"https:\/\/radiorevelacionfm.cl\/wp-content\/uploads\/2025\/09\/8782-1_optimized.jpg","_links":{"self":[{"href":"https:\/\/radiorevelacionfm.cl\/index.php?rest_route=\/wp\/v2\/posts\/59260","targetHints":{"allow":["GET"]}}],"collection":[{"href":"https:\/\/radiorevelacionfm.cl\/index.php?rest_route=\/wp\/v2\/posts"}],"about":[{"href":"https:\/\/radiorevelacionfm.cl\/index.php?rest_route=\/wp\/v2\/types\/post"}],"author":[{"embeddable":true,"href":"https:\/\/radiorevelacionfm.cl\/index.php?rest_route=\/wp\/v2\/users\/1"}],"replies":[{"embeddable":true,"href":"https:\/\/radiorevelacionfm.cl\/index.php?rest_route=%2Fwp%2Fv2%2Fcomments&post=59260"}],"version-history":[{"count":2,"href":"https:\/\/radiorevelacionfm.cl\/index.php?rest_route=\/wp\/v2\/posts\/59260\/revisions"}],"predecessor-version":[{"id":59302,"href":"https:\/\/radiorevelacionfm.cl\/index.php?rest_route=\/wp\/v2\/posts\/59260\/revisions\/59302"}],"wp:featuredmedia":[{"embeddable":true,"href":"https:\/\/radiorevelacionfm.cl\/index.php?rest_route=\/wp\/v2\/media\/59261"}],"wp:attachment":[{"href":"https:\/\/radiorevelacionfm.cl\/index.php?rest_route=%2Fwp%2Fv2%2Fmedia&parent=59260"}],"wp:term":[{"taxonomy":"category","embeddable":true,"href":"https:\/\/radiorevelacionfm.cl\/index.php?rest_route=%2Fwp%2Fv2%2Fcategories&post=59260"},{"taxonomy":"post_tag","embeddable":true,"href":"https:\/\/radiorevelacionfm.cl\/index.php?rest_route=%2Fwp%2Fv2%2Ftags&post=59260"}],"curies":[{"name":"wp","href":"https:\/\/api.w.org\/{rel}","templated":true}]}}