{"id":5926,"date":"2021-07-05T11:23:55","date_gmt":"2021-07-05T14:23:55","guid":{"rendered":"https:\/\/radiorevelacionfm.cl\/?p=5926"},"modified":"2021-07-05T11:23:55","modified_gmt":"2021-07-05T14:23:55","slug":"incendio-forestal-nandu-en-cochrane-se-encuentra-controlado","status":"publish","type":"post","link":"https:\/\/radiorevelacionfm.cl\/?p=5926","title":{"rendered":"Incendio Forestal \u00d1and\u00fa en Cochrane se encuentra controlado"},"content":{"rendered":"<div class=\"flex_column av_one_full  flex_column_div av-zero-column-padding first  avia-builder-el-0  el_before_av_one_full  avia-builder-el-first  \" style='border-radius:0px; '><div  class='avia-image-container  av-styling-    avia-builder-el-1  avia-builder-el-no-sibling  avia-align-center '  itemprop=\"image\" itemscope=\"itemscope\" itemtype=\"https:\/\/schema.org\/ImageObject\"  ><div class='avia-image-container-inner'><div class='avia-image-overlay-wrap'><img decoding=\"async\" class='wp-image-5927 avia-img-lazy-loading-not-5927 avia_image' src=\"https:\/\/radiorevelacionfm.cl\/wp-content\/uploads\/2021\/07\/Incendio-Parque-Patagonia-1.jpeg\" alt='' title='Incendio Parque Patagonia (1)' height=\"600\" width=\"1067\"  itemprop=\"thumbnailUrl\" srcset=\"https:\/\/radiorevelacionfm.cl\/wp-content\/uploads\/2021\/07\/Incendio-Parque-Patagonia-1.jpeg 1067w, https:\/\/radiorevelacionfm.cl\/wp-content\/uploads\/2021\/07\/Incendio-Parque-Patagonia-1-300x169.jpeg 300w, https:\/\/radiorevelacionfm.cl\/wp-content\/uploads\/2021\/07\/Incendio-Parque-Patagonia-1-1030x579.jpeg 1030w, https:\/\/radiorevelacionfm.cl\/wp-content\/uploads\/2021\/07\/Incendio-Parque-Patagonia-1-768x432.jpeg 768w, https:\/\/radiorevelacionfm.cl\/wp-content\/uploads\/2021\/07\/Incendio-Parque-Patagonia-1-705x396.jpeg 705w, https:\/\/radiorevelacionfm.cl\/wp-content\/uploads\/2021\/07\/Incendio-Parque-Patagonia-1-600x337.jpeg 600w\" sizes=\"(max-width: 1067px) 100vw, 1067px\" \/><\/div><\/div><\/div><\/div><div class=\"flex_column av_one_full  flex_column_div av-zero-column-padding first  avia-builder-el-2  el_after_av_one_full  el_before_av_one_full  column-top-margin\" style='border-radius:0px; '><section class=\"av_textblock_section \"  itemscope=\"itemscope\" itemtype=\"https:\/\/schema.org\/BlogPosting\" itemprop=\"blogPost\" ><div class='avia_textblock  '   itemprop=\"text\" ><p style=\"text-align: center;\"><span style=\"font-size: 18pt;\"><strong>Incendio Forestal \u00d1and\u00fa en Cochrane se encuentra controlado <\/strong><\/span><\/p>\n<div id=\"gtx-trans\" style=\"position: absolute; left: -50px; top: 4.31534px;\">\n<div class=\"gtx-trans-icon\"><\/div>\n<\/div>\n<\/div><\/section><\/div><div class=\"flex_column av_one_full  flex_column_div av-zero-column-padding first  avia-builder-el-4  el_after_av_one_full  el_before_av_hr  column-top-margin\" style='border-radius:0px; '><section class=\"av_textblock_section \"  itemscope=\"itemscope\" itemtype=\"https:\/\/schema.org\/BlogPosting\" itemprop=\"blogPost\" ><div class='avia_textblock  '   itemprop=\"text\" ><p style=\"text-align: justify;\">De acuerdo a Conaf, se espera dentro de las pr\u00f3ximas horas declarar el siniestro como extinguido. Intendenta Margarita Ossa valor\u00f3 el trabajo de los sectores y que \u201cno tenemos v\u00edctimas ni personas heridas y adem\u00e1s estamos colocando todos los esfuerzos en resguardar a la fauna nativa del parque\u00bb.<\/p>\n<p style=\"text-align: justify;\">A las 17 horas de este domingo la Corporaci\u00f3n Nacional Forestal (Conaf) declar\u00f3 como controlado el incendio \u00d1and\u00fa al interior del Parque Nacional Patagonia de la comuna de Cochrane, el cual se origin\u00f3 pasadas las 22 horas del viernes pasado y que a la fecha ha afectado a 1.273 hect\u00e1reas.<\/p>\n<p style=\"text-align: justify;\">La raz\u00f3n por la cual el incendio a\u00fan no se encuentra extinguido la indic\u00f3 el director regional de Conaf, Andr\u00e9s Bobadilla, quien al respecto se\u00f1al\u00f3 que \u201cquedan unos pocos puntos calientes dentro de la zona quemada que, al parecer no revestir\u00edan mucho peligro, y por eso ma\u00f1ana suben nuevamente los equipos de brigadistas para empezar la etapa de liquidaci\u00f3n\u201d, dijo.<\/p>\n<p style=\"text-align: justify;\">Luego de conocer lo informado desde la Corporaci\u00f3n Nacional Forestal, la Intendenta Regional de Margarita Ossa Rojas recalc\u00f3 que \u201clos equipos contin\u00faan desplegados en terreno. El trabajo que ha sido intenso, y no podemos m\u00e1s que destacar la coordinaci\u00f3n de la Gobernaci\u00f3n provincial, Onemi, Conaf, Mop, agricultura, Ej\u00e9rcito, Bomberos y Carabineros, quienes se han desplegado desde el primer minuto. A quienes a trav\u00e9s del Comit\u00e9 Operativo de Emergencia, hemos ido apoyando con insumos y equipamiento\u201d a\u00f1adiendo que gracias a todo ese trabajo de coordinaci\u00f3n \u201cafortunadamente no tenemos v\u00edctimas ni personas heridas y estamos colocando todos los esfuerzos en resguardar a la fauna nativa del parque\u00bb, explic\u00f3.<\/p>\n<p style=\"text-align: justify;\"><strong>Factor Clima<\/strong><\/p>\n<p style=\"text-align: justify;\">Las mejoras en el clima en la zona fue uno de los factores que \u2013 de momento \u2013 m\u00e1s han ayudado al control del incendio, el que de acuerdo a los reportes afect\u00f3 \u00fanicamente a una bodega del Puesto \u00d1and\u00fa de CONAF.<\/p>\n<p style=\"text-align: justify;\">Precisamente, sobre la variable clim\u00e1tica, y lo evoluci\u00f3n en las pr\u00f3ximas horas, Andr\u00e9s Bobadilla a\u00f1adi\u00f3 que \u201cse espera para la noche (domingo) un poco de llovizna, muy bajo viendo y bajas temperaturas, lo que ayudar\u00eda tremendamente a la liquidaci\u00f3n del incendio y posiblemente durante la semana lo declararemos extinguido\u201d, precis\u00f3.<\/p>\n<p style=\"text-align: justify;\">Del mismo modo, desde ONEMI explicaron que se mantendr\u00e1n en el lugar ya que por lo dif\u00edcil de su acceso y la nula comunicaci\u00f3n telef\u00f3nica existente \u201ccomo Onemi el d\u00eda viernes en la noche envi\u00f3 un veh\u00edculo de telecomunicaciones para prestar colaboraci\u00f3n en el sector, ya que es de muy dif\u00edcil comunicaci\u00f3n, no hay se\u00f1al de telefon\u00eda celular, para prestar apoyo tanto a Conaf como a las distintas instituciones que est\u00e1n en el sector. Se mantiene el monitoreo y nosotros trabajando en la coordinaci\u00f3n de medios y disponibilidad de recursos\u201d, inform\u00f3 Sidi Bravo.<\/p>\n<\/div><\/section><\/div><div  style='height:50px' class='hr hr-invisible   avia-builder-el-6  el_after_av_one_full  el_before_av_social_share '><span class='hr-inner ' ><span class='hr-inner-style'><\/span><\/span><\/div><\/p>\n<div  class='av-social-sharing-box  avia-builder-el-7  el_after_av_hr  el_before_av_hr  '><div class='av-share-box'><h5 class='av-share-link-description av-no-toc '>Compartir esta noticia<\/h5><ul class='av-share-box-list noLightbox'><li class='av-share-link av-social-link-facebook' ><a target=\"_blank\" aria-label=\"Compartir en Facebook\" href='https:\/\/www.facebook.com\/sharer.php?u=https:\/\/radiorevelacionfm.cl\/?p=5926&#038;t=Incendio%20Forestal%20%C3%91and%C3%BA%20en%20Cochrane%20se%20encuentra%20controlado' aria-hidden='false' data-av_icon='\ue8f3' data-av_iconfont='entypo-fontello' title='' data-avia-related-tooltip='Compartir en Facebook' rel=\"noopener\"><span class='avia_hidden_link_text'>Compartir en Facebook<\/span><\/a><\/li><li class='av-share-link av-social-link-twitter' ><a target=\"_blank\" aria-label=\"Compartir en Twitter\" href='https:\/\/twitter.com\/share?text=Incendio%20Forestal%20%C3%91and%C3%BA%20en%20Cochrane%20se%20encuentra%20controlado&#038;url=https:\/\/radiorevelacionfm.cl\/?p=5926' aria-hidden='false' data-av_icon='\ue8f1' data-av_iconfont='entypo-fontello' title='' data-avia-related-tooltip='Compartir en Twitter' rel=\"noopener\"><span class='avia_hidden_link_text'>Compartir en Twitter<\/span><\/a><\/li><li class='av-share-link av-social-link-whatsapp' ><a target=\"_blank\" aria-label=\"Compartir en Whatsapp\" href='https:\/\/api.whatsapp.com\/send?text=https:\/\/radiorevelacionfm.cl\/?p=5926' aria-hidden='false' data-av_icon='\uf232' data-av_iconfont='entypo-fontello' title='' data-avia-related-tooltip='Compartir en Whatsapp' rel=\"noopener\"><span class='avia_hidden_link_text'>Compartir en Whatsapp<\/span><\/a><\/li><li class='av-share-link av-social-link-linkedin' ><a target=\"_blank\" aria-label=\"Compartir en LinkedIn\" href='https:\/\/linkedin.com\/shareArticle?mini=true&#038;title=Incendio%20Forestal%20%C3%91and%C3%BA%20en%20Cochrane%20se%20encuentra%20controlado&#038;url=https:\/\/radiorevelacionfm.cl\/?p=5926' aria-hidden='false' data-av_icon='\ue8fc' data-av_iconfont='entypo-fontello' title='' data-avia-related-tooltip='Compartir en LinkedIn' rel=\"noopener\"><span class='avia_hidden_link_text'>Compartir en LinkedIn<\/span><\/a><\/li><li class='av-share-link av-social-link-mail' ><a  aria-label=\"Compartir por correo\" href='mailto:?subject=Incendio%20Forestal%20%C3%91and%C3%BA%20en%20Cochrane%20se%20encuentra%20controlado&#038;body=https:\/\/radiorevelacionfm.cl\/?p=5926' aria-hidden='false' data-av_icon='\ue805' data-av_iconfont='entypo-fontello' title='' data-avia-related-tooltip='Compartir por correo'><span class='avia_hidden_link_text'>Compartir por correo<\/span><\/a><\/li><\/ul><\/div><\/div>\n<div  style='height:50px' class='hr hr-invisible   avia-builder-el-8  el_after_av_social_share  el_before_av_comments_list '><span class='hr-inner ' ><span class='hr-inner-style'><\/span><\/span><\/div>\n<div  class='av-buildercomment  av-blog-meta-html-info-disabled av-blog-meta-tag-disabled  '><\/div>\n","protected":false},"excerpt":{"rendered":"","protected":false},"author":1,"featured_media":5927,"comment_status":"open","ping_status":"open","sticky":false,"template":"","format":"standard","meta":{"footnotes":""},"categories":[38],"tags":[],"class_list":["post-5926","post","type-post","status-publish","format-standard","has-post-thumbnail","hentry","category-regional"],"jetpack_featured_media_url":"https:\/\/radiorevelacionfm.cl\/wp-content\/uploads\/2021\/07\/Incendio-Parque-Patagonia-1.jpeg","_links":{"self":[{"href":"https:\/\/radiorevelacionfm.cl\/index.php?rest_route=\/wp\/v2\/posts\/5926","targetHints":{"allow":["GET"]}}],"collection":[{"href":"https:\/\/radiorevelacionfm.cl\/index.php?rest_route=\/wp\/v2\/posts"}],"about":[{"href":"https:\/\/radiorevelacionfm.cl\/index.php?rest_route=\/wp\/v2\/types\/post"}],"author":[{"embeddable":true,"href":"https:\/\/radiorevelacionfm.cl\/index.php?rest_route=\/wp\/v2\/users\/1"}],"replies":[{"embeddable":true,"href":"https:\/\/radiorevelacionfm.cl\/index.php?rest_route=%2Fwp%2Fv2%2Fcomments&post=5926"}],"version-history":[{"count":1,"href":"https:\/\/radiorevelacionfm.cl\/index.php?rest_route=\/wp\/v2\/posts\/5926\/revisions"}],"predecessor-version":[{"id":5928,"href":"https:\/\/radiorevelacionfm.cl\/index.php?rest_route=\/wp\/v2\/posts\/5926\/revisions\/5928"}],"wp:featuredmedia":[{"embeddable":true,"href":"https:\/\/radiorevelacionfm.cl\/index.php?rest_route=\/wp\/v2\/media\/5927"}],"wp:attachment":[{"href":"https:\/\/radiorevelacionfm.cl\/index.php?rest_route=%2Fwp%2Fv2%2Fmedia&parent=5926"}],"wp:term":[{"taxonomy":"category","embeddable":true,"href":"https:\/\/radiorevelacionfm.cl\/index.php?rest_route=%2Fwp%2Fv2%2Fcategories&post=5926"},{"taxonomy":"post_tag","embeddable":true,"href":"https:\/\/radiorevelacionfm.cl\/index.php?rest_route=%2Fwp%2Fv2%2Ftags&post=5926"}],"curies":[{"name":"wp","href":"https:\/\/api.w.org\/{rel}","templated":true}]}}