{"id":59257,"date":"2025-09-15T21:23:30","date_gmt":"2025-09-16T00:23:30","guid":{"rendered":"https:\/\/radiorevelacionfm.cl\/?p=59257"},"modified":"2025-09-15T21:23:30","modified_gmt":"2025-09-16T00:23:30","slug":"formalizan-a-sujeto-por-robo-con-intimidacion-que-afecto-a-un-guardia-en-coyhaique","status":"publish","type":"post","link":"https:\/\/radiorevelacionfm.cl\/?p=59257","title":{"rendered":"Formalizan a sujeto por robo con intimidaci\u00f3n que afect\u00f3 a un guardia en Coyhaique"},"content":{"rendered":"<div class=\"flex_column av_one_full  flex_column_div av-zero-column-padding first  avia-builder-el-0  el_before_av_one_full  avia-builder-el-first  \" style='border-radius:0px; '><div  class='avia-image-container  av-styling-    avia-builder-el-1  avia-builder-el-no-sibling  avia-align-center '  itemprop=\"image\" itemscope=\"itemscope\" itemtype=\"https:\/\/schema.org\/ImageObject\"  ><div class='avia-image-container-inner'><div class='avia-image-overlay-wrap'><img decoding=\"async\" class='wp-image-44778 avia-img-lazy-loading-not-44778 avia_image' src=\"https:\/\/radiorevelacionfm.cl\/wp-content\/uploads\/2024\/08\/Detenido-generica-1-1.jpg\" alt='' title='Detenido-generica (1) (1)' height=\"600\" width=\"922\"  itemprop=\"thumbnailUrl\" srcset=\"https:\/\/radiorevelacionfm.cl\/wp-content\/uploads\/2024\/08\/Detenido-generica-1-1.jpg 922w, https:\/\/radiorevelacionfm.cl\/wp-content\/uploads\/2024\/08\/Detenido-generica-1-1-300x195.jpg 300w, https:\/\/radiorevelacionfm.cl\/wp-content\/uploads\/2024\/08\/Detenido-generica-1-1-768x500.jpg 768w, https:\/\/radiorevelacionfm.cl\/wp-content\/uploads\/2024\/08\/Detenido-generica-1-1-705x459.jpg 705w, https:\/\/radiorevelacionfm.cl\/wp-content\/uploads\/2024\/08\/Detenido-generica-1-1-450x293.jpg 450w, https:\/\/radiorevelacionfm.cl\/wp-content\/uploads\/2024\/08\/Detenido-generica-1-1-600x390.jpg 600w\" sizes=\"(max-width: 922px) 100vw, 922px\" \/><\/div><\/div><\/div><\/div><div class=\"flex_column av_one_full  flex_column_div av-zero-column-padding first  avia-builder-el-2  el_after_av_one_full  el_before_av_one_full  column-top-margin\" style='border-radius:0px; '><section class=\"av_textblock_section \"  itemscope=\"itemscope\" itemtype=\"https:\/\/schema.org\/BlogPosting\" itemprop=\"blogPost\" ><div class='avia_textblock  '   itemprop=\"text\" ><p style=\"text-align: center;\"><strong><span style=\"font-size: 18pt;\">Formalizan a sujeto por robo con intimidaci\u00f3n que afect\u00f3 a un guardia en Coyhaique <\/span><\/strong><\/p>\n<div id=\"gtx-trans\" style=\"position: absolute; left: -50px; top: 4.31534px;\">\n<div class=\"gtx-trans-icon\"><\/div>\n<\/div>\n<\/div><\/section><\/div><div class=\"flex_column av_one_full  flex_column_div av-zero-column-padding first  avia-builder-el-4  el_after_av_one_full  el_before_av_hr  column-top-margin\" style='border-radius:0px; '><section class=\"av_textblock_section \"  itemscope=\"itemscope\" itemtype=\"https:\/\/schema.org\/BlogPosting\" itemprop=\"blogPost\" ><div class='avia_textblock  '   itemprop=\"text\" ><p style=\"text-align: justify;\"><em>Hecho ocurri\u00f3 este lunes en horas de la madrugada y afect\u00f3 al guardia de una empresa en avenida Baquedano.\u00a0<\/em><\/p>\n<p style=\"text-align: justify;\">La Fiscal\u00eda Local de Coyhaique procedi\u00f3 a formalizar una investigaci\u00f3n por robo con intimidaci\u00f3n en car\u00e1cter de frustrado en contra de un imputado de 23 a\u00f1os, quien fue detenido por personal de Carabineros de la Primera Comisar\u00eda.<\/p>\n<p style=\"text-align: justify;\">Seg\u00fan explic\u00f3 el abogado asistente de la Fiscal\u00eda Local de Coyhaique, Jos\u00e9 Patricio Rivas, \u201choy, 15 de septiembre de 2025, en horas de la madrugada, personal policial recibi\u00f3 un llamado de la Central Comunicaciones para que concurran hasta las dependencias de la empresa Coca Cola, ubicada en Avenida Baquedano de la comuna de Coyhaique\u201d. En el lugar, agreg\u00f3, se estaba gestando un procedimiento por un robo con intimidaci\u00f3n.<\/p>\n<p style=\"text-align: justify;\">\u201cUna vez en el lugar, personal policial se entrevist\u00f3 con el guardia de seguridad, quien da cuenta de la din\u00e1mica del hecho, donde el imputado, viene a ser un masculino de 23 a\u00f1os aproximadamente, quien -en este caso- ingres\u00f3 por la fuerza, forzando un port\u00f3n de ingreso, amedrentando a la v\u00edctima e intimid\u00e1ndola a trav\u00e9s de amenazas e insultos\u201d, coment\u00f3 el abogado.<\/p>\n<p style=\"text-align: justify;\">El imputado, a\u00f1adi\u00f3 Jos\u00e9 Patricio Rivas, meti\u00f3 su mano a un bolso tipo morral, simulando tener un objeto con el cual intimida a la v\u00edctima, tras lo cual ingres\u00f3 hasta las dependencias de la empresa, gener\u00e1ndose paralelamente un llamado a Carabineros para alertar de esta situaci\u00f3n.<\/p>\n<p style=\"text-align: justify;\">Cuando llega el personal policial al lugar, se encontr\u00f3 con el imputado en dependencias de la empresa, con diversas especies en su poder, tras lo cual huye del recinto. \u201cEl personal policial solicit\u00f3 la colaboraci\u00f3n de otro dispositivo, con el cual lograron la detenci\u00f3n del imputado\u201d, explic\u00f3 Jos\u00e9 Patricio Rivas.<\/p>\n<p style=\"text-align: justify;\">En la audiencia de control de la detenci\u00f3n efectuada en el Tribunal de Garant\u00eda, se formaliz\u00f3 la investigaci\u00f3n por parte del Ministerio P\u00fablico por el delito de robo con intimidaci\u00f3n, en car\u00e1cter de frustrado, \u201csolicitando la prisi\u00f3n preventiva del imputado por ser un peligro para la seguridad de la sociedad y de la v\u00edctima, accediendo finalmente al tribunal por este argumento\u201d, dijo el abogado de la Fiscal\u00eda. Finalmente, en este caso se decret\u00f3 un plazo de investigaci\u00f3n de 60 d\u00edas donde las diligencias investigativas fueron solicitadas por la Fiscal\u00eda a Carabineros de la SIP y Labocar.<\/p>\n<\/div><\/section><\/div><div  style='height:50px' class='hr hr-invisible   avia-builder-el-6  el_after_av_one_full  el_before_av_social_share '><span class='hr-inner ' ><span class='hr-inner-style'><\/span><\/span><\/div><\/p>\n<div  class='av-social-sharing-box  avia-builder-el-7  el_after_av_hr  el_before_av_hr  '><div class='av-share-box'><h5 class='av-share-link-description av-no-toc '>Compartir esta noticia<\/h5><ul class='av-share-box-list noLightbox'><li class='av-share-link av-social-link-facebook' ><a target=\"_blank\" aria-label=\"Compartir en Facebook\" href='https:\/\/www.facebook.com\/sharer.php?u=https:\/\/radiorevelacionfm.cl\/?p=59257&#038;t=Formalizan%20a%20sujeto%20por%20robo%20con%20intimidaci%C3%B3n%20que%20afect%C3%B3%20a%20un%20guardia%20en%20Coyhaique' aria-hidden='false' data-av_icon='\ue8f3' data-av_iconfont='entypo-fontello' title='' data-avia-related-tooltip='Compartir en Facebook' rel=\"noopener\"><span class='avia_hidden_link_text'>Compartir en Facebook<\/span><\/a><\/li><li class='av-share-link av-social-link-twitter' ><a target=\"_blank\" aria-label=\"Compartir en Twitter\" href='https:\/\/twitter.com\/share?text=Formalizan%20a%20sujeto%20por%20robo%20con%20intimidaci%C3%B3n%20que%20afect%C3%B3%20a%20un%20guardia%20en%20Coyhaique&#038;url=https:\/\/radiorevelacionfm.cl\/?p=59257' aria-hidden='false' data-av_icon='\ue8f1' data-av_iconfont='entypo-fontello' title='' data-avia-related-tooltip='Compartir en Twitter' rel=\"noopener\"><span class='avia_hidden_link_text'>Compartir en Twitter<\/span><\/a><\/li><li class='av-share-link av-social-link-whatsapp' ><a target=\"_blank\" aria-label=\"Compartir en Whatsapp\" href='https:\/\/api.whatsapp.com\/send?text=https:\/\/radiorevelacionfm.cl\/?p=59257' aria-hidden='false' data-av_icon='\uf232' data-av_iconfont='entypo-fontello' title='' data-avia-related-tooltip='Compartir en Whatsapp' rel=\"noopener\"><span class='avia_hidden_link_text'>Compartir en Whatsapp<\/span><\/a><\/li><li class='av-share-link av-social-link-linkedin' ><a target=\"_blank\" aria-label=\"Compartir en LinkedIn\" href='https:\/\/linkedin.com\/shareArticle?mini=true&#038;title=Formalizan%20a%20sujeto%20por%20robo%20con%20intimidaci%C3%B3n%20que%20afect%C3%B3%20a%20un%20guardia%20en%20Coyhaique&#038;url=https:\/\/radiorevelacionfm.cl\/?p=59257' aria-hidden='false' data-av_icon='\ue8fc' data-av_iconfont='entypo-fontello' title='' data-avia-related-tooltip='Compartir en LinkedIn' rel=\"noopener\"><span class='avia_hidden_link_text'>Compartir en LinkedIn<\/span><\/a><\/li><li class='av-share-link av-social-link-mail' ><a  aria-label=\"Compartir por correo\" href='mailto:?subject=Formalizan%20a%20sujeto%20por%20robo%20con%20intimidaci%C3%B3n%20que%20afect%C3%B3%20a%20un%20guardia%20en%20Coyhaique&#038;body=https:\/\/radiorevelacionfm.cl\/?p=59257' aria-hidden='false' data-av_icon='\ue805' data-av_iconfont='entypo-fontello' title='' data-avia-related-tooltip='Compartir por correo'><span class='avia_hidden_link_text'>Compartir por correo<\/span><\/a><\/li><\/ul><\/div><\/div>\n<div  style='height:50px' class='hr hr-invisible   avia-builder-el-8  el_after_av_social_share  el_before_av_comments_list '><span class='hr-inner ' ><span class='hr-inner-style'><\/span><\/span><\/div>\n<div  class='av-buildercomment  av-blog-meta-html-info-disabled av-blog-meta-tag-disabled  '><\/div>\n","protected":false},"excerpt":{"rendered":"","protected":false},"author":1,"featured_media":44778,"comment_status":"closed","ping_status":"closed","sticky":false,"template":"","format":"standard","meta":{"footnotes":""},"categories":[36],"tags":[],"class_list":["post-59257","post","type-post","status-publish","format-standard","has-post-thumbnail","hentry","category-policial"],"jetpack_featured_media_url":"https:\/\/radiorevelacionfm.cl\/wp-content\/uploads\/2024\/08\/Detenido-generica-1-1.jpg","_links":{"self":[{"href":"https:\/\/radiorevelacionfm.cl\/index.php?rest_route=\/wp\/v2\/posts\/59257","targetHints":{"allow":["GET"]}}],"collection":[{"href":"https:\/\/radiorevelacionfm.cl\/index.php?rest_route=\/wp\/v2\/posts"}],"about":[{"href":"https:\/\/radiorevelacionfm.cl\/index.php?rest_route=\/wp\/v2\/types\/post"}],"author":[{"embeddable":true,"href":"https:\/\/radiorevelacionfm.cl\/index.php?rest_route=\/wp\/v2\/users\/1"}],"replies":[{"embeddable":true,"href":"https:\/\/radiorevelacionfm.cl\/index.php?rest_route=%2Fwp%2Fv2%2Fcomments&post=59257"}],"version-history":[{"count":2,"href":"https:\/\/radiorevelacionfm.cl\/index.php?rest_route=\/wp\/v2\/posts\/59257\/revisions"}],"predecessor-version":[{"id":59259,"href":"https:\/\/radiorevelacionfm.cl\/index.php?rest_route=\/wp\/v2\/posts\/59257\/revisions\/59259"}],"wp:featuredmedia":[{"embeddable":true,"href":"https:\/\/radiorevelacionfm.cl\/index.php?rest_route=\/wp\/v2\/media\/44778"}],"wp:attachment":[{"href":"https:\/\/radiorevelacionfm.cl\/index.php?rest_route=%2Fwp%2Fv2%2Fmedia&parent=59257"}],"wp:term":[{"taxonomy":"category","embeddable":true,"href":"https:\/\/radiorevelacionfm.cl\/index.php?rest_route=%2Fwp%2Fv2%2Fcategories&post=59257"},{"taxonomy":"post_tag","embeddable":true,"href":"https:\/\/radiorevelacionfm.cl\/index.php?rest_route=%2Fwp%2Fv2%2Ftags&post=59257"}],"curies":[{"name":"wp","href":"https:\/\/api.w.org\/{rel}","templated":true}]}}