{"id":59253,"date":"2025-09-15T19:35:06","date_gmt":"2025-09-15T22:35:06","guid":{"rendered":"https:\/\/radiorevelacionfm.cl\/?p=59253"},"modified":"2025-09-15T19:35:06","modified_gmt":"2025-09-15T22:35:06","slug":"congreso-regional-explora-reunio-a-la-comunidad-educativa-de-aysen-en-torno-a-las-ciencias-y-la-innovacion","status":"publish","type":"post","link":"https:\/\/radiorevelacionfm.cl\/?p=59253","title":{"rendered":"Congreso Regional Explora reuni\u00f3 a la comunidad educativa de Ays\u00e9n en torno a las ciencias y la innovaci\u00f3n"},"content":{"rendered":"<div class=\"flex_column av_one_full  flex_column_div av-zero-column-padding first  avia-builder-el-0  el_before_av_one_full  avia-builder-el-first  \" style='border-radius:0px; '><div  class='avia-image-container  av-styling-    avia-builder-el-1  avia-builder-el-no-sibling  avia-align-center '  itemprop=\"image\" itemscope=\"itemscope\" itemtype=\"https:\/\/schema.org\/ImageObject\"  ><div class='avia-image-container-inner'><div class='avia-image-overlay-wrap'><img decoding=\"async\" class='wp-image-59254 avia-img-lazy-loading-not-59254 avia_image' src=\"https:\/\/radiorevelacionfm.cl\/wp-content\/uploads\/2025\/09\/2-3-1_optimized-1.jpg\" alt='' title='2-3-(1)_optimized (1)' height=\"600\" width=\"900\"  itemprop=\"thumbnailUrl\" srcset=\"https:\/\/radiorevelacionfm.cl\/wp-content\/uploads\/2025\/09\/2-3-1_optimized-1.jpg 900w, https:\/\/radiorevelacionfm.cl\/wp-content\/uploads\/2025\/09\/2-3-1_optimized-1-300x200.jpg 300w, https:\/\/radiorevelacionfm.cl\/wp-content\/uploads\/2025\/09\/2-3-1_optimized-1-768x512.jpg 768w, https:\/\/radiorevelacionfm.cl\/wp-content\/uploads\/2025\/09\/2-3-1_optimized-1-705x470.jpg 705w, https:\/\/radiorevelacionfm.cl\/wp-content\/uploads\/2025\/09\/2-3-1_optimized-1-450x300.jpg 450w, https:\/\/radiorevelacionfm.cl\/wp-content\/uploads\/2025\/09\/2-3-1_optimized-1-600x400.jpg 600w\" sizes=\"(max-width: 900px) 100vw, 900px\" \/><\/div><\/div><\/div><\/div><div class=\"flex_column av_one_full  flex_column_div av-zero-column-padding first  avia-builder-el-2  el_after_av_one_full  el_before_av_one_full  column-top-margin\" style='border-radius:0px; '><section class=\"av_textblock_section \"  itemscope=\"itemscope\" itemtype=\"https:\/\/schema.org\/BlogPosting\" itemprop=\"blogPost\" ><div class='avia_textblock  '   itemprop=\"text\" ><p style=\"text-align: center;\"><span style=\"font-size: 18pt;\"><strong>Congreso Regional Explora reuni\u00f3 a la comunidad educativa de Ays\u00e9n en torno a las ciencias y la innovaci\u00f3n<\/strong><\/span><\/p>\n<div id=\"gtx-trans\" style=\"position: absolute; left: -50px; top: 4.31534px;\">\n<div class=\"gtx-trans-icon\"><\/div>\n<\/div>\n<\/div><\/section><\/div><div class=\"flex_column av_one_full  flex_column_div av-zero-column-padding first  avia-builder-el-4  el_after_av_one_full  el_before_av_hr  column-top-margin\" style='border-radius:0px; '><section class=\"av_textblock_section \"  itemscope=\"itemscope\" itemtype=\"https:\/\/schema.org\/BlogPosting\" itemprop=\"blogPost\" ><div class='avia_textblock  '   itemprop=\"text\" ><p style=\"text-align: justify;\"><em>En el encuentro, equipos escolares de Cochrane y Coyhaique fueron seleccionados para representar a la Regi\u00f3n en el Congreso Nacional Explora 2025. <\/em><\/p>\n<p style=\"text-align: justify;\">Entre el 27 y 29 de agosto se realiz\u00f3 el Congreso Regional Explora de Investigaci\u00f3n e Innovaci\u00f3n Escolar en el Centro Cultural Coyhaique. El encuentro, organizado por el Proyecto Explora Ays\u00e9n, reuni\u00f3 a estudiantes y docentes de 10 localidades de la regi\u00f3n para compartir experiencias y presentar los avances de sus proyectos que, a trav\u00e9s de las ciencias y la innovaci\u00f3n, buscan soluciones creativas a los desaf\u00edos de sus entornos<\/p>\n<p style=\"text-align: justify;\">Los 28 equipos escolares participantes, conformados por estudiantes de ense\u00f1anza b\u00e1sica y media junto a sus docentes, forman parte del Programa de Investigaci\u00f3n e Innovaci\u00f3n Escolar (IIE), una iniciativa del Proyecto Explora Ays\u00e9n del Ministerio de Ciencia, Tecnolog\u00eda, Conocimiento e Innovaci\u00f3n, y el Campus Patagonia de la Universidad Austral de Chile, que busca \u200b\u200bfomentar el desarrollo de competencias cient\u00edficas en la comunidad educativa.<\/p>\n<p style=\"text-align: justify;\"><strong>Ciencias e innovaci\u00f3n: creando soluciones para los desaf\u00edos de la regi\u00f3n<\/strong><\/p>\n<p style=\"text-align: justify;\">Durante las tres jornadas, los equipos escolares compartieron con la comunidad los avances de sus proyectos, participaron en charlas y talleres formativos de ciencias, arte y comunicaci\u00f3n, y, en la jornada de cierre, se sumaron a las y los j\u00f3venes del Congreso J\u00f3venes Futuro, evento nacional realizado de forma in\u00e9dita en la regi\u00f3n de Ays\u00e9n.<\/p>\n<p style=\"text-align: justify;\">Javier Acu\u00f1a, encargado del Programa de Investigaci\u00f3n e Innovaci\u00f3n Escolar de Explora Ays\u00e9n, destac\u00f3: \u201cel Congreso Regional IIE 2025 estuvo incre\u00edble: los equipos se sintieron c\u00f3modos, vimos un gran progreso comunicacional en los estudiantes, quienes defendieron con fuerza y claridad sus proyectos, demostrando empoderamiento y profundo conocimiento de lo que desarrollaron\u201d.<\/p>\n<p style=\"text-align: justify;\"><strong>Representaci\u00f3n regional en el Congreso Nacional Explora<\/strong><\/p>\n<p style=\"text-align: justify;\">Tras la evaluaci\u00f3n del comit\u00e9 cient\u00edfico del Congreso Regional Explora, el proyecto de investigaci\u00f3n \u201cConexi\u00f3n fungi: potencial de la micorriza para una agronom\u00eda sustentable\u201d de la Escuela V\u00edctor Domingo Silva y el proyecto de innovaci\u00f3n \u201cCochrane en l\u00ednea con su Patrimonio\u201d del Liceo Bicentenario Austral Lord Cochrane, fueron los seleccionados para representar a la regi\u00f3n de Ays\u00e9n en el Congreso Nacional Explora 2025.<\/p>\n<p style=\"text-align: justify;\">Respecto a su participaci\u00f3n como representantes regionales en Congreso Nacional, Patricio Mu\u00f1oz, docente asesor del proyecto \u201cConexi\u00f3n Fungi\u201d, se\u00f1al\u00f3: \u201cPara el equipo es una gran responsabilidad. Nos sentimos representantes de las escuelas p\u00fablicas de nuestra regi\u00f3n frente a los dem\u00e1s equipos a nivel nacional, y nos encantar\u00eda poder difundir el gran conocimiento que nos dejan los hongos de nuestra regi\u00f3n\u201d.<\/p>\n<p style=\"text-align: justify;\">Por su parte, Isabella Guzm\u00e1n, estudiante del mismo equipo, afirm\u00f3 que participar del Congreso Nacional \u201csignifica representar a mi escuela y a todos los ni\u00f1os y ni\u00f1as que viven ac\u00e1 en la regi\u00f3n\u201d.<\/p>\n<p style=\"text-align: justify;\">Congreso Nacional Explora se realizar\u00e1 los d\u00edas 28, 29 y 30 de octubre en la ciudad de Santiago, en el marco de la conmemoraci\u00f3n de los 30 a\u00f1os de trayectoria del Programa Explora, y reunir\u00e1 a equipos escolares de todo el pa\u00eds con el objetivo de fortalecer y celebrar la cultura de investigaci\u00f3n cient\u00edfica y la innovaci\u00f3n en el \u00e1mbito escolar nacional.<\/p>\n<\/div><\/section><\/div><div  style='height:50px' class='hr hr-invisible   avia-builder-el-6  el_after_av_one_full  el_before_av_social_share '><span class='hr-inner ' ><span class='hr-inner-style'><\/span><\/span><\/div><\/p>\n<div  class='av-social-sharing-box  avia-builder-el-7  el_after_av_hr  el_before_av_hr  '><div class='av-share-box'><h5 class='av-share-link-description av-no-toc '>Compartir esta noticia<\/h5><ul class='av-share-box-list noLightbox'><li class='av-share-link av-social-link-facebook' ><a target=\"_blank\" aria-label=\"Compartir en Facebook\" href='https:\/\/www.facebook.com\/sharer.php?u=https:\/\/radiorevelacionfm.cl\/?p=59253&#038;t=Congreso%20Regional%20Explora%20reuni%C3%B3%20a%20la%20comunidad%20educativa%20de%20Ays%C3%A9n%20en%20torno%20a%20las%20ciencias%20y%20la%20innovaci%C3%B3n' aria-hidden='false' data-av_icon='\ue8f3' data-av_iconfont='entypo-fontello' title='' data-avia-related-tooltip='Compartir en Facebook' rel=\"noopener\"><span class='avia_hidden_link_text'>Compartir en Facebook<\/span><\/a><\/li><li class='av-share-link av-social-link-twitter' ><a target=\"_blank\" aria-label=\"Compartir en Twitter\" href='https:\/\/twitter.com\/share?text=Congreso%20Regional%20Explora%20reuni%C3%B3%20a%20la%20comunidad%20educativa%20de%20Ays%C3%A9n%20en%20torno%20a%20las%20ciencias%20y%20la%20innovaci%C3%B3n&#038;url=https:\/\/radiorevelacionfm.cl\/?p=59253' aria-hidden='false' data-av_icon='\ue8f1' data-av_iconfont='entypo-fontello' title='' data-avia-related-tooltip='Compartir en Twitter' rel=\"noopener\"><span class='avia_hidden_link_text'>Compartir en Twitter<\/span><\/a><\/li><li class='av-share-link av-social-link-whatsapp' ><a target=\"_blank\" aria-label=\"Compartir en Whatsapp\" href='https:\/\/api.whatsapp.com\/send?text=https:\/\/radiorevelacionfm.cl\/?p=59253' aria-hidden='false' data-av_icon='\uf232' data-av_iconfont='entypo-fontello' title='' data-avia-related-tooltip='Compartir en Whatsapp' rel=\"noopener\"><span class='avia_hidden_link_text'>Compartir en Whatsapp<\/span><\/a><\/li><li class='av-share-link av-social-link-linkedin' ><a target=\"_blank\" aria-label=\"Compartir en LinkedIn\" href='https:\/\/linkedin.com\/shareArticle?mini=true&#038;title=Congreso%20Regional%20Explora%20reuni%C3%B3%20a%20la%20comunidad%20educativa%20de%20Ays%C3%A9n%20en%20torno%20a%20las%20ciencias%20y%20la%20innovaci%C3%B3n&#038;url=https:\/\/radiorevelacionfm.cl\/?p=59253' aria-hidden='false' data-av_icon='\ue8fc' data-av_iconfont='entypo-fontello' title='' data-avia-related-tooltip='Compartir en LinkedIn' rel=\"noopener\"><span class='avia_hidden_link_text'>Compartir en LinkedIn<\/span><\/a><\/li><li class='av-share-link av-social-link-mail' ><a  aria-label=\"Compartir por correo\" href='mailto:?subject=Congreso%20Regional%20Explora%20reuni%C3%B3%20a%20la%20comunidad%20educativa%20de%20Ays%C3%A9n%20en%20torno%20a%20las%20ciencias%20y%20la%20innovaci%C3%B3n&#038;body=https:\/\/radiorevelacionfm.cl\/?p=59253' aria-hidden='false' data-av_icon='\ue805' data-av_iconfont='entypo-fontello' title='' data-avia-related-tooltip='Compartir por correo'><span class='avia_hidden_link_text'>Compartir por correo<\/span><\/a><\/li><\/ul><\/div><\/div>\n<div  style='height:50px' class='hr hr-invisible   avia-builder-el-8  el_after_av_social_share  el_before_av_comments_list '><span class='hr-inner ' ><span class='hr-inner-style'><\/span><\/span><\/div>\n<div  class='av-buildercomment  av-blog-meta-html-info-disabled av-blog-meta-tag-disabled  '><\/div>\n","protected":false},"excerpt":{"rendered":"","protected":false},"author":1,"featured_media":59254,"comment_status":"closed","ping_status":"closed","sticky":false,"template":"","format":"standard","meta":{"footnotes":""},"categories":[49],"tags":[],"class_list":["post-59253","post","type-post","status-publish","format-standard","has-post-thumbnail","hentry","category-educacion"],"jetpack_featured_media_url":"https:\/\/radiorevelacionfm.cl\/wp-content\/uploads\/2025\/09\/2-3-1_optimized-1.jpg","_links":{"self":[{"href":"https:\/\/radiorevelacionfm.cl\/index.php?rest_route=\/wp\/v2\/posts\/59253","targetHints":{"allow":["GET"]}}],"collection":[{"href":"https:\/\/radiorevelacionfm.cl\/index.php?rest_route=\/wp\/v2\/posts"}],"about":[{"href":"https:\/\/radiorevelacionfm.cl\/index.php?rest_route=\/wp\/v2\/types\/post"}],"author":[{"embeddable":true,"href":"https:\/\/radiorevelacionfm.cl\/index.php?rest_route=\/wp\/v2\/users\/1"}],"replies":[{"embeddable":true,"href":"https:\/\/radiorevelacionfm.cl\/index.php?rest_route=%2Fwp%2Fv2%2Fcomments&post=59253"}],"version-history":[{"count":2,"href":"https:\/\/radiorevelacionfm.cl\/index.php?rest_route=\/wp\/v2\/posts\/59253\/revisions"}],"predecessor-version":[{"id":59256,"href":"https:\/\/radiorevelacionfm.cl\/index.php?rest_route=\/wp\/v2\/posts\/59253\/revisions\/59256"}],"wp:featuredmedia":[{"embeddable":true,"href":"https:\/\/radiorevelacionfm.cl\/index.php?rest_route=\/wp\/v2\/media\/59254"}],"wp:attachment":[{"href":"https:\/\/radiorevelacionfm.cl\/index.php?rest_route=%2Fwp%2Fv2%2Fmedia&parent=59253"}],"wp:term":[{"taxonomy":"category","embeddable":true,"href":"https:\/\/radiorevelacionfm.cl\/index.php?rest_route=%2Fwp%2Fv2%2Fcategories&post=59253"},{"taxonomy":"post_tag","embeddable":true,"href":"https:\/\/radiorevelacionfm.cl\/index.php?rest_route=%2Fwp%2Fv2%2Ftags&post=59253"}],"curies":[{"name":"wp","href":"https:\/\/api.w.org\/{rel}","templated":true}]}}