{"id":59249,"date":"2025-09-15T19:21:20","date_gmt":"2025-09-15T22:21:20","guid":{"rendered":"https:\/\/radiorevelacionfm.cl\/?p=59249"},"modified":"2025-09-15T19:21:20","modified_gmt":"2025-09-15T22:21:20","slug":"tour-delictual-en-tiempo-record-pdi-y-fiscalia-esclarecen-robos-ocurridos-en-coyhaique","status":"publish","type":"post","link":"https:\/\/radiorevelacionfm.cl\/?p=59249","title":{"rendered":"Tour delictual: En tiempo r\u00e9cord PDI y Fiscal\u00eda esclarecen robos ocurridos en Coyhaique"},"content":{"rendered":"<div class=\"flex_column av_one_full  flex_column_div av-zero-column-padding first  avia-builder-el-0  el_before_av_one_full  avia-builder-el-first  \" style='border-radius:0px; '><div  class='avia-image-container  av-styling-    avia-builder-el-1  avia-builder-el-no-sibling  avia-align-center '  itemprop=\"image\" itemscope=\"itemscope\" itemtype=\"https:\/\/schema.org\/ImageObject\"  ><div class='avia-image-container-inner'><div class='avia-image-overlay-wrap'><img decoding=\"async\" class='wp-image-59250 avia-img-lazy-loading-not-59250 avia_image' src=\"https:\/\/radiorevelacionfm.cl\/wp-content\/uploads\/2025\/09\/whatsapp-image-2025-09-12-at-7_optimized.43.24-pm-1-1.jpeg\" alt='' title='whatsapp-image-2025-09-12-at-7_optimized.43.24-pm-(1) (1)' height=\"600\" width=\"1067\"  itemprop=\"thumbnailUrl\" srcset=\"https:\/\/radiorevelacionfm.cl\/wp-content\/uploads\/2025\/09\/whatsapp-image-2025-09-12-at-7_optimized.43.24-pm-1-1.jpeg 1067w, https:\/\/radiorevelacionfm.cl\/wp-content\/uploads\/2025\/09\/whatsapp-image-2025-09-12-at-7_optimized.43.24-pm-1-1-300x169.jpeg 300w, https:\/\/radiorevelacionfm.cl\/wp-content\/uploads\/2025\/09\/whatsapp-image-2025-09-12-at-7_optimized.43.24-pm-1-1-1030x579.jpeg 1030w, https:\/\/radiorevelacionfm.cl\/wp-content\/uploads\/2025\/09\/whatsapp-image-2025-09-12-at-7_optimized.43.24-pm-1-1-768x432.jpeg 768w, https:\/\/radiorevelacionfm.cl\/wp-content\/uploads\/2025\/09\/whatsapp-image-2025-09-12-at-7_optimized.43.24-pm-1-1-705x396.jpeg 705w, https:\/\/radiorevelacionfm.cl\/wp-content\/uploads\/2025\/09\/whatsapp-image-2025-09-12-at-7_optimized.43.24-pm-1-1-450x253.jpeg 450w, https:\/\/radiorevelacionfm.cl\/wp-content\/uploads\/2025\/09\/whatsapp-image-2025-09-12-at-7_optimized.43.24-pm-1-1-600x337.jpeg 600w\" sizes=\"(max-width: 1067px) 100vw, 1067px\" \/><\/div><\/div><\/div><\/div><div class=\"flex_column av_one_full  flex_column_div av-zero-column-padding first  avia-builder-el-2  el_after_av_one_full  el_before_av_one_full  column-top-margin\" style='border-radius:0px; '><section class=\"av_textblock_section \"  itemscope=\"itemscope\" itemtype=\"https:\/\/schema.org\/BlogPosting\" itemprop=\"blogPost\" ><div class='avia_textblock  '   itemprop=\"text\" ><p style=\"text-align: center;\"><strong><span style=\"font-size: 18pt;\">Tour delictual: En tiempo r\u00e9cord PDI y Fiscal\u00eda esclarecen robos ocurridos en Coyhaique<\/span><\/strong><\/p>\n<div id=\"gtx-trans\" style=\"position: absolute; left: -50px; top: 4.31534px;\">\n<div class=\"gtx-trans-icon\"><\/div>\n<\/div>\n<\/div><\/section><\/div><div class=\"flex_column av_one_full  flex_column_div av-zero-column-padding first  avia-builder-el-4  el_after_av_one_full  el_before_av_hr  column-top-margin\" style='border-radius:0px; '><section class=\"av_textblock_section \"  itemscope=\"itemscope\" itemtype=\"https:\/\/schema.org\/BlogPosting\" itemprop=\"blogPost\" ><div class='avia_textblock  '   itemprop=\"text\" ><p style=\"text-align: justify;\">En un trabajo coordinado entre el Ministerio P\u00fablico y la Polic\u00eda de Investigaciones de Chile, detectives de la Brigada Investigadora de Robos (BIRO) Coyhaique lograron la detenci\u00f3n de dos imputados, oriundos de Valdivia, Regi\u00f3n de Los R\u00edos, quienes cometieron distintos delitos de robo y hurtos reiterados en la capital regional desde el mi\u00e9rcoles de la semana reci\u00e9n pasada.<\/p>\n<p style=\"text-align: justify;\">Gracias al proceso investigativo y al an\u00e1lisis criminal, el equipo investigador logr\u00f3 entrelazar distintos hechos que ocurrieron en locales comerciales, v\u00eda p\u00fablica y domicilios particulares.<\/p>\n<p style=\"text-align: justify;\">Al respecto, el jefe de la BIRO Coyhaique, comisario Felipe Vald\u00e9s D\u00edaz, se\u00f1al\u00f3 que \u201cla Polic\u00eda de Investigaciones logr\u00f3 la detenci\u00f3n de dos personas mayores de edad, quienes cometieron en 24 horas al menos cinco delitos, que van entre hurtos, receptaci\u00f3n, robo en lugar no habitado y habitado que estamos todav\u00eda trabajando con la Fiscal\u00eda\u201d.<\/p>\n<p style=\"text-align: justify;\">Adem\u00e1s, el oficial policial indic\u00f3 que \u201cestas personas habr\u00edan llegado la semana pasada y en estas 24 horas cometieron los delitos, no descartamos que hayan participado en otros hechos con investigaciones activas de la PDI\u201d, indic\u00f3 el comisario Vald\u00e9s.<\/p>\n<p style=\"text-align: justify;\">Sobre el modo de operar de esta investigaci\u00f3n contin\u00faa en curso, el jefe de la brigada especializada puntualiz\u00f3 que \u201clos imputados provienen de otra ciudad, se instalan ac\u00e1, arriendan una pieza y se dedican a cometer los delitos y, posteriormente, reducir las especies\u201d, no descartando que podr\u00edan estar vinculados a otros delitos en investigaci\u00f3n.<\/p>\n<p style=\"text-align: justify;\">Tras los robos, las especies intentaron reducirlas en el mercado informal, no obstante, \u201cmuchas de ellas fueron recuperadas porque logramos la detenci\u00f3n y acreditar los delitos en menos de 24 horas, eso es fundamental, por cuanto encontramos en el domicilio que estaban arrendando la mayor\u00eda de las especies que se aval\u00faan por sobre los 3 millones y medio de pesos\u201d, cerr\u00f3 el comisario Vald\u00e9s.<\/p>\n<p style=\"text-align: justify;\">Los imputados, provenientes de Valdivia, fueron puestos a disposici\u00f3n del Juzgado de Garant\u00eda de Coyhaique para su control de detenci\u00f3n y formalizaci\u00f3n. De acuerdo a lo expuesto por el abogado asistente de la Fiscal\u00eda Local de Coyhaique, Sebasti\u00e1n Vild\u00f3sola, \u201cla Fiscal\u00eda Local de Coyhaique formaliz\u00f3 investigaci\u00f3n en contra de dos personas de 30 y 31 a\u00f1os de edad como autores de diversos delitos de robo en lugar no habitado que afectaron a un restaurant y a un local de env\u00edo de encomiendas y, adem\u00e1s, receptaci\u00f3n de diversas especies provenientes de hurtos y robos en locales comerciales y domicilios particulares\u201d.<\/p>\n<p style=\"text-align: justify;\">El profesional a\u00f1adi\u00f3 que \u201ca prop\u00f3sito de las diligencias investigativas desarrolladas por personal de la Brigada Investigadora de Robos en coordinaci\u00f3n con Lacrim y por instrucci\u00f3n de la Fiscal\u00eda Local de Coyhaique, se estableci\u00f3 la participaci\u00f3n de ambos imputados en estos il\u00edcitos\u201d.<\/p>\n<p style=\"text-align: justify;\">Esta Fiscal\u00eda, agreg\u00f3 Sebasti\u00e1n Vild\u00f3sola, \u201csolicit\u00f3 la prisi\u00f3n preventiva de ambos imputados por estimar que su libertad constituye un peligro para la seguridad de la sociedad, alegaci\u00f3n que fue acogida respecto de uno de ellos, quien manten\u00eda diversas condenas por delitos, en su mayor\u00eda contra la propiedad\u201d.<\/p>\n<p style=\"text-align: justify;\">Y respecto del coimputado, explic\u00f3 el abogado asistente, \u201cse fijaron cautelares de menor intensidad, a saber, su arresto domiciliario total y arraigo comunal\u201d.<\/p>\n<p style=\"text-align: justify;\">En este caso, se fij\u00f3 un plazo de investigaci\u00f3n de 60 d\u00edas y las diligencias investigativas est\u00e1n siendo desarrolladas actualmente por personal de la Brigada Investigadora de Robos de la PDI, en coordinaci\u00f3n con el Laboratorio de Criminal\u00edstica de esta ciudad.<\/p>\n<p style=\"text-align: justify;\">Finalmente, la Seremi de Seguridad P\u00fablica, Ruth Vallejos Cuiti\u00f1o, destac\u00f3 el trabajo de la Polic\u00eda de Investigaciones y la Fiscal\u00eda, ya que permiti\u00f3 que \u201cvarias l\u00edneas investigativas confluyeran en una soluci\u00f3n \u00fanica, de dos imputados que provienen de otra regi\u00f3n y realizan turismo delictual en nuestra ciudad\u201d.<\/p>\n<p style=\"text-align: justify;\">En ese sentido, la autoridad de seguridad realiz\u00f3 un llamado a la denuncia, subrayando que \u201cla cooperaci\u00f3n de todos es nuestro principal insumo. Llamamos a la denuncia, llamamos a no quedarnos tranquilos si vemos algo extra\u00f1o, si nos vemos afectados, no quedarnos sin denunciar\u201d.<\/p>\n<\/div><\/section><\/div><div  style='height:50px' class='hr hr-invisible   avia-builder-el-6  el_after_av_one_full  el_before_av_social_share '><span class='hr-inner ' ><span class='hr-inner-style'><\/span><\/span><\/div><\/p>\n<div  class='av-social-sharing-box  avia-builder-el-7  el_after_av_hr  el_before_av_hr  '><div class='av-share-box'><h5 class='av-share-link-description av-no-toc '>Compartir esta noticia<\/h5><ul class='av-share-box-list noLightbox'><li class='av-share-link av-social-link-facebook' ><a target=\"_blank\" aria-label=\"Compartir en Facebook\" href='https:\/\/www.facebook.com\/sharer.php?u=https:\/\/radiorevelacionfm.cl\/?p=59249&#038;t=Tour%20delictual%3A%20En%20tiempo%20r%C3%A9cord%20PDI%20y%20Fiscal%C3%ADa%20esclarecen%20robos%20ocurridos%20en%20Coyhaique' aria-hidden='false' data-av_icon='\ue8f3' data-av_iconfont='entypo-fontello' title='' data-avia-related-tooltip='Compartir en Facebook' rel=\"noopener\"><span class='avia_hidden_link_text'>Compartir en Facebook<\/span><\/a><\/li><li class='av-share-link av-social-link-twitter' ><a target=\"_blank\" aria-label=\"Compartir en Twitter\" href='https:\/\/twitter.com\/share?text=Tour%20delictual%3A%20En%20tiempo%20r%C3%A9cord%20PDI%20y%20Fiscal%C3%ADa%20esclarecen%20robos%20ocurridos%20en%20Coyhaique&#038;url=https:\/\/radiorevelacionfm.cl\/?p=59249' aria-hidden='false' data-av_icon='\ue8f1' data-av_iconfont='entypo-fontello' title='' data-avia-related-tooltip='Compartir en Twitter' rel=\"noopener\"><span class='avia_hidden_link_text'>Compartir en Twitter<\/span><\/a><\/li><li class='av-share-link av-social-link-whatsapp' ><a target=\"_blank\" aria-label=\"Compartir en Whatsapp\" href='https:\/\/api.whatsapp.com\/send?text=https:\/\/radiorevelacionfm.cl\/?p=59249' aria-hidden='false' data-av_icon='\uf232' data-av_iconfont='entypo-fontello' title='' data-avia-related-tooltip='Compartir en Whatsapp' rel=\"noopener\"><span class='avia_hidden_link_text'>Compartir en Whatsapp<\/span><\/a><\/li><li class='av-share-link av-social-link-linkedin' ><a target=\"_blank\" aria-label=\"Compartir en LinkedIn\" href='https:\/\/linkedin.com\/shareArticle?mini=true&#038;title=Tour%20delictual%3A%20En%20tiempo%20r%C3%A9cord%20PDI%20y%20Fiscal%C3%ADa%20esclarecen%20robos%20ocurridos%20en%20Coyhaique&#038;url=https:\/\/radiorevelacionfm.cl\/?p=59249' aria-hidden='false' data-av_icon='\ue8fc' data-av_iconfont='entypo-fontello' title='' data-avia-related-tooltip='Compartir en LinkedIn' rel=\"noopener\"><span class='avia_hidden_link_text'>Compartir en LinkedIn<\/span><\/a><\/li><li class='av-share-link av-social-link-mail' ><a  aria-label=\"Compartir por correo\" href='mailto:?subject=Tour%20delictual%3A%20En%20tiempo%20r%C3%A9cord%20PDI%20y%20Fiscal%C3%ADa%20esclarecen%20robos%20ocurridos%20en%20Coyhaique&#038;body=https:\/\/radiorevelacionfm.cl\/?p=59249' aria-hidden='false' data-av_icon='\ue805' data-av_iconfont='entypo-fontello' title='' data-avia-related-tooltip='Compartir por correo'><span class='avia_hidden_link_text'>Compartir por correo<\/span><\/a><\/li><\/ul><\/div><\/div>\n<div  style='height:50px' class='hr hr-invisible   avia-builder-el-8  el_after_av_social_share  el_before_av_comments_list '><span class='hr-inner ' ><span class='hr-inner-style'><\/span><\/span><\/div>\n<div  class='av-buildercomment  av-blog-meta-html-info-disabled av-blog-meta-tag-disabled  '><\/div>\n","protected":false},"excerpt":{"rendered":"","protected":false},"author":1,"featured_media":59250,"comment_status":"closed","ping_status":"closed","sticky":false,"template":"","format":"standard","meta":{"footnotes":""},"categories":[36],"tags":[],"class_list":["post-59249","post","type-post","status-publish","format-standard","has-post-thumbnail","hentry","category-policial"],"jetpack_featured_media_url":"https:\/\/radiorevelacionfm.cl\/wp-content\/uploads\/2025\/09\/whatsapp-image-2025-09-12-at-7_optimized.43.24-pm-1-1.jpeg","_links":{"self":[{"href":"https:\/\/radiorevelacionfm.cl\/index.php?rest_route=\/wp\/v2\/posts\/59249","targetHints":{"allow":["GET"]}}],"collection":[{"href":"https:\/\/radiorevelacionfm.cl\/index.php?rest_route=\/wp\/v2\/posts"}],"about":[{"href":"https:\/\/radiorevelacionfm.cl\/index.php?rest_route=\/wp\/v2\/types\/post"}],"author":[{"embeddable":true,"href":"https:\/\/radiorevelacionfm.cl\/index.php?rest_route=\/wp\/v2\/users\/1"}],"replies":[{"embeddable":true,"href":"https:\/\/radiorevelacionfm.cl\/index.php?rest_route=%2Fwp%2Fv2%2Fcomments&post=59249"}],"version-history":[{"count":2,"href":"https:\/\/radiorevelacionfm.cl\/index.php?rest_route=\/wp\/v2\/posts\/59249\/revisions"}],"predecessor-version":[{"id":59252,"href":"https:\/\/radiorevelacionfm.cl\/index.php?rest_route=\/wp\/v2\/posts\/59249\/revisions\/59252"}],"wp:featuredmedia":[{"embeddable":true,"href":"https:\/\/radiorevelacionfm.cl\/index.php?rest_route=\/wp\/v2\/media\/59250"}],"wp:attachment":[{"href":"https:\/\/radiorevelacionfm.cl\/index.php?rest_route=%2Fwp%2Fv2%2Fmedia&parent=59249"}],"wp:term":[{"taxonomy":"category","embeddable":true,"href":"https:\/\/radiorevelacionfm.cl\/index.php?rest_route=%2Fwp%2Fv2%2Fcategories&post=59249"},{"taxonomy":"post_tag","embeddable":true,"href":"https:\/\/radiorevelacionfm.cl\/index.php?rest_route=%2Fwp%2Fv2%2Ftags&post=59249"}],"curies":[{"name":"wp","href":"https:\/\/api.w.org\/{rel}","templated":true}]}}