{"id":59242,"date":"2025-09-15T16:37:40","date_gmt":"2025-09-15T19:37:40","guid":{"rendered":"https:\/\/radiorevelacionfm.cl\/?p=59242"},"modified":"2025-09-15T18:42:32","modified_gmt":"2025-09-15T21:42:32","slug":"decomisan-mas-de-300-kilos-de-carne-en-operativo-de-fiscalizacion-en-puerto-aysen","status":"publish","type":"post","link":"https:\/\/radiorevelacionfm.cl\/?p=59242","title":{"rendered":"Decomisan mas de 300 kilos de carne en operativo de fiscalizaci\u00f3n en Puerto Ays\u00e9n"},"content":{"rendered":"<div class=\"flex_column av_one_full  flex_column_div av-zero-column-padding first  avia-builder-el-0  el_before_av_one_full  avia-builder-el-first  \" style='border-radius:0px; '><div  class='avia-image-container  av-styling-    avia-builder-el-1  avia-builder-el-no-sibling  avia-align-center '  itemprop=\"image\" itemscope=\"itemscope\" itemtype=\"https:\/\/schema.org\/ImageObject\"  ><div class='avia-image-container-inner'><div class='avia-image-overlay-wrap'><img decoding=\"async\" class='wp-image-59247 avia-img-lazy-loading-not-59247 avia_image' src=\"https:\/\/radiorevelacionfm.cl\/wp-content\/uploads\/2025\/09\/whatsapp-image-2025-09-15-at-12_optimized_optimized.36.26-2-1-1-1.jpeg\" alt='' title='whatsapp-image-2025-09-15-at-12_optimized_optimized.36.26-(2)-(1)-(1) (1)' height=\"650\" width=\"803\"  itemprop=\"thumbnailUrl\" srcset=\"https:\/\/radiorevelacionfm.cl\/wp-content\/uploads\/2025\/09\/whatsapp-image-2025-09-15-at-12_optimized_optimized.36.26-2-1-1-1.jpeg 803w, https:\/\/radiorevelacionfm.cl\/wp-content\/uploads\/2025\/09\/whatsapp-image-2025-09-15-at-12_optimized_optimized.36.26-2-1-1-1-300x243.jpeg 300w, https:\/\/radiorevelacionfm.cl\/wp-content\/uploads\/2025\/09\/whatsapp-image-2025-09-15-at-12_optimized_optimized.36.26-2-1-1-1-768x622.jpeg 768w, https:\/\/radiorevelacionfm.cl\/wp-content\/uploads\/2025\/09\/whatsapp-image-2025-09-15-at-12_optimized_optimized.36.26-2-1-1-1-495x400.jpeg 495w, https:\/\/radiorevelacionfm.cl\/wp-content\/uploads\/2025\/09\/whatsapp-image-2025-09-15-at-12_optimized_optimized.36.26-2-1-1-1-705x571.jpeg 705w, https:\/\/radiorevelacionfm.cl\/wp-content\/uploads\/2025\/09\/whatsapp-image-2025-09-15-at-12_optimized_optimized.36.26-2-1-1-1-450x364.jpeg 450w, https:\/\/radiorevelacionfm.cl\/wp-content\/uploads\/2025\/09\/whatsapp-image-2025-09-15-at-12_optimized_optimized.36.26-2-1-1-1-600x486.jpeg 600w\" sizes=\"(max-width: 803px) 100vw, 803px\" \/><\/div><\/div><\/div><\/div><div class=\"flex_column av_one_full  flex_column_div av-zero-column-padding first  avia-builder-el-2  el_after_av_one_full  el_before_av_one_full  column-top-margin\" style='border-radius:0px; '><section class=\"av_textblock_section \"  itemscope=\"itemscope\" itemtype=\"https:\/\/schema.org\/BlogPosting\" itemprop=\"blogPost\" ><div class='avia_textblock  '   itemprop=\"text\" ><p style=\"text-align: center;\"><strong><span style=\"font-size: 18pt;\">Decomisan mas de 300 kilos de carne en operativo de fiscalizaci\u00f3n en Puerto Ays\u00e9n<\/span><\/strong><\/p>\n<div id=\"gtx-trans\" style=\"position: absolute; left: -50px; top: 4.31534px;\">\n<div class=\"gtx-trans-icon\"><\/div>\n<\/div>\n<\/div><\/section><\/div><\/p>\n<div class=\"flex_column av_one_full  flex_column_div av-zero-column-padding first  avia-builder-el-4  el_after_av_one_full  el_before_av_hr  column-top-margin\" style='border-radius:0px; '><section class=\"av_textblock_section \"  itemscope=\"itemscope\" itemtype=\"https:\/\/schema.org\/BlogPosting\" itemprop=\"blogPost\" ><div class='avia_textblock  '   itemprop=\"text\" ><p style=\"text-align: justify;\">En el marco del programa \u201c18 Seguro\u201d y con el objetivo de reforzar la seguridad y la salud de la ciudadan\u00eda durante las Fiestas Patrias, la Delegaci\u00f3n Presidencial Provincial de Ays\u00e9n coordin\u00f3 un operativo de fiscalizaci\u00f3n en la comuna de Puerto Ays\u00e9n que permiti\u00f3 el decomiso de 308 kilos de carne en mal estado e inici\u00f3 un sumario sanitario.<\/p>\n<p style=\"text-align: justify;\">La acci\u00f3n cont\u00f3 con la participaci\u00f3n de equipos de la Autoridad Sanitaria, el Servicio Agr\u00edcola y Ganadero (SAG) y Carabineros de Chile, quienes trabajaron de manera conjunta en la revisi\u00f3n de locales de expendio y transporte de productos c\u00e1rnicos, asegurando que los alimentos que llegan a las familias cumplan con las normativas sanitarias vigentes.<\/p>\n<p style=\"text-align: justify;\">El Delegado Presidencial Provincial de Ays\u00e9n, Rodrigo Moreno Rivera, destac\u00f3 la importancia de este operativo se\u00f1alando: \u201cNuestro compromiso es claro; proteger la salud de las familias y garantizar que en estas Fiestas Patrias los productos que lleguen a la mesa de la comunidad cumplan con todos los est\u00e1ndares de inocuidad. El 18 se celebra con alegr\u00eda, pero tambi\u00e9n con responsabilidad, y por eso reforzamos la fiscalizaci\u00f3n en distintos puntos de la provincia.\u201d<\/p>\n<p style=\"text-align: justify;\">El sumario sanitario iniciado corresponde a un procedimiento administrativo de la Autoridad de Salud para investigar y sancionar eventuales infracciones a la normativa vigente, garantizando as\u00ed la trazabilidad de los productos y la aplicaci\u00f3n de las medidas correspondientes.<\/p>\n<p style=\"text-align: justify;\">Guillermo S\u00e1nchez Vergara, jefe provincial del Sag indic\u00f3: \u201cA solicitud de la Delegaci\u00f3n Presidencial Provincial de Ays\u00e9n se realiz\u00f3 fiscalizaci\u00f3n conjunta entre el Servicio de salud, Carabineros y Sag en la que se visitaron, carnicer\u00edas ubicadas en Puerto Ays\u00e9n. Consideramos que realizar fiscalizaciones conjuntas, habla bien de la coordinaci\u00f3n de los distintos servicios y entrega mayor tranquilidad a la poblaci\u00f3n al momento de acercarse a comprar productos c\u00e1rnicos, por nuestra parte, el balance de la actividad es positivo, dado que se cumple el objetivo de velar por el cumplimiento de la normativa\u201d<\/p>\n<p style=\"text-align: justify;\">Este operativo es parte de una agenda de fiscalizaciones que se intensificar\u00e1n en el mes de septiembre en todo el pa\u00eds, con el fin de prevenir riesgos para la salud p\u00fablica y reforzar la seguridad de las familias en las celebraciones de Fiestas Patrias.<\/p>\n<p style=\"text-align: justify;\">Con esta acci\u00f3n, el Gobierno reafirma su compromiso con la seguridad alimentaria y el resguardo de la salud de la poblaci\u00f3n.<\/p>\n<\/div><\/section><\/div>\n<div  style='height:50px' class='hr hr-invisible   avia-builder-el-6  el_after_av_one_full  el_before_av_social_share '><span class='hr-inner ' ><span class='hr-inner-style'><\/span><\/span><\/div>\n<div  class='av-social-sharing-box  avia-builder-el-7  el_after_av_hr  el_before_av_hr  '><div class='av-share-box'><h5 class='av-share-link-description av-no-toc '>Compartir esta noticia<\/h5><ul class='av-share-box-list noLightbox'><li class='av-share-link av-social-link-facebook' ><a target=\"_blank\" aria-label=\"Compartir en Facebook\" href='https:\/\/www.facebook.com\/sharer.php?u=https:\/\/radiorevelacionfm.cl\/?p=59242&#038;t=Decomisan%20mas%20de%20300%20kilos%20de%20carne%20en%20operativo%20de%20fiscalizaci%C3%B3n%20en%20Puerto%20Ays%C3%A9n' aria-hidden='false' data-av_icon='\ue8f3' data-av_iconfont='entypo-fontello' title='' data-avia-related-tooltip='Compartir en Facebook' rel=\"noopener\"><span class='avia_hidden_link_text'>Compartir en Facebook<\/span><\/a><\/li><li class='av-share-link av-social-link-twitter' ><a target=\"_blank\" aria-label=\"Compartir en Twitter\" href='https:\/\/twitter.com\/share?text=Decomisan%20mas%20de%20300%20kilos%20de%20carne%20en%20operativo%20de%20fiscalizaci%C3%B3n%20en%20Puerto%20Ays%C3%A9n&#038;url=https:\/\/radiorevelacionfm.cl\/?p=59242' aria-hidden='false' data-av_icon='\ue8f1' data-av_iconfont='entypo-fontello' title='' data-avia-related-tooltip='Compartir en Twitter' rel=\"noopener\"><span class='avia_hidden_link_text'>Compartir en Twitter<\/span><\/a><\/li><li class='av-share-link av-social-link-whatsapp' ><a target=\"_blank\" aria-label=\"Compartir en Whatsapp\" href='https:\/\/api.whatsapp.com\/send?text=https:\/\/radiorevelacionfm.cl\/?p=59242' aria-hidden='false' data-av_icon='\uf232' data-av_iconfont='entypo-fontello' title='' data-avia-related-tooltip='Compartir en Whatsapp' rel=\"noopener\"><span class='avia_hidden_link_text'>Compartir en Whatsapp<\/span><\/a><\/li><li class='av-share-link av-social-link-linkedin' ><a target=\"_blank\" aria-label=\"Compartir en LinkedIn\" href='https:\/\/linkedin.com\/shareArticle?mini=true&#038;title=Decomisan%20mas%20de%20300%20kilos%20de%20carne%20en%20operativo%20de%20fiscalizaci%C3%B3n%20en%20Puerto%20Ays%C3%A9n&#038;url=https:\/\/radiorevelacionfm.cl\/?p=59242' aria-hidden='false' data-av_icon='\ue8fc' data-av_iconfont='entypo-fontello' title='' data-avia-related-tooltip='Compartir en LinkedIn' rel=\"noopener\"><span class='avia_hidden_link_text'>Compartir en LinkedIn<\/span><\/a><\/li><li class='av-share-link av-social-link-mail' ><a  aria-label=\"Compartir por correo\" href='mailto:?subject=Decomisan%20mas%20de%20300%20kilos%20de%20carne%20en%20operativo%20de%20fiscalizaci%C3%B3n%20en%20Puerto%20Ays%C3%A9n&#038;body=https:\/\/radiorevelacionfm.cl\/?p=59242' aria-hidden='false' data-av_icon='\ue805' data-av_iconfont='entypo-fontello' title='' data-avia-related-tooltip='Compartir por correo'><span class='avia_hidden_link_text'>Compartir por correo<\/span><\/a><\/li><\/ul><\/div><\/div>\n<div  style='height:50px' class='hr hr-invisible   avia-builder-el-8  el_after_av_social_share  el_before_av_comments_list '><span class='hr-inner ' ><span class='hr-inner-style'><\/span><\/span><\/div>\n<div  class='av-buildercomment  av-blog-meta-html-info-disabled av-blog-meta-tag-disabled  '><\/div>\n","protected":false},"excerpt":{"rendered":"","protected":false},"author":1,"featured_media":59247,"comment_status":"closed","ping_status":"closed","sticky":false,"template":"","format":"standard","meta":{"footnotes":""},"categories":[38],"tags":[],"class_list":["post-59242","post","type-post","status-publish","format-standard","has-post-thumbnail","hentry","category-regional"],"jetpack_featured_media_url":"https:\/\/radiorevelacionfm.cl\/wp-content\/uploads\/2025\/09\/whatsapp-image-2025-09-15-at-12_optimized_optimized.36.26-2-1-1-1.jpeg","_links":{"self":[{"href":"https:\/\/radiorevelacionfm.cl\/index.php?rest_route=\/wp\/v2\/posts\/59242","targetHints":{"allow":["GET"]}}],"collection":[{"href":"https:\/\/radiorevelacionfm.cl\/index.php?rest_route=\/wp\/v2\/posts"}],"about":[{"href":"https:\/\/radiorevelacionfm.cl\/index.php?rest_route=\/wp\/v2\/types\/post"}],"author":[{"embeddable":true,"href":"https:\/\/radiorevelacionfm.cl\/index.php?rest_route=\/wp\/v2\/users\/1"}],"replies":[{"embeddable":true,"href":"https:\/\/radiorevelacionfm.cl\/index.php?rest_route=%2Fwp%2Fv2%2Fcomments&post=59242"}],"version-history":[{"count":3,"href":"https:\/\/radiorevelacionfm.cl\/index.php?rest_route=\/wp\/v2\/posts\/59242\/revisions"}],"predecessor-version":[{"id":59246,"href":"https:\/\/radiorevelacionfm.cl\/index.php?rest_route=\/wp\/v2\/posts\/59242\/revisions\/59246"}],"wp:featuredmedia":[{"embeddable":true,"href":"https:\/\/radiorevelacionfm.cl\/index.php?rest_route=\/wp\/v2\/media\/59247"}],"wp:attachment":[{"href":"https:\/\/radiorevelacionfm.cl\/index.php?rest_route=%2Fwp%2Fv2%2Fmedia&parent=59242"}],"wp:term":[{"taxonomy":"category","embeddable":true,"href":"https:\/\/radiorevelacionfm.cl\/index.php?rest_route=%2Fwp%2Fv2%2Fcategories&post=59242"},{"taxonomy":"post_tag","embeddable":true,"href":"https:\/\/radiorevelacionfm.cl\/index.php?rest_route=%2Fwp%2Fv2%2Ftags&post=59242"}],"curies":[{"name":"wp","href":"https:\/\/api.w.org\/{rel}","templated":true}]}}