{"id":59238,"date":"2025-09-15T16:21:43","date_gmt":"2025-09-15T19:21:43","guid":{"rendered":"https:\/\/radiorevelacionfm.cl\/?p=59238"},"modified":"2025-09-15T16:21:43","modified_gmt":"2025-09-15T19:21:43","slug":"corfo-aysen-respalda-a-jauken-en-hito-nacional-la-primera-paleta-de-ecomaquillaje-vegano-y-multiuso-registrada-en-el-isp","status":"publish","type":"post","link":"https:\/\/radiorevelacionfm.cl\/?p=59238","title":{"rendered":"Corfo Ays\u00e9n respalda a Jauken en hito nacional: la primera paleta de ecomaquillaje vegano y multiuso registrada en el ISP"},"content":{"rendered":"<div class=\"flex_column av_one_full  flex_column_div av-zero-column-padding first  avia-builder-el-0  el_before_av_one_full  avia-builder-el-first  \" style='border-radius:0px; '><div  class='avia-image-container  av-styling-    avia-builder-el-1  avia-builder-el-no-sibling  avia-align-center '  itemprop=\"image\" itemscope=\"itemscope\" itemtype=\"https:\/\/schema.org\/ImageObject\"  ><div class='avia-image-container-inner'><div class='avia-image-overlay-wrap'><img decoding=\"async\" class='wp-image-59239 avia-img-lazy-loading-not-59239 avia_image' src=\"https:\/\/radiorevelacionfm.cl\/wp-content\/uploads\/2025\/09\/05_jauken-1_optimized-1.jpg\" alt='' title='05_jauken-(1)_optimized (1)' height=\"650\" width=\"804\"  itemprop=\"thumbnailUrl\" srcset=\"https:\/\/radiorevelacionfm.cl\/wp-content\/uploads\/2025\/09\/05_jauken-1_optimized-1.jpg 804w, https:\/\/radiorevelacionfm.cl\/wp-content\/uploads\/2025\/09\/05_jauken-1_optimized-1-300x243.jpg 300w, https:\/\/radiorevelacionfm.cl\/wp-content\/uploads\/2025\/09\/05_jauken-1_optimized-1-768x621.jpg 768w, https:\/\/radiorevelacionfm.cl\/wp-content\/uploads\/2025\/09\/05_jauken-1_optimized-1-495x400.jpg 495w, https:\/\/radiorevelacionfm.cl\/wp-content\/uploads\/2025\/09\/05_jauken-1_optimized-1-705x570.jpg 705w, https:\/\/radiorevelacionfm.cl\/wp-content\/uploads\/2025\/09\/05_jauken-1_optimized-1-450x364.jpg 450w, https:\/\/radiorevelacionfm.cl\/wp-content\/uploads\/2025\/09\/05_jauken-1_optimized-1-600x485.jpg 600w\" sizes=\"(max-width: 804px) 100vw, 804px\" \/><\/div><\/div><\/div><\/div><div class=\"flex_column av_one_full  flex_column_div av-zero-column-padding first  avia-builder-el-2  el_after_av_one_full  el_before_av_one_full  column-top-margin\" style='border-radius:0px; '><section class=\"av_textblock_section \"  itemscope=\"itemscope\" itemtype=\"https:\/\/schema.org\/BlogPosting\" itemprop=\"blogPost\" ><div class='avia_textblock  '   itemprop=\"text\" ><p style=\"text-align: center;\"><span style=\"font-size: 18pt;\"><b><span lang=\"es-419\">Corfo Ays\u00e9n respalda a Jauken en hito nacional: la primera paleta de ecomaquillaje vegano y multiuso registrada en el ISP<\/span><\/b><\/span><\/p>\n<div id=\"gtx-trans\" style=\"position: absolute; left: -50px; top: 4.31534px;\">\n<div class=\"gtx-trans-icon\"><\/div>\n<\/div>\n<\/div><\/section><\/div><div class=\"flex_column av_one_full  flex_column_div av-zero-column-padding first  avia-builder-el-4  el_after_av_one_full  el_before_av_hr  column-top-margin\" style='border-radius:0px; '><section class=\"av_textblock_section \"  itemscope=\"itemscope\" itemtype=\"https:\/\/schema.org\/BlogPosting\" itemprop=\"blogPost\" ><div class='avia_textblock  '   itemprop=\"text\" ><p style=\"text-align: justify;\"><em>Inspirada en la naturaleza patag\u00f3nica, la marca aysenina incorpora dise\u00f1o compostable, pigmentos vegetales y procesos de calidad para unir identidad territorial, innovaci\u00f3n y cuidado ambiental en la cosm\u00e9tica.<\/em><\/p>\n<p style=\"text-align: justify;\">Fitocosm\u00e9tica Jauken, emprendimiento liderado por Natalia Jofr\u00e9 en la Regi\u00f3n de Ays\u00e9n, presenta <a href=\"https:\/\/www.instagram.com\/p\/DMshCliubXp\/?img_index=1\" data-saferedirecturl=\"https:\/\/www.google.com\/url?q=https:\/\/www.instagram.com\/p\/DMshCliubXp\/?img_index%3D1&amp;source=gmail&amp;ust=1758047034302000&amp;usg=AOvVaw2tBdzN9EbwqZqade7UKujN\">Bot\u00e1nica Intensa<\/a>, una paleta de ecomaquillaje natural, vegano y multiuso con envase de lenga reciclada totalmente compostable. Este lanzamiento no solo ampl\u00eda su l\u00ednea de productos: marca un hito para la cosm\u00e9tica independiente en Chile, al tratarse de un desarrollo inscrito en el Instituto de Salud P\u00fablica (ISP), formulado por una ingeniera qu\u00edmica y fabricado en laboratorio cosm\u00e9tico.<\/p>\n<p style=\"text-align: justify;\">El proyecto ha sido posible gracias al apoyo del programa Semilla Expande para Empresas lideradas por mujeres de Corfo Ays\u00e9n, que ha permitido a la marca escalar su producci\u00f3n, profesionalizar procesos y fortalecer su estrategia comercial.<\/p>\n<p style=\"text-align: justify;\">\u201cNuestra paleta ha sido un trabajo de mucho tiempo, amor y dedicaci\u00f3n por la cosm\u00e9tica vegana y por el medio ambiente. Todo este sue\u00f1o ha sido posible gracias al apoyo de Corfo Ays\u00e9n, que sin ellos no podr\u00edamos haberlo logrado\u201d, afirm\u00f3 Natalia Jofr\u00e9, fundadora de Jauken.<\/p>\n<p style=\"text-align: justify;\"><strong>OR\u00cdGENES CON RA\u00cdZ EN LA PATAGONIA<\/strong><\/p>\n<p style=\"text-align: justify;\">Desde su origen en Coyhaique,\u00a0<a href=\"https:\/\/jaukencosmetica.cl\/\" data-saferedirecturl=\"https:\/\/www.google.com\/url?q=https:\/\/jaukencosmetica.cl\/&amp;source=gmail&amp;ust=1758047034302000&amp;usg=AOvVaw0m7RHe5pZnFWL0WzV1jsal\">Jauken Cosm\u00e9tica Natural<\/a>\u00a0nace de la pasi\u00f3n de sus fundadores Natalia y Rolando, por la vida en la tierra, la sostenibilidad y el respeto por el cuerpo humano. Inspirada en sus estudios en Salud y Terapias Naturales, Natalia comenz\u00f3 elaborando productos para uso personal \u2014como pasta de dientes, desodorantes y champ\u00fas\u2014 dise\u00f1ados para minimizar el impacto ambiental y cuidar la piel.<\/p>\n<p style=\"text-align: justify;\">Al regresar a la Patagonia, desarrollaron un huerto propio con plantas regionales de propiedades medicinales, instalaron un taller local y perfeccionaron sus procesos productivos, siempre desde una perspectiva natural, efectiva y profesional.<\/p>\n<p style=\"text-align: justify;\"><strong>BOT\u00c1NICA INTENSA<\/strong><\/p>\n<p style=\"text-align: justify;\">La paleta incluye cuatro tonos dise\u00f1ados para adaptarse a todo tipo de pieles: un blanco perlado, iluminador con bioglitter vegetal de acabado suave y et\u00e9reo; un rojo terracota, ideal como rubor, labial o sombra vibrante; un caf\u00e9 fr\u00edo, perfecto para contorno, delineador o aportar profundidad a la mirada; y un beige rosado, que funciona como sombra de transici\u00f3n, base suave o toque c\u00e1lido en las mejillas.<\/p>\n<p style=\"text-align: justify;\">Es apta para todo tipo de pieles, incluso para ni\u00f1as y ni\u00f1os, y est\u00e1 libre de parabenos, sulfatos y colorantes sint\u00e9ticos. Dise\u00f1ada para rutinas de maquillaje simples e intuitivas, combina cuidado personal y compromiso ambiental: cuando se termina, su envase puede compostarse o reutilizarse.<\/p>\n<p style=\"text-align: justify;\"><strong>INNOVACI\u00d3N CON IMPACTO TERRITORIAL<\/strong><\/p>\n<p style=\"text-align: justify;\">Ubicada en el sector Lago Atravesado de Coyhaique, Jauken se ha posicionado como pionera en eco-maquillaje hecho en Chile, integrando la econom\u00eda circular en su propuesta y reduciendo la huella de carbono gracias a la producci\u00f3n local con materias primas naturales.<\/p>\n<p style=\"text-align: justify;\">Para Corfo Ays\u00e9n, este caso demuestra el talento innovador de las regiones extremas. \u201cCreemos que el desarrollo de productos \u00e9ticos y sostenibles desde Ays\u00e9n es una poderosa se\u00f1al del talento y la visi\u00f3n que existe en los territorios. Nuestro compromiso es acompa\u00f1ar a estos emprendimientos para que se conviertan en referentes regionales y nacionales\u201d, destac\u00f3 Humberto Mar\u00edn, director de Corfo Ays\u00e9n.<\/p>\n<p style=\"text-align: justify;\">La iniciativa se alinea con los Objetivos de Desarrollo Sostenible, especialmente en producci\u00f3n y consumo responsable, acci\u00f3n por el clima y conservaci\u00f3n de la biodiversidad. Con este trabajo y su registro oficial de marca obtenido en 2024, Jauken consolida su compromiso de crear productos que cuidan la piel, expresan identidad y respetan el planeta.<\/p>\n<\/div><\/section><\/div><div  style='height:50px' class='hr hr-invisible   avia-builder-el-6  el_after_av_one_full  el_before_av_social_share '><span class='hr-inner ' ><span class='hr-inner-style'><\/span><\/span><\/div><\/p>\n<div  class='av-social-sharing-box  avia-builder-el-7  el_after_av_hr  el_before_av_hr  '><div class='av-share-box'><h5 class='av-share-link-description av-no-toc '>Compartir esta noticia<\/h5><ul class='av-share-box-list noLightbox'><li class='av-share-link av-social-link-facebook' ><a target=\"_blank\" aria-label=\"Compartir en Facebook\" href='https:\/\/www.facebook.com\/sharer.php?u=https:\/\/radiorevelacionfm.cl\/?p=59238&#038;t=Corfo%20Ays%C3%A9n%20respalda%20a%20Jauken%20en%20hito%20nacional%3A%20la%20primera%20paleta%20de%20ecomaquillaje%20vegano%20y%20multiuso%20registrada%20en%20el%20ISP' aria-hidden='false' data-av_icon='\ue8f3' data-av_iconfont='entypo-fontello' title='' data-avia-related-tooltip='Compartir en Facebook' rel=\"noopener\"><span class='avia_hidden_link_text'>Compartir en Facebook<\/span><\/a><\/li><li class='av-share-link av-social-link-twitter' ><a target=\"_blank\" aria-label=\"Compartir en Twitter\" href='https:\/\/twitter.com\/share?text=Corfo%20Ays%C3%A9n%20respalda%20a%20Jauken%20en%20hito%20nacional%3A%20la%20primera%20paleta%20de%20ecomaquillaje%20vegano%20y%20multiuso%20registrada%20en%20el%20ISP&#038;url=https:\/\/radiorevelacionfm.cl\/?p=59238' aria-hidden='false' data-av_icon='\ue8f1' data-av_iconfont='entypo-fontello' title='' data-avia-related-tooltip='Compartir en Twitter' rel=\"noopener\"><span class='avia_hidden_link_text'>Compartir en Twitter<\/span><\/a><\/li><li class='av-share-link av-social-link-whatsapp' ><a target=\"_blank\" aria-label=\"Compartir en Whatsapp\" href='https:\/\/api.whatsapp.com\/send?text=https:\/\/radiorevelacionfm.cl\/?p=59238' aria-hidden='false' data-av_icon='\uf232' data-av_iconfont='entypo-fontello' title='' data-avia-related-tooltip='Compartir en Whatsapp' rel=\"noopener\"><span class='avia_hidden_link_text'>Compartir en Whatsapp<\/span><\/a><\/li><li class='av-share-link av-social-link-linkedin' ><a target=\"_blank\" aria-label=\"Compartir en LinkedIn\" href='https:\/\/linkedin.com\/shareArticle?mini=true&#038;title=Corfo%20Ays%C3%A9n%20respalda%20a%20Jauken%20en%20hito%20nacional%3A%20la%20primera%20paleta%20de%20ecomaquillaje%20vegano%20y%20multiuso%20registrada%20en%20el%20ISP&#038;url=https:\/\/radiorevelacionfm.cl\/?p=59238' aria-hidden='false' data-av_icon='\ue8fc' data-av_iconfont='entypo-fontello' title='' data-avia-related-tooltip='Compartir en LinkedIn' rel=\"noopener\"><span class='avia_hidden_link_text'>Compartir en LinkedIn<\/span><\/a><\/li><li class='av-share-link av-social-link-mail' ><a  aria-label=\"Compartir por correo\" href='mailto:?subject=Corfo%20Ays%C3%A9n%20respalda%20a%20Jauken%20en%20hito%20nacional%3A%20la%20primera%20paleta%20de%20ecomaquillaje%20vegano%20y%20multiuso%20registrada%20en%20el%20ISP&#038;body=https:\/\/radiorevelacionfm.cl\/?p=59238' aria-hidden='false' data-av_icon='\ue805' data-av_iconfont='entypo-fontello' title='' data-avia-related-tooltip='Compartir por correo'><span class='avia_hidden_link_text'>Compartir por correo<\/span><\/a><\/li><\/ul><\/div><\/div>\n<div  style='height:50px' class='hr hr-invisible   avia-builder-el-8  el_after_av_social_share  el_before_av_comments_list '><span class='hr-inner ' ><span class='hr-inner-style'><\/span><\/span><\/div>\n<div  class='av-buildercomment  av-blog-meta-html-info-disabled av-blog-meta-tag-disabled  '><\/div>\n","protected":false},"excerpt":{"rendered":"","protected":false},"author":1,"featured_media":59239,"comment_status":"closed","ping_status":"closed","sticky":false,"template":"","format":"standard","meta":{"footnotes":""},"categories":[38],"tags":[],"class_list":["post-59238","post","type-post","status-publish","format-standard","has-post-thumbnail","hentry","category-regional"],"jetpack_featured_media_url":"https:\/\/radiorevelacionfm.cl\/wp-content\/uploads\/2025\/09\/05_jauken-1_optimized-1.jpg","_links":{"self":[{"href":"https:\/\/radiorevelacionfm.cl\/index.php?rest_route=\/wp\/v2\/posts\/59238","targetHints":{"allow":["GET"]}}],"collection":[{"href":"https:\/\/radiorevelacionfm.cl\/index.php?rest_route=\/wp\/v2\/posts"}],"about":[{"href":"https:\/\/radiorevelacionfm.cl\/index.php?rest_route=\/wp\/v2\/types\/post"}],"author":[{"embeddable":true,"href":"https:\/\/radiorevelacionfm.cl\/index.php?rest_route=\/wp\/v2\/users\/1"}],"replies":[{"embeddable":true,"href":"https:\/\/radiorevelacionfm.cl\/index.php?rest_route=%2Fwp%2Fv2%2Fcomments&post=59238"}],"version-history":[{"count":2,"href":"https:\/\/radiorevelacionfm.cl\/index.php?rest_route=\/wp\/v2\/posts\/59238\/revisions"}],"predecessor-version":[{"id":59241,"href":"https:\/\/radiorevelacionfm.cl\/index.php?rest_route=\/wp\/v2\/posts\/59238\/revisions\/59241"}],"wp:featuredmedia":[{"embeddable":true,"href":"https:\/\/radiorevelacionfm.cl\/index.php?rest_route=\/wp\/v2\/media\/59239"}],"wp:attachment":[{"href":"https:\/\/radiorevelacionfm.cl\/index.php?rest_route=%2Fwp%2Fv2%2Fmedia&parent=59238"}],"wp:term":[{"taxonomy":"category","embeddable":true,"href":"https:\/\/radiorevelacionfm.cl\/index.php?rest_route=%2Fwp%2Fv2%2Fcategories&post=59238"},{"taxonomy":"post_tag","embeddable":true,"href":"https:\/\/radiorevelacionfm.cl\/index.php?rest_route=%2Fwp%2Fv2%2Ftags&post=59238"}],"curies":[{"name":"wp","href":"https:\/\/api.w.org\/{rel}","templated":true}]}}