{"id":59234,"date":"2025-09-15T15:34:37","date_gmt":"2025-09-15T18:34:37","guid":{"rendered":"https:\/\/radiorevelacionfm.cl\/?p=59234"},"modified":"2025-09-15T15:34:37","modified_gmt":"2025-09-15T18:34:37","slug":"corte-de-coyhaique-acoge-recurso-de-proteccion-presentado-por-el-servicio-de-salud-de-aysen-y-ordena-vacunar-a-nino-de-3-anos","status":"publish","type":"post","link":"https:\/\/radiorevelacionfm.cl\/?p=59234","title":{"rendered":"Corte de Coyhaique acoge recurso de protecci\u00f3n presentado por el Servicio de Salud de Ays\u00e9n y ordena vacunar a ni\u00f1o de 3 a\u00f1os"},"content":{"rendered":"<div class=\"flex_column av_one_full  flex_column_div av-zero-column-padding first  avia-builder-el-0  el_before_av_one_full  avia-builder-el-first  \" style='border-radius:0px; '><div  class='avia-image-container  av-styling-    avia-builder-el-1  avia-builder-el-no-sibling  avia-align-center '  itemprop=\"image\" itemscope=\"itemscope\" itemtype=\"https:\/\/schema.org\/ImageObject\"  ><div class='avia-image-container-inner'><div class='avia-image-overlay-wrap'><img decoding=\"async\" class='wp-image-59235 avia-img-lazy-loading-not-59235 avia_image' src=\"https:\/\/radiorevelacionfm.cl\/wp-content\/uploads\/2025\/09\/Vacunas1-1-1.jpg\" alt='' title='Vacunas1 (1) (1)' height=\"640\" width=\"803\"  itemprop=\"thumbnailUrl\" srcset=\"https:\/\/radiorevelacionfm.cl\/wp-content\/uploads\/2025\/09\/Vacunas1-1-1.jpg 803w, https:\/\/radiorevelacionfm.cl\/wp-content\/uploads\/2025\/09\/Vacunas1-1-1-300x239.jpg 300w, https:\/\/radiorevelacionfm.cl\/wp-content\/uploads\/2025\/09\/Vacunas1-1-1-768x612.jpg 768w, https:\/\/radiorevelacionfm.cl\/wp-content\/uploads\/2025\/09\/Vacunas1-1-1-705x562.jpg 705w, https:\/\/radiorevelacionfm.cl\/wp-content\/uploads\/2025\/09\/Vacunas1-1-1-450x359.jpg 450w, https:\/\/radiorevelacionfm.cl\/wp-content\/uploads\/2025\/09\/Vacunas1-1-1-600x478.jpg 600w\" sizes=\"(max-width: 803px) 100vw, 803px\" \/><\/div><\/div><\/div><\/div><div class=\"flex_column av_one_full  flex_column_div av-zero-column-padding first  avia-builder-el-2  el_after_av_one_full  el_before_av_one_full  column-top-margin\" style='border-radius:0px; '><section class=\"av_textblock_section \"  itemscope=\"itemscope\" itemtype=\"https:\/\/schema.org\/BlogPosting\" itemprop=\"blogPost\" ><div class='avia_textblock  '   itemprop=\"text\" ><p style=\"text-align: center;\"><span style=\"font-size: 18pt;\"><b>Corte de Coyhaique acoge recurso de protecci\u00f3n presentado por el Servicio de Salud de Ays\u00e9n y ordena vacunar a ni\u00f1o de 3 a\u00f1os<\/b><\/span><\/p>\n<div id=\"gtx-trans\" style=\"position: absolute; left: -50px; top: 4.31534px;\">\n<div class=\"gtx-trans-icon\"><\/div>\n<\/div>\n<\/div><\/section><\/div><div class=\"flex_column av_one_full  flex_column_div av-zero-column-padding first  avia-builder-el-4  el_after_av_one_full  el_before_av_hr  column-top-margin\" style='border-radius:0px; '><section class=\"av_textblock_section \"  itemscope=\"itemscope\" itemtype=\"https:\/\/schema.org\/BlogPosting\" itemprop=\"blogPost\" ><div class='avia_textblock  '   itemprop=\"text\" ><p style=\"font-weight: 400; text-align: justify;\">La Corte de Apelaciones de Coyhaique acogi\u00f3 el recurso de protecci\u00f3n presentado por el Servicio de Salud Ays\u00e9n y orden\u00f3 la aplicaci\u00f3n inmediata de todas las vacunas obligatorias del Programa Nacional de Inmunizaciones a un ni\u00f1o de 3 a\u00f1os y 8 meses de edad, ante la negativa de sus padres de autorizar las inoculaciones.<\/p>\n<p style=\"font-weight: 400; text-align: justify;\">En fallo un\u00e1nime, la Primera Sala del tribunal de alzada \u2013integrada por los ministros \u00a0Pedro Alejandro Castro Espinoza, Jos\u00e9 Ignacio Mora Trujillo y Natalia Rencoret Oliva\u2013 estableci\u00f3 que la omisi\u00f3n de los progenitores constituye un acto ilegal y arbitrario que vulnera el derecho a la vida e integridad f\u00edsica del menor, as\u00ed como el derecho a la salud consagrado en la Constituci\u00f3n.<\/p>\n<p style=\"font-weight: 400; text-align: justify;\">\u201c(\u2026) de este modo, la obligatoriedad de la vacunaci\u00f3n omitida respecto del ni\u00f1o se encuentra consagrada en el Decreto Exento N\u00b050 del Ministerio de Salud, promulgado el 16 de septiembre de 2021, norma que en su art\u00edculo 1\u00b0 dispone la vacunaci\u00f3n obligatoria de la poblaci\u00f3n contra las enfermedades inmunoprevenibles, dentro de las que se menciona la tuberculosis y la hepatitis B, siendo su objetivo toda la poblaci\u00f3n infantil\u201d, se\u00f1ala el fallo.<\/p>\n<p style=\"font-weight: 400; text-align: justify;\">El tribunal precis\u00f3 que el menor tiene pendientes dosis de vacunas como hexavalente, neumoc\u00f3cica conjugada, sarampi\u00f3n, meningoc\u00f3cica conjugada, hepatitis A pedi\u00e1trica, varicela e influenza, todas de car\u00e1cter obligatorio seg\u00fan el calendario nacional.<\/p>\n<p style=\"font-weight: 400; text-align: justify;\">Resoluci\u00f3n que a\u00f1ade que: \u201c(\u2026) conforme lo expuesto, se encuentra acreditada la existencia de una acci\u00f3n ilegal y arbitraria atribuible a los recurridos, al negarse a que su hijo sea vacunado conforme el Plan Nacional de Inmunizaci\u00f3n, afectando el derecho a la vida e integridad del ni\u00f1o, por lo que habr\u00e1 de acogerse la presente acci\u00f3n constitucional\u201d.<\/p>\n<p style=\"font-weight: 400; text-align: justify;\">Por tanto, se resuelve que: \u201cse acoge, el recurso de protecci\u00f3n deducido en lo principal de la presentaci\u00f3n de fecha 21 de junio de 2025, por Alicia Cruz Cottenie y Sergio Elgueta Retamal, abogados, en representaci\u00f3n del Servicio de Salud Ays\u00e9n, en favor del menor, y, en consecuencia, se ordena que de forma inmediata se le apliquen todas las vacunas que, atendida su edad, tengan el car\u00e1cter de obligatorias, bajo\u00a0 apercibimiento de proceder con el auxilio de la fuerza p\u00fablica, en caso de ser estrictamente necesario\u201d.<\/p>\n<\/div><\/section><\/div><div  style='height:50px' class='hr hr-invisible   avia-builder-el-6  el_after_av_one_full  el_before_av_social_share '><span class='hr-inner ' ><span class='hr-inner-style'><\/span><\/span><\/div><\/p>\n<div  class='av-social-sharing-box  avia-builder-el-7  el_after_av_hr  el_before_av_hr  '><div class='av-share-box'><h5 class='av-share-link-description av-no-toc '>Compartir esta noticia<\/h5><ul class='av-share-box-list noLightbox'><li class='av-share-link av-social-link-facebook' ><a target=\"_blank\" aria-label=\"Compartir en Facebook\" href='https:\/\/www.facebook.com\/sharer.php?u=https:\/\/radiorevelacionfm.cl\/?p=59234&#038;t=Corte%20de%20Coyhaique%20acoge%20recurso%20de%20protecci%C3%B3n%20presentado%20por%20el%20Servicio%20de%20Salud%20de%20Ays%C3%A9n%20y%20ordena%20vacunar%20a%20ni%C3%B1o%20de%203%20a%C3%B1os' aria-hidden='false' data-av_icon='\ue8f3' data-av_iconfont='entypo-fontello' title='' data-avia-related-tooltip='Compartir en Facebook' rel=\"noopener\"><span class='avia_hidden_link_text'>Compartir en Facebook<\/span><\/a><\/li><li class='av-share-link av-social-link-twitter' ><a target=\"_blank\" aria-label=\"Compartir en Twitter\" href='https:\/\/twitter.com\/share?text=Corte%20de%20Coyhaique%20acoge%20recurso%20de%20protecci%C3%B3n%20presentado%20por%20el%20Servicio%20de%20Salud%20de%20Ays%C3%A9n%20y%20ordena%20vacunar%20a%20ni%C3%B1o%20de%203%20a%C3%B1os&#038;url=https:\/\/radiorevelacionfm.cl\/?p=59234' aria-hidden='false' data-av_icon='\ue8f1' data-av_iconfont='entypo-fontello' title='' data-avia-related-tooltip='Compartir en Twitter' rel=\"noopener\"><span class='avia_hidden_link_text'>Compartir en Twitter<\/span><\/a><\/li><li class='av-share-link av-social-link-whatsapp' ><a target=\"_blank\" aria-label=\"Compartir en Whatsapp\" href='https:\/\/api.whatsapp.com\/send?text=https:\/\/radiorevelacionfm.cl\/?p=59234' aria-hidden='false' data-av_icon='\uf232' data-av_iconfont='entypo-fontello' title='' data-avia-related-tooltip='Compartir en Whatsapp' rel=\"noopener\"><span class='avia_hidden_link_text'>Compartir en Whatsapp<\/span><\/a><\/li><li class='av-share-link av-social-link-linkedin' ><a target=\"_blank\" aria-label=\"Compartir en LinkedIn\" href='https:\/\/linkedin.com\/shareArticle?mini=true&#038;title=Corte%20de%20Coyhaique%20acoge%20recurso%20de%20protecci%C3%B3n%20presentado%20por%20el%20Servicio%20de%20Salud%20de%20Ays%C3%A9n%20y%20ordena%20vacunar%20a%20ni%C3%B1o%20de%203%20a%C3%B1os&#038;url=https:\/\/radiorevelacionfm.cl\/?p=59234' aria-hidden='false' data-av_icon='\ue8fc' data-av_iconfont='entypo-fontello' title='' data-avia-related-tooltip='Compartir en LinkedIn' rel=\"noopener\"><span class='avia_hidden_link_text'>Compartir en LinkedIn<\/span><\/a><\/li><li class='av-share-link av-social-link-mail' ><a  aria-label=\"Compartir por correo\" href='mailto:?subject=Corte%20de%20Coyhaique%20acoge%20recurso%20de%20protecci%C3%B3n%20presentado%20por%20el%20Servicio%20de%20Salud%20de%20Ays%C3%A9n%20y%20ordena%20vacunar%20a%20ni%C3%B1o%20de%203%20a%C3%B1os&#038;body=https:\/\/radiorevelacionfm.cl\/?p=59234' aria-hidden='false' data-av_icon='\ue805' data-av_iconfont='entypo-fontello' title='' data-avia-related-tooltip='Compartir por correo'><span class='avia_hidden_link_text'>Compartir por correo<\/span><\/a><\/li><\/ul><\/div><\/div>\n<div  style='height:50px' class='hr hr-invisible   avia-builder-el-8  el_after_av_social_share  el_before_av_comments_list '><span class='hr-inner ' ><span class='hr-inner-style'><\/span><\/span><\/div>\n<div  class='av-buildercomment  av-blog-meta-html-info-disabled av-blog-meta-tag-disabled  '><\/div>\n","protected":false},"excerpt":{"rendered":"","protected":false},"author":1,"featured_media":59235,"comment_status":"closed","ping_status":"closed","sticky":false,"template":"","format":"standard","meta":{"footnotes":""},"categories":[55],"tags":[],"class_list":["post-59234","post","type-post","status-publish","format-standard","has-post-thumbnail","hentry","category-justicia"],"jetpack_featured_media_url":"https:\/\/radiorevelacionfm.cl\/wp-content\/uploads\/2025\/09\/Vacunas1-1-1.jpg","_links":{"self":[{"href":"https:\/\/radiorevelacionfm.cl\/index.php?rest_route=\/wp\/v2\/posts\/59234","targetHints":{"allow":["GET"]}}],"collection":[{"href":"https:\/\/radiorevelacionfm.cl\/index.php?rest_route=\/wp\/v2\/posts"}],"about":[{"href":"https:\/\/radiorevelacionfm.cl\/index.php?rest_route=\/wp\/v2\/types\/post"}],"author":[{"embeddable":true,"href":"https:\/\/radiorevelacionfm.cl\/index.php?rest_route=\/wp\/v2\/users\/1"}],"replies":[{"embeddable":true,"href":"https:\/\/radiorevelacionfm.cl\/index.php?rest_route=%2Fwp%2Fv2%2Fcomments&post=59234"}],"version-history":[{"count":2,"href":"https:\/\/radiorevelacionfm.cl\/index.php?rest_route=\/wp\/v2\/posts\/59234\/revisions"}],"predecessor-version":[{"id":59237,"href":"https:\/\/radiorevelacionfm.cl\/index.php?rest_route=\/wp\/v2\/posts\/59234\/revisions\/59237"}],"wp:featuredmedia":[{"embeddable":true,"href":"https:\/\/radiorevelacionfm.cl\/index.php?rest_route=\/wp\/v2\/media\/59235"}],"wp:attachment":[{"href":"https:\/\/radiorevelacionfm.cl\/index.php?rest_route=%2Fwp%2Fv2%2Fmedia&parent=59234"}],"wp:term":[{"taxonomy":"category","embeddable":true,"href":"https:\/\/radiorevelacionfm.cl\/index.php?rest_route=%2Fwp%2Fv2%2Fcategories&post=59234"},{"taxonomy":"post_tag","embeddable":true,"href":"https:\/\/radiorevelacionfm.cl\/index.php?rest_route=%2Fwp%2Fv2%2Ftags&post=59234"}],"curies":[{"name":"wp","href":"https:\/\/api.w.org\/{rel}","templated":true}]}}