{"id":5923,"date":"2021-07-04T22:59:10","date_gmt":"2021-07-05T01:59:10","guid":{"rendered":"https:\/\/radiorevelacionfm.cl\/?p=5923"},"modified":"2021-07-21T23:00:26","modified_gmt":"2021-07-22T02:00:26","slug":"cut-de-coyhaique-rechaza-despidos-masivos-en-municipio-de-chile-chico","status":"publish","type":"post","link":"https:\/\/radiorevelacionfm.cl\/?p=5923","title":{"rendered":"CUT de Coyhaique rechaza despidos masivos en municipio de Chile Chico"},"content":{"rendered":"<div class=\"flex_column av_one_full  flex_column_div av-zero-column-padding first  avia-builder-el-0  el_before_av_one_full  avia-builder-el-first  \" style='border-radius:0px; '><div  class='avia-image-container  av-styling-    avia-builder-el-1  avia-builder-el-no-sibling  avia-align-center '  itemprop=\"image\" itemscope=\"itemscope\" itemtype=\"https:\/\/schema.org\/ImageObject\"  ><div class='avia-image-container-inner'><div class='avia-image-overlay-wrap'><img decoding=\"async\" class='wp-image-5924 avia-img-lazy-loading-not-5924 avia_image' src=\"https:\/\/radiorevelacionfm.cl\/wp-content\/uploads\/2021\/07\/municipalidad-chile-chico_optimized.jpg\" alt='' title='municipalidad-chile-chico_optimized' height=\"602\" width=\"1079\"  itemprop=\"thumbnailUrl\" srcset=\"https:\/\/radiorevelacionfm.cl\/wp-content\/uploads\/2021\/07\/municipalidad-chile-chico_optimized.jpg 1079w, https:\/\/radiorevelacionfm.cl\/wp-content\/uploads\/2021\/07\/municipalidad-chile-chico_optimized-300x167.jpg 300w, https:\/\/radiorevelacionfm.cl\/wp-content\/uploads\/2021\/07\/municipalidad-chile-chico_optimized-1030x575.jpg 1030w, https:\/\/radiorevelacionfm.cl\/wp-content\/uploads\/2021\/07\/municipalidad-chile-chico_optimized-768x428.jpg 768w, https:\/\/radiorevelacionfm.cl\/wp-content\/uploads\/2021\/07\/municipalidad-chile-chico_optimized-705x393.jpg 705w, https:\/\/radiorevelacionfm.cl\/wp-content\/uploads\/2021\/07\/municipalidad-chile-chico_optimized-600x335.jpg 600w\" sizes=\"(max-width: 1079px) 100vw, 1079px\" \/><\/div><\/div><\/div><\/div><div class=\"flex_column av_one_full  flex_column_div av-zero-column-padding first  avia-builder-el-2  el_after_av_one_full  el_before_av_one_full  column-top-margin\" style='border-radius:0px; '><section class=\"av_textblock_section \"  itemscope=\"itemscope\" itemtype=\"https:\/\/schema.org\/BlogPosting\" itemprop=\"blogPost\" ><div class='avia_textblock  '   itemprop=\"text\" ><p style=\"text-align: center;\"><span style=\"font-size: 18pt;\"><strong>CUT de Coyhaique rechaza despidos masivos en municipio de Chile Chico<\/strong><\/span><\/p>\n<div id=\"gtx-trans\" style=\"position: absolute; left: -50px; top: 4.31534px;\">\n<div class=\"gtx-trans-icon\"><\/div>\n<\/div>\n<\/div><\/section><\/div><div class=\"flex_column av_one_full  flex_column_div av-zero-column-padding first  avia-builder-el-4  el_after_av_one_full  el_before_av_hr  column-top-margin\" style='border-radius:0px; '><section class=\"av_textblock_section \"  itemscope=\"itemscope\" itemtype=\"https:\/\/schema.org\/BlogPosting\" itemprop=\"blogPost\" ><div class='avia_textblock  '   itemprop=\"text\" ><p style=\"text-align: justify;\">Frente a los masivos despidos de m\u00e1s de 130 trabajadores, principalmente a honorarios, que se han registrado por parte del Sr. Alcalde de la Ilustre Municipalidad de Chile Chico Luperciano Mu\u00f1oz, amparado en un supuesto d\u00e9ficit econ\u00f3mico y en uso de sus facultades legales, el Consejo Provincial de la CUT de Coyhaique declara a la opini\u00f3n p\u00fablica lo siguiente:<\/p>\n<p style=\"text-align: justify;\">1. Rechazamos categ\u00f3ricamente los despidos masivos ocurridos en recientes d\u00edas en la comuna de Chile Chico, dispuestos por la m\u00e1xima autoridad comunal, por cuanto dejan sin su sustento a mas de 100 familias, en el contexto de la pandemia Covid-19, y con tasas de cesant\u00eda importantes en la regi\u00f3n y comuna, a lo que se suma la escasez de otras fuentes laborales o productivas en la regi\u00f3n y comuna.<\/p>\n<p style=\"text-align: justify;\">2. M\u00e1s all\u00e1 de las supuestas razones econ\u00f3micas argumentadas por el empleador municipal, se advierte que se han pasado a llevar gravemente los derechos laborales consagrados en los contratos de trabajo y la ley, en este sentido se\u00f1alamos claramente y sin ambig\u00fcedades que los contratos deben respetarse. En menos de 48 horas, este empleador, y sin conocer las labores desempe\u00f1adas, ni menos la realidad del municipio, ha tomado esta acci\u00f3n desproporcionada, que agrava la situaci\u00f3n de cesant\u00eda de la comuna y que por lo dem\u00e1s atenta contra la comunidad que pretende gobernar y sus necesidades.<\/p>\n<p style=\"text-align: justify;\">3. Exigimos, NO s\u00f3lo al Municipio de Chile Chico, sino a todos los alcaldes que han asumido en la regi\u00f3n, nos referimos a Coyhaique con Carlos Gatica, Puerto Ays\u00e9n Julio Uribe, Cochrane Jorge Calder\u00f3n, entre las diez comunas de la regi\u00f3n, no se adopten medidas de este tipo, que solo se pueden entender como una revancha en contra de los trabajadores y trabajadores municipales, sea cual sea su calidad jur\u00eddica de contrataci\u00f3n, solo entendemos justo y \u00e9tico el cambio de los equipos de confianza y directivos de primer nivel, pero injusto y arbitrario el despido masivo de trabajadores y trabajadoras. Esta acci\u00f3n se escapa a la racionalidad, aunque se enmarque en presunta legalidad, pues ning\u00fan conflicto, rencillas pol\u00edticas o crisis debe ser asumida o pagada por los trabajadores.<\/p>\n<p style=\"text-align: justify;\">4. Llamamos a recapacitar al Alcalde Luperciano Mu\u00f1oz y a dejar sin efecto esta medida de despidos arbitrarios, y reponer inmediatamente en su puesto de trabajo a los y las despidos y despedidas, pues estas actuaciones arbitrarias deben cesar. Ninguna nueva autoridad tiene derecho a despedir en forma masiva, como se ha materializado en estas horas.<\/p>\n<p style=\"text-align: justify;\">5. Expresamos asimismo nuestra solidaridad de clase con los y las trabajadores afectados, desde ya nos ponemos a su disposici\u00f3n para la ayuda y orientaci\u00f3n legal y judicial en defensas de sus derechos afectados y en lo que requieran para enfrentar esta dif\u00edcil situaci\u00f3n que hoy les afecta.<\/p>\n<\/div><\/section><\/div><div  style='height:50px' class='hr hr-invisible   avia-builder-el-6  el_after_av_one_full  el_before_av_social_share '><span class='hr-inner ' ><span class='hr-inner-style'><\/span><\/span><\/div><\/p>\n<div  class='av-social-sharing-box  avia-builder-el-7  el_after_av_hr  el_before_av_hr  '><div class='av-share-box'><h5 class='av-share-link-description av-no-toc '>Compartir esta noticia<\/h5><ul class='av-share-box-list noLightbox'><li class='av-share-link av-social-link-facebook' ><a target=\"_blank\" aria-label=\"Compartir en Facebook\" href='https:\/\/www.facebook.com\/sharer.php?u=https:\/\/radiorevelacionfm.cl\/?p=5923&#038;t=CUT%20de%20Coyhaique%20rechaza%20despidos%20masivos%20en%20municipio%20de%20Chile%20Chico' aria-hidden='false' data-av_icon='\ue8f3' data-av_iconfont='entypo-fontello' title='' data-avia-related-tooltip='Compartir en Facebook' rel=\"noopener\"><span class='avia_hidden_link_text'>Compartir en Facebook<\/span><\/a><\/li><li class='av-share-link av-social-link-twitter' ><a target=\"_blank\" aria-label=\"Compartir en Twitter\" href='https:\/\/twitter.com\/share?text=CUT%20de%20Coyhaique%20rechaza%20despidos%20masivos%20en%20municipio%20de%20Chile%20Chico&#038;url=https:\/\/radiorevelacionfm.cl\/?p=5923' aria-hidden='false' data-av_icon='\ue8f1' data-av_iconfont='entypo-fontello' title='' data-avia-related-tooltip='Compartir en Twitter' rel=\"noopener\"><span class='avia_hidden_link_text'>Compartir en Twitter<\/span><\/a><\/li><li class='av-share-link av-social-link-whatsapp' ><a target=\"_blank\" aria-label=\"Compartir en Whatsapp\" href='https:\/\/api.whatsapp.com\/send?text=https:\/\/radiorevelacionfm.cl\/?p=5923' aria-hidden='false' data-av_icon='\uf232' data-av_iconfont='entypo-fontello' title='' data-avia-related-tooltip='Compartir en Whatsapp' rel=\"noopener\"><span class='avia_hidden_link_text'>Compartir en Whatsapp<\/span><\/a><\/li><li class='av-share-link av-social-link-linkedin' ><a target=\"_blank\" aria-label=\"Compartir en LinkedIn\" href='https:\/\/linkedin.com\/shareArticle?mini=true&#038;title=CUT%20de%20Coyhaique%20rechaza%20despidos%20masivos%20en%20municipio%20de%20Chile%20Chico&#038;url=https:\/\/radiorevelacionfm.cl\/?p=5923' aria-hidden='false' data-av_icon='\ue8fc' data-av_iconfont='entypo-fontello' title='' data-avia-related-tooltip='Compartir en LinkedIn' rel=\"noopener\"><span class='avia_hidden_link_text'>Compartir en LinkedIn<\/span><\/a><\/li><li class='av-share-link av-social-link-mail' ><a  aria-label=\"Compartir por correo\" href='mailto:?subject=CUT%20de%20Coyhaique%20rechaza%20despidos%20masivos%20en%20municipio%20de%20Chile%20Chico&#038;body=https:\/\/radiorevelacionfm.cl\/?p=5923' aria-hidden='false' data-av_icon='\ue805' data-av_iconfont='entypo-fontello' title='' data-avia-related-tooltip='Compartir por correo'><span class='avia_hidden_link_text'>Compartir por correo<\/span><\/a><\/li><\/ul><\/div><\/div>\n<div  style='height:50px' class='hr hr-invisible   avia-builder-el-8  el_after_av_social_share  el_before_av_comments_list '><span class='hr-inner ' ><span class='hr-inner-style'><\/span><\/span><\/div>\n<div  class='av-buildercomment  av-blog-meta-html-info-disabled av-blog-meta-tag-disabled  '><\/div>\n","protected":false},"excerpt":{"rendered":"","protected":false},"author":1,"featured_media":5924,"comment_status":"open","ping_status":"open","sticky":false,"template":"","format":"standard","meta":{"footnotes":""},"categories":[38],"tags":[],"class_list":["post-5923","post","type-post","status-publish","format-standard","has-post-thumbnail","hentry","category-regional"],"jetpack_featured_media_url":"https:\/\/radiorevelacionfm.cl\/wp-content\/uploads\/2021\/07\/municipalidad-chile-chico_optimized.jpg","_links":{"self":[{"href":"https:\/\/radiorevelacionfm.cl\/index.php?rest_route=\/wp\/v2\/posts\/5923","targetHints":{"allow":["GET"]}}],"collection":[{"href":"https:\/\/radiorevelacionfm.cl\/index.php?rest_route=\/wp\/v2\/posts"}],"about":[{"href":"https:\/\/radiorevelacionfm.cl\/index.php?rest_route=\/wp\/v2\/types\/post"}],"author":[{"embeddable":true,"href":"https:\/\/radiorevelacionfm.cl\/index.php?rest_route=\/wp\/v2\/users\/1"}],"replies":[{"embeddable":true,"href":"https:\/\/radiorevelacionfm.cl\/index.php?rest_route=%2Fwp%2Fv2%2Fcomments&post=5923"}],"version-history":[{"count":1,"href":"https:\/\/radiorevelacionfm.cl\/index.php?rest_route=\/wp\/v2\/posts\/5923\/revisions"}],"predecessor-version":[{"id":5925,"href":"https:\/\/radiorevelacionfm.cl\/index.php?rest_route=\/wp\/v2\/posts\/5923\/revisions\/5925"}],"wp:featuredmedia":[{"embeddable":true,"href":"https:\/\/radiorevelacionfm.cl\/index.php?rest_route=\/wp\/v2\/media\/5924"}],"wp:attachment":[{"href":"https:\/\/radiorevelacionfm.cl\/index.php?rest_route=%2Fwp%2Fv2%2Fmedia&parent=5923"}],"wp:term":[{"taxonomy":"category","embeddable":true,"href":"https:\/\/radiorevelacionfm.cl\/index.php?rest_route=%2Fwp%2Fv2%2Fcategories&post=5923"},{"taxonomy":"post_tag","embeddable":true,"href":"https:\/\/radiorevelacionfm.cl\/index.php?rest_route=%2Fwp%2Fv2%2Ftags&post=5923"}],"curies":[{"name":"wp","href":"https:\/\/api.w.org\/{rel}","templated":true}]}}