{"id":59223,"date":"2025-09-16T09:50:57","date_gmt":"2025-09-16T12:50:57","guid":{"rendered":"https:\/\/radiorevelacionfm.cl\/?p=59223"},"modified":"2025-09-16T09:50:57","modified_gmt":"2025-09-16T12:50:57","slug":"justicia-abierta-juzgado-de-aysen-realiza-charla-a-integrantes-de-la-red-de-proteccion-de-la-ninez","status":"publish","type":"post","link":"https:\/\/radiorevelacionfm.cl\/?p=59223","title":{"rendered":"Justicia Abierta: Juzgado de Ays\u00e9n realiza charla a integrantes de la Red de Protecci\u00f3n de la Ni\u00f1ez"},"content":{"rendered":"<div class=\"flex_column av_one_full  flex_column_div av-zero-column-padding first  avia-builder-el-0  el_before_av_one_full  avia-builder-el-first  \" style='border-radius:0px; '><div  class='avia-image-container  av-styling-    avia-builder-el-1  avia-builder-el-no-sibling  avia-align-center '  itemprop=\"image\" itemscope=\"itemscope\" itemtype=\"https:\/\/schema.org\/ImageObject\"  ><div class='avia-image-container-inner'><div class='avia-image-overlay-wrap'><img decoding=\"async\" class='wp-image-59224 avia-img-lazy-loading-not-59224 avia_image' src=\"https:\/\/radiorevelacionfm.cl\/wp-content\/uploads\/2025\/09\/charla-jpuerto-aysen-2-1-1_optimized-1.jpg\" alt='' title='charla-jpuerto-aysen-2-(1)-(1)_optimized (1)' height=\"600\" width=\"886\"  itemprop=\"thumbnailUrl\" srcset=\"https:\/\/radiorevelacionfm.cl\/wp-content\/uploads\/2025\/09\/charla-jpuerto-aysen-2-1-1_optimized-1.jpg 886w, https:\/\/radiorevelacionfm.cl\/wp-content\/uploads\/2025\/09\/charla-jpuerto-aysen-2-1-1_optimized-1-300x203.jpg 300w, https:\/\/radiorevelacionfm.cl\/wp-content\/uploads\/2025\/09\/charla-jpuerto-aysen-2-1-1_optimized-1-768x520.jpg 768w, https:\/\/radiorevelacionfm.cl\/wp-content\/uploads\/2025\/09\/charla-jpuerto-aysen-2-1-1_optimized-1-705x477.jpg 705w, https:\/\/radiorevelacionfm.cl\/wp-content\/uploads\/2025\/09\/charla-jpuerto-aysen-2-1-1_optimized-1-450x305.jpg 450w, https:\/\/radiorevelacionfm.cl\/wp-content\/uploads\/2025\/09\/charla-jpuerto-aysen-2-1-1_optimized-1-600x406.jpg 600w\" sizes=\"(max-width: 886px) 100vw, 886px\" \/><\/div><\/div><\/div><\/div><div class=\"flex_column av_one_full  flex_column_div av-zero-column-padding first  avia-builder-el-2  el_after_av_one_full  el_before_av_one_full  column-top-margin\" style='border-radius:0px; '><section class=\"av_textblock_section \"  itemscope=\"itemscope\" itemtype=\"https:\/\/schema.org\/BlogPosting\" itemprop=\"blogPost\" ><div class='avia_textblock  '   itemprop=\"text\" ><p style=\"text-align: center;\"><span style=\"font-size: 18pt;\"><b>Justicia Abierta: Juzgado de Ays\u00e9n realiza charla a integrantes de la Red de Protecci\u00f3n de la Ni\u00f1ez<\/b><\/span><\/p>\n<div id=\"gtx-trans\" style=\"position: absolute; left: -50px; top: 4.31534px;\">\n<div class=\"gtx-trans-icon\"><\/div>\n<\/div>\n<\/div><\/section><\/div><div class=\"flex_column av_one_full  flex_column_div av-zero-column-padding first  avia-builder-el-4  el_after_av_one_full  el_before_av_hr  column-top-margin\" style='border-radius:0px; '><section class=\"av_textblock_section \"  itemscope=\"itemscope\" itemtype=\"https:\/\/schema.org\/BlogPosting\" itemprop=\"blogPost\" ><div class='avia_textblock  '   itemprop=\"text\" ><p style=\"font-weight: 400; text-align: justify;\">En el marco de la pol\u00edtica de Justicia Abierta en el Territorio y con el prop\u00f3sito de fortalecer la vinculaci\u00f3n interinstitucional, el Juzgado de Letras, Garant\u00eda y Familia de Ays\u00e9n realiz\u00f3 una charla informativa dirigida a coordinadores del \u00e1rea de convivencia escolar de establecimientos educacionales de la comuna, encargados de la Oficina Local de la Ni\u00f1ez de Puerto Ays\u00e9n, la directora del proyecto DCE KIVA y el encargado de la oferta program\u00e1tica del Servicio de Protecci\u00f3n Especializada, todos actores que mantienen una relaci\u00f3n directa con la unidad de Familia del tribunal.<\/p>\n<p style=\"font-weight: 400; text-align: justify;\">La exposici\u00f3n estuvo a cargo de la consejera t\u00e9cnica Mar\u00eda Isabel Zapata Cancino, quien abord\u00f3 el marco normativo y los aspectos pr\u00e1cticos relativos a las medidas de protecci\u00f3n y a las situaciones de vulneraci\u00f3n de derechos de ni\u00f1as, ni\u00f1os y adolescentes sujetos de atenci\u00f3n judicial.<\/p>\n<p style=\"font-weight: 400; text-align: justify;\">La charla abord\u00f3 diversos contenidos relacionados con la tramitaci\u00f3n de causas en materia de infancia y adolescencia, entre ellos: en qu\u00e9 consisten las medidas de protecci\u00f3n para ni\u00f1os, ni\u00f1as y adolescentes sujetos de atenci\u00f3n que se presentan ante el Juzgado de Letras, Garant\u00eda y Familia de Ays\u00e9n; el inicio y desarrollo del proceso judicial y las etapas del procedimiento; los distintos tipos de medidas cautelares; as\u00ed como las caracter\u00edsticas y derechos fundamentales asociados. Asimismo, se revis\u00f3 el flujo de tramitaci\u00f3n de las causas, la etapa de cumplimiento de las medidas de protecci\u00f3n y la forma de presentaci\u00f3n a trav\u00e9s de los canales habilitados en las plataformas digitales, destacando en particular el uso de la plataforma de atenci\u00f3n de p\u00fablico\u00a0<a href=\"http:\/\/www.conecta.pjud.cl\/\" data-saferedirecturl=\"https:\/\/www.google.com\/url?q=http:\/\/www.conecta.pjud.cl\/&amp;source=gmail&amp;ust=1758034821880000&amp;usg=AOvVaw1rvDV3u58wXfJFqsHD1Lno\">www.conecta.pjud.cl<\/a><\/p>\n<p style=\"font-weight: 400; text-align: justify;\">Durante la jornada se gener\u00f3 un espacio de di\u00e1logo que permiti\u00f3 resolver dudas y fortalecer la coordinaci\u00f3n entre las instituciones presentes, en torno a los procedimientos judiciales y a la articulaci\u00f3n necesaria para una atenci\u00f3n oportuna y efectiva en casos de vulneraci\u00f3n de derechos.<\/p>\n<\/div><\/section><\/div><div  style='height:50px' class='hr hr-invisible   avia-builder-el-6  el_after_av_one_full  el_before_av_social_share '><span class='hr-inner ' ><span class='hr-inner-style'><\/span><\/span><\/div><\/p>\n<div  class='av-social-sharing-box  avia-builder-el-7  el_after_av_hr  el_before_av_hr  '><div class='av-share-box'><h5 class='av-share-link-description av-no-toc '>Compartir esta noticia<\/h5><ul class='av-share-box-list noLightbox'><li class='av-share-link av-social-link-facebook' ><a target=\"_blank\" aria-label=\"Compartir en Facebook\" href='https:\/\/www.facebook.com\/sharer.php?u=https:\/\/radiorevelacionfm.cl\/?p=59223&#038;t=Justicia%20Abierta%3A%20Juzgado%20de%20Ays%C3%A9n%20realiza%20charla%20a%20integrantes%20de%20la%20Red%20de%20Protecci%C3%B3n%20de%20la%20Ni%C3%B1ez' aria-hidden='false' data-av_icon='\ue8f3' data-av_iconfont='entypo-fontello' title='' data-avia-related-tooltip='Compartir en Facebook' rel=\"noopener\"><span class='avia_hidden_link_text'>Compartir en Facebook<\/span><\/a><\/li><li class='av-share-link av-social-link-twitter' ><a target=\"_blank\" aria-label=\"Compartir en Twitter\" href='https:\/\/twitter.com\/share?text=Justicia%20Abierta%3A%20Juzgado%20de%20Ays%C3%A9n%20realiza%20charla%20a%20integrantes%20de%20la%20Red%20de%20Protecci%C3%B3n%20de%20la%20Ni%C3%B1ez&#038;url=https:\/\/radiorevelacionfm.cl\/?p=59223' aria-hidden='false' data-av_icon='\ue8f1' data-av_iconfont='entypo-fontello' title='' data-avia-related-tooltip='Compartir en Twitter' rel=\"noopener\"><span class='avia_hidden_link_text'>Compartir en Twitter<\/span><\/a><\/li><li class='av-share-link av-social-link-whatsapp' ><a target=\"_blank\" aria-label=\"Compartir en Whatsapp\" href='https:\/\/api.whatsapp.com\/send?text=https:\/\/radiorevelacionfm.cl\/?p=59223' aria-hidden='false' data-av_icon='\uf232' data-av_iconfont='entypo-fontello' title='' data-avia-related-tooltip='Compartir en Whatsapp' rel=\"noopener\"><span class='avia_hidden_link_text'>Compartir en Whatsapp<\/span><\/a><\/li><li class='av-share-link av-social-link-linkedin' ><a target=\"_blank\" aria-label=\"Compartir en LinkedIn\" href='https:\/\/linkedin.com\/shareArticle?mini=true&#038;title=Justicia%20Abierta%3A%20Juzgado%20de%20Ays%C3%A9n%20realiza%20charla%20a%20integrantes%20de%20la%20Red%20de%20Protecci%C3%B3n%20de%20la%20Ni%C3%B1ez&#038;url=https:\/\/radiorevelacionfm.cl\/?p=59223' aria-hidden='false' data-av_icon='\ue8fc' data-av_iconfont='entypo-fontello' title='' data-avia-related-tooltip='Compartir en LinkedIn' rel=\"noopener\"><span class='avia_hidden_link_text'>Compartir en LinkedIn<\/span><\/a><\/li><li class='av-share-link av-social-link-mail' ><a  aria-label=\"Compartir por correo\" href='mailto:?subject=Justicia%20Abierta%3A%20Juzgado%20de%20Ays%C3%A9n%20realiza%20charla%20a%20integrantes%20de%20la%20Red%20de%20Protecci%C3%B3n%20de%20la%20Ni%C3%B1ez&#038;body=https:\/\/radiorevelacionfm.cl\/?p=59223' aria-hidden='false' data-av_icon='\ue805' data-av_iconfont='entypo-fontello' title='' data-avia-related-tooltip='Compartir por correo'><span class='avia_hidden_link_text'>Compartir por correo<\/span><\/a><\/li><\/ul><\/div><\/div>\n<div  style='height:50px' class='hr hr-invisible   avia-builder-el-8  el_after_av_social_share  el_before_av_comments_list '><span class='hr-inner ' ><span class='hr-inner-style'><\/span><\/span><\/div>\n<div  class='av-buildercomment  av-blog-meta-html-info-disabled av-blog-meta-tag-disabled  '><\/div>\n","protected":false},"excerpt":{"rendered":"","protected":false},"author":1,"featured_media":59224,"comment_status":"closed","ping_status":"closed","sticky":false,"template":"","format":"standard","meta":{"footnotes":""},"categories":[55],"tags":[],"class_list":["post-59223","post","type-post","status-publish","format-standard","has-post-thumbnail","hentry","category-justicia"],"jetpack_featured_media_url":"https:\/\/radiorevelacionfm.cl\/wp-content\/uploads\/2025\/09\/charla-jpuerto-aysen-2-1-1_optimized-1.jpg","_links":{"self":[{"href":"https:\/\/radiorevelacionfm.cl\/index.php?rest_route=\/wp\/v2\/posts\/59223","targetHints":{"allow":["GET"]}}],"collection":[{"href":"https:\/\/radiorevelacionfm.cl\/index.php?rest_route=\/wp\/v2\/posts"}],"about":[{"href":"https:\/\/radiorevelacionfm.cl\/index.php?rest_route=\/wp\/v2\/types\/post"}],"author":[{"embeddable":true,"href":"https:\/\/radiorevelacionfm.cl\/index.php?rest_route=\/wp\/v2\/users\/1"}],"replies":[{"embeddable":true,"href":"https:\/\/radiorevelacionfm.cl\/index.php?rest_route=%2Fwp%2Fv2%2Fcomments&post=59223"}],"version-history":[{"count":2,"href":"https:\/\/radiorevelacionfm.cl\/index.php?rest_route=\/wp\/v2\/posts\/59223\/revisions"}],"predecessor-version":[{"id":59276,"href":"https:\/\/radiorevelacionfm.cl\/index.php?rest_route=\/wp\/v2\/posts\/59223\/revisions\/59276"}],"wp:featuredmedia":[{"embeddable":true,"href":"https:\/\/radiorevelacionfm.cl\/index.php?rest_route=\/wp\/v2\/media\/59224"}],"wp:attachment":[{"href":"https:\/\/radiorevelacionfm.cl\/index.php?rest_route=%2Fwp%2Fv2%2Fmedia&parent=59223"}],"wp:term":[{"taxonomy":"category","embeddable":true,"href":"https:\/\/radiorevelacionfm.cl\/index.php?rest_route=%2Fwp%2Fv2%2Fcategories&post=59223"},{"taxonomy":"post_tag","embeddable":true,"href":"https:\/\/radiorevelacionfm.cl\/index.php?rest_route=%2Fwp%2Fv2%2Ftags&post=59223"}],"curies":[{"name":"wp","href":"https:\/\/api.w.org\/{rel}","templated":true}]}}