{"id":59219,"date":"2025-09-15T12:06:52","date_gmt":"2025-09-15T15:06:52","guid":{"rendered":"https:\/\/radiorevelacionfm.cl\/?p=59219"},"modified":"2025-09-15T12:06:52","modified_gmt":"2025-09-15T15:06:52","slug":"bienes-nacionales-lanzo-a-nivel-nacional-el-visor-chile-endieciochado","status":"publish","type":"post","link":"https:\/\/radiorevelacionfm.cl\/?p=59219","title":{"rendered":"Bienes Nacionales lanz\u00f3 a nivel nacional el visor \u201cChile endieciochado\u201d"},"content":{"rendered":"<div class=\"flex_column av_one_full  flex_column_div av-zero-column-padding first  avia-builder-el-0  el_before_av_one_full  avia-builder-el-first  \" style='border-radius:0px; '><div  class='avia-image-container  av-styling-    avia-builder-el-1  avia-builder-el-no-sibling  avia-align-center '  itemprop=\"image\" itemscope=\"itemscope\" itemtype=\"https:\/\/schema.org\/ImageObject\"  ><div class='avia-image-container-inner'><div class='avia-image-overlay-wrap'><img decoding=\"async\" class='wp-image-59220 avia-img-lazy-loading-not-59220 avia_image' src=\"https:\/\/radiorevelacionfm.cl\/wp-content\/uploads\/2025\/09\/fiestas-patrias-2023-coyhaique-1-1_optimized_optimized.jpg\" alt='' title='fiestas-patrias-2023-coyhaique - -(1)-(1)_optimized_optimized' height=\"600\" width=\"1067\"  itemprop=\"thumbnailUrl\" srcset=\"https:\/\/radiorevelacionfm.cl\/wp-content\/uploads\/2025\/09\/fiestas-patrias-2023-coyhaique-1-1_optimized_optimized.jpg 1067w, https:\/\/radiorevelacionfm.cl\/wp-content\/uploads\/2025\/09\/fiestas-patrias-2023-coyhaique-1-1_optimized_optimized-300x169.jpg 300w, https:\/\/radiorevelacionfm.cl\/wp-content\/uploads\/2025\/09\/fiestas-patrias-2023-coyhaique-1-1_optimized_optimized-1030x579.jpg 1030w, https:\/\/radiorevelacionfm.cl\/wp-content\/uploads\/2025\/09\/fiestas-patrias-2023-coyhaique-1-1_optimized_optimized-768x432.jpg 768w, https:\/\/radiorevelacionfm.cl\/wp-content\/uploads\/2025\/09\/fiestas-patrias-2023-coyhaique-1-1_optimized_optimized-705x396.jpg 705w, https:\/\/radiorevelacionfm.cl\/wp-content\/uploads\/2025\/09\/fiestas-patrias-2023-coyhaique-1-1_optimized_optimized-450x253.jpg 450w, https:\/\/radiorevelacionfm.cl\/wp-content\/uploads\/2025\/09\/fiestas-patrias-2023-coyhaique-1-1_optimized_optimized-600x337.jpg 600w\" sizes=\"(max-width: 1067px) 100vw, 1067px\" \/><\/div><\/div><\/div><\/div><div class=\"flex_column av_one_full  flex_column_div av-zero-column-padding first  avia-builder-el-2  el_after_av_one_full  el_before_av_one_full  column-top-margin\" style='border-radius:0px; '><section class=\"av_textblock_section \"  itemscope=\"itemscope\" itemtype=\"https:\/\/schema.org\/BlogPosting\" itemprop=\"blogPost\" ><div class='avia_textblock  '   itemprop=\"text\" ><p style=\"text-align: center;\"><span style=\"font-size: 18pt;\"><strong>Bienes Nacionales lanz\u00f3 a nivel nacional el visor \u201cChile endieciochado\u201d <\/strong><\/span><\/p>\n<div id=\"gtx-trans\" style=\"position: absolute; left: -50px; top: 4.31534px;\">\n<div class=\"gtx-trans-icon\"><\/div>\n<\/div>\n<\/div><\/section><\/div><div class=\"flex_column av_one_full  flex_column_div av-zero-column-padding first  avia-builder-el-4  el_after_av_one_full  el_before_av_hr  column-top-margin\" style='border-radius:0px; '><section class=\"av_textblock_section \"  itemscope=\"itemscope\" itemtype=\"https:\/\/schema.org\/BlogPosting\" itemprop=\"blogPost\" ><div class='avia_textblock  '   itemprop=\"text\" ><p style=\"text-align: justify;\"><em>M\u00e1s de 200 fondas oficiales, picadas y pasatiempos t\u00edpicos de las Fiestas Patrias pueden encontrarse gracias a la herramienta desarrollada por el Ministerio de Bienes Nacionales, que georreferencia estos puntos a lo largo de todo el pa\u00eds y entrega informaci\u00f3n b\u00e1sica para quienes quieran asistir y celebrar un 18 seguro. <\/em><\/p>\n<p style=\"text-align: justify;\">El ministro de Bienes Nacionales, Francisco Figueroa, y la ministra de la Secretar\u00eda General de Gobierno, Camila Vallejo, lanzaron el visor \u201cChile endieciochado\u201d, una herramienta que el Gobierno pone a disposici\u00f3n de todas y todos quienes quieran celebrar de manera segura en estas Fiestas Patrias.<\/p>\n<p style=\"text-align: justify;\">El visor, desarrollado por la IDE (Infraestructura Geoespacial) de Bienes Nacionales, permite filtrar por regi\u00f3n y comuna para localizar m\u00e1s de 200 panoramas dieciocheros oficiales, donde las y los asistentes podr\u00e1n disfrutar sabiendo que all\u00ed existen medidas apropiadas de seguridad.<\/p>\n<p style=\"text-align: justify;\">Desde la masiva fiesta de La Pampilla, pasando por las cl\u00e1sicas cociner\u00edas de Chimbarongo hasta la Fiesta Entre Mate y Cueca de Coyhaique en la regi\u00f3n de Ays\u00e9n y Fiesta Criolla en la regi\u00f3n de Magallanes, este instrumento busca ser una gu\u00eda para que no falten los panoramas en esta semana de Fiestas Patrias.<\/p>\n<p style=\"text-align: justify;\">Adem\u00e1s, el mapa contempla las visualizaciones de 45 hitos de Rutas Patrimoniales que constituyen \u201cpicadas en la regi\u00f3n Metropolitana\u201d, los que tambi\u00e9n se podr\u00e1n filtrar por comuna, informaci\u00f3n para quienes decidieron salir de Ays\u00e9n y pasar el dieciocho en Santiago u otros puntos del pa\u00eds.<\/p>\n<p style=\"text-align: justify;\">Por su parte, la seremi Irina Morend Valdebenito, resalt\u00f3 las fiestas que se desarrollar\u00e1n en inmuebles fiscales, entre las cuales, destaca la fiesta \u201cEntre Mate y Cueca\u201d de Coyhaique que desde el a\u00f1o 2023 se realiza en el Parque Urbano de la capital regional, concesionado a largo plazo a la Municipalidad de Coyhaique, as\u00ed tambi\u00e9n, las fiestas tradicionales de Villa O\u00b4Higgins, las que se realizan en el Centro de Actividades T\u00edpicas, concesi\u00f3n de corto plazo, otorgada a la Municipalidad de O\u00b4Higgins para regularizar y mejorar el inmueble.<\/p>\n<p style=\"text-align: justify;\">Para conocer los puntos georreferenciados, debe ingresar al sitio web del Visor <a href=\"http:\/\/www.bienesnacionales.cl\/18\">www.bienesnacionales.cl\/18<\/a><\/p>\n<\/div><\/section><\/div><div  style='height:50px' class='hr hr-invisible   avia-builder-el-6  el_after_av_one_full  el_before_av_social_share '><span class='hr-inner ' ><span class='hr-inner-style'><\/span><\/span><\/div><\/p>\n<div  class='av-social-sharing-box  avia-builder-el-7  el_after_av_hr  el_before_av_hr  '><div class='av-share-box'><h5 class='av-share-link-description av-no-toc '>Compartir esta noticia<\/h5><ul class='av-share-box-list noLightbox'><li class='av-share-link av-social-link-facebook' ><a target=\"_blank\" aria-label=\"Compartir en Facebook\" href='https:\/\/www.facebook.com\/sharer.php?u=https:\/\/radiorevelacionfm.cl\/?p=59219&#038;t=Bienes%20Nacionales%20lanz%C3%B3%20a%20nivel%20nacional%20el%20visor%20%E2%80%9CChile%20endieciochado%E2%80%9D' aria-hidden='false' data-av_icon='\ue8f3' data-av_iconfont='entypo-fontello' title='' data-avia-related-tooltip='Compartir en Facebook' rel=\"noopener\"><span class='avia_hidden_link_text'>Compartir en Facebook<\/span><\/a><\/li><li class='av-share-link av-social-link-twitter' ><a target=\"_blank\" aria-label=\"Compartir en Twitter\" href='https:\/\/twitter.com\/share?text=Bienes%20Nacionales%20lanz%C3%B3%20a%20nivel%20nacional%20el%20visor%20%E2%80%9CChile%20endieciochado%E2%80%9D&#038;url=https:\/\/radiorevelacionfm.cl\/?p=59219' aria-hidden='false' data-av_icon='\ue8f1' data-av_iconfont='entypo-fontello' title='' data-avia-related-tooltip='Compartir en Twitter' rel=\"noopener\"><span class='avia_hidden_link_text'>Compartir en Twitter<\/span><\/a><\/li><li class='av-share-link av-social-link-whatsapp' ><a target=\"_blank\" aria-label=\"Compartir en Whatsapp\" href='https:\/\/api.whatsapp.com\/send?text=https:\/\/radiorevelacionfm.cl\/?p=59219' aria-hidden='false' data-av_icon='\uf232' data-av_iconfont='entypo-fontello' title='' data-avia-related-tooltip='Compartir en Whatsapp' rel=\"noopener\"><span class='avia_hidden_link_text'>Compartir en Whatsapp<\/span><\/a><\/li><li class='av-share-link av-social-link-linkedin' ><a target=\"_blank\" aria-label=\"Compartir en LinkedIn\" href='https:\/\/linkedin.com\/shareArticle?mini=true&#038;title=Bienes%20Nacionales%20lanz%C3%B3%20a%20nivel%20nacional%20el%20visor%20%E2%80%9CChile%20endieciochado%E2%80%9D&#038;url=https:\/\/radiorevelacionfm.cl\/?p=59219' aria-hidden='false' data-av_icon='\ue8fc' data-av_iconfont='entypo-fontello' title='' data-avia-related-tooltip='Compartir en LinkedIn' rel=\"noopener\"><span class='avia_hidden_link_text'>Compartir en LinkedIn<\/span><\/a><\/li><li class='av-share-link av-social-link-mail' ><a  aria-label=\"Compartir por correo\" href='mailto:?subject=Bienes%20Nacionales%20lanz%C3%B3%20a%20nivel%20nacional%20el%20visor%20%E2%80%9CChile%20endieciochado%E2%80%9D&#038;body=https:\/\/radiorevelacionfm.cl\/?p=59219' aria-hidden='false' data-av_icon='\ue805' data-av_iconfont='entypo-fontello' title='' data-avia-related-tooltip='Compartir por correo'><span class='avia_hidden_link_text'>Compartir por correo<\/span><\/a><\/li><\/ul><\/div><\/div>\n<div  style='height:50px' class='hr hr-invisible   avia-builder-el-8  el_after_av_social_share  el_before_av_comments_list '><span class='hr-inner ' ><span class='hr-inner-style'><\/span><\/span><\/div>\n<div  class='av-buildercomment  av-blog-meta-html-info-disabled av-blog-meta-tag-disabled  '><\/div>\n","protected":false},"excerpt":{"rendered":"","protected":false},"author":1,"featured_media":59220,"comment_status":"closed","ping_status":"closed","sticky":false,"template":"","format":"standard","meta":{"footnotes":""},"categories":[61],"tags":[],"class_list":["post-59219","post","type-post","status-publish","format-standard","has-post-thumbnail","hentry","category-nacional"],"jetpack_featured_media_url":"https:\/\/radiorevelacionfm.cl\/wp-content\/uploads\/2025\/09\/fiestas-patrias-2023-coyhaique-1-1_optimized_optimized.jpg","_links":{"self":[{"href":"https:\/\/radiorevelacionfm.cl\/index.php?rest_route=\/wp\/v2\/posts\/59219","targetHints":{"allow":["GET"]}}],"collection":[{"href":"https:\/\/radiorevelacionfm.cl\/index.php?rest_route=\/wp\/v2\/posts"}],"about":[{"href":"https:\/\/radiorevelacionfm.cl\/index.php?rest_route=\/wp\/v2\/types\/post"}],"author":[{"embeddable":true,"href":"https:\/\/radiorevelacionfm.cl\/index.php?rest_route=\/wp\/v2\/users\/1"}],"replies":[{"embeddable":true,"href":"https:\/\/radiorevelacionfm.cl\/index.php?rest_route=%2Fwp%2Fv2%2Fcomments&post=59219"}],"version-history":[{"count":2,"href":"https:\/\/radiorevelacionfm.cl\/index.php?rest_route=\/wp\/v2\/posts\/59219\/revisions"}],"predecessor-version":[{"id":59222,"href":"https:\/\/radiorevelacionfm.cl\/index.php?rest_route=\/wp\/v2\/posts\/59219\/revisions\/59222"}],"wp:featuredmedia":[{"embeddable":true,"href":"https:\/\/radiorevelacionfm.cl\/index.php?rest_route=\/wp\/v2\/media\/59220"}],"wp:attachment":[{"href":"https:\/\/radiorevelacionfm.cl\/index.php?rest_route=%2Fwp%2Fv2%2Fmedia&parent=59219"}],"wp:term":[{"taxonomy":"category","embeddable":true,"href":"https:\/\/radiorevelacionfm.cl\/index.php?rest_route=%2Fwp%2Fv2%2Fcategories&post=59219"},{"taxonomy":"post_tag","embeddable":true,"href":"https:\/\/radiorevelacionfm.cl\/index.php?rest_route=%2Fwp%2Fv2%2Ftags&post=59219"}],"curies":[{"name":"wp","href":"https:\/\/api.w.org\/{rel}","templated":true}]}}