{"id":59215,"date":"2025-09-15T11:42:59","date_gmt":"2025-09-15T14:42:59","guid":{"rendered":"https:\/\/radiorevelacionfm.cl\/?p=59215"},"modified":"2025-09-15T11:42:59","modified_gmt":"2025-09-15T14:42:59","slug":"region-de-aysen-sernac-realiza-taller-sobre-educacion-financiera-a-mujeres-de-villa-frei","status":"publish","type":"post","link":"https:\/\/radiorevelacionfm.cl\/?p=59215","title":{"rendered":"Regi\u00f3n de Ays\u00e9n: Sernac realiza taller sobre educaci\u00f3n financiera a mujeres de Villa Frei"},"content":{"rendered":"<div class=\"flex_column av_one_full  flex_column_div av-zero-column-padding first  avia-builder-el-0  el_before_av_one_full  avia-builder-el-first  \" style='border-radius:0px; '><div  class='avia-image-container  av-styling-    avia-builder-el-1  avia-builder-el-no-sibling  avia-align-center '  itemprop=\"image\" itemscope=\"itemscope\" itemtype=\"https:\/\/schema.org\/ImageObject\"  ><div class='avia-image-container-inner'><div class='avia-image-overlay-wrap'><img decoding=\"async\" class='wp-image-59216 avia-img-lazy-loading-not-59216 avia_image' src=\"https:\/\/radiorevelacionfm.cl\/wp-content\/uploads\/2025\/09\/taller-villa-frei-1_optimized-1.jpg\" alt='' title='taller-villa-frei-(1)_optimized (1)' height=\"630\" width=\"802\"  itemprop=\"thumbnailUrl\" srcset=\"https:\/\/radiorevelacionfm.cl\/wp-content\/uploads\/2025\/09\/taller-villa-frei-1_optimized-1.jpg 802w, https:\/\/radiorevelacionfm.cl\/wp-content\/uploads\/2025\/09\/taller-villa-frei-1_optimized-1-300x236.jpg 300w, https:\/\/radiorevelacionfm.cl\/wp-content\/uploads\/2025\/09\/taller-villa-frei-1_optimized-1-768x603.jpg 768w, https:\/\/radiorevelacionfm.cl\/wp-content\/uploads\/2025\/09\/taller-villa-frei-1_optimized-1-705x554.jpg 705w, https:\/\/radiorevelacionfm.cl\/wp-content\/uploads\/2025\/09\/taller-villa-frei-1_optimized-1-450x353.jpg 450w, https:\/\/radiorevelacionfm.cl\/wp-content\/uploads\/2025\/09\/taller-villa-frei-1_optimized-1-600x471.jpg 600w\" sizes=\"(max-width: 802px) 100vw, 802px\" \/><\/div><\/div><\/div><\/div><div class=\"flex_column av_one_full  flex_column_div av-zero-column-padding first  avia-builder-el-2  el_after_av_one_full  el_before_av_one_full  column-top-margin\" style='border-radius:0px; '><section class=\"av_textblock_section \"  itemscope=\"itemscope\" itemtype=\"https:\/\/schema.org\/BlogPosting\" itemprop=\"blogPost\" ><div class='avia_textblock  '   itemprop=\"text\" ><p style=\"text-align: center;\"><strong><span style=\"font-size: 18pt;\">Regi\u00f3n de Ays\u00e9n: Sernac realiza taller sobre educaci\u00f3n financiera a mujeres de Villa Frei<\/span><\/strong><\/p>\n<div id=\"gtx-trans\" style=\"position: absolute; left: -50px; top: 4.31534px;\">\n<div class=\"gtx-trans-icon\"><\/div>\n<\/div>\n<\/div><\/section><\/div><div class=\"flex_column av_one_full  flex_column_div av-zero-column-padding first  avia-builder-el-4  el_after_av_one_full  el_before_av_hr  column-top-margin\" style='border-radius:0px; '><section class=\"av_textblock_section \"  itemscope=\"itemscope\" itemtype=\"https:\/\/schema.org\/BlogPosting\" itemprop=\"blogPost\" ><div class='avia_textblock  '   itemprop=\"text\" ><ul>\n<li style=\"text-align: justify;\"><em>El Servicio desarrolla permanentemente iniciativas de educaci\u00f3n financiera dirigidas especialmente a los grupos de personas m\u00e1s vulnerables o en los que la educaci\u00f3n pueda tener un mayor impacto.<\/em><\/li>\n<\/ul>\n<p style=\"text-align: justify;\">La Direcci\u00f3n Regional del SERNAC en Ays\u00e9n realiz\u00f3 un taller de educaci\u00f3n financiera con enfoque de g\u00e9nero, dirigido a mujeres usuarias de la Fundaci\u00f3n PRODEMU de la localidad de Villa Frei.<\/p>\n<p style=\"text-align: justify;\">Derechos en materia de mercados financieros, planificaci\u00f3n, presupuesto y cr\u00e9ditos fueron parte de los temas tratados en el espacio, cuyo objetivo fue entregar herramientas claves para el fortalecimiento de la autonom\u00eda econ\u00f3mica de las mujeres pertenecientes al taller Juntas Crecemos, parte de la oferta program\u00e1tica de la Fundaci\u00f3n.<\/p>\n<p style=\"text-align: justify;\">La actividad se centr\u00f3 en ofrecer a las participantes herramientas pr\u00e1cticas y conocimientos que les permitan tomar decisiones financieras informadas y gestionar sus recursos de manera eficiente. Adem\u00e1s, de entregar informaci\u00f3n relevante sobre la participaci\u00f3n de las mujeres en los mercados, el uso del cr\u00e9dito, los riesgos del sobreendeudamiento, la importancia de la planificaci\u00f3n presupuestaria, y los derechos y deberes de las personas consumidoras.<\/p>\n<p style=\"text-align: justify;\">La Directora Regional del SERNAC, Sandra Espinoza, se\u00f1al\u00f3 que \u201chemos comprobado en nuestra experiencia la importancia de la educaci\u00f3n financiera, la que actualmente se ha transformado en una herramienta que permite a las personas tomar mejores decisiones y m\u00e1s informadas. Este taller es un paso importante en nuestro trabajo por reducir la brecha financiera de g\u00e9nero y al empoderar a las mujeres, contribuimos a su autonom\u00eda econ\u00f3mica y al fortalecimiento de su rol en la sociedad\u201d.<\/p>\n<p style=\"text-align: justify;\">Por su parte, la Directora Regional de la Fundaci\u00f3n PRODEMU, Ingrid Osorio, indic\u00f3 que \u201ccomo equipo regional de Fundaci\u00f3n Prodemu Ays\u00e9n, estamos muy agradecidas del trabajo colaborativo que se ha generado con Sernac regional Ays\u00e9n, vinculaci\u00f3n que nos ha permitido poder complementar nuestra oferta program\u00e1tica. Este trabajo permiti\u00f3 fortalecer los diversos emprendimientos de las mujeres participantes, mediante un proceso de desarrollo personal y colectivo, orientado desde la perspectiva de g\u00e9nero\u201d.<\/p>\n<p style=\"text-align: justify;\">Esta iniciativa conjunta, es parte de una serie de actividades planificadas por ambas instituciones y tiene como objetivo potenciar la participaci\u00f3n, generaci\u00f3n de redes y cohesi\u00f3n de las mujeres en sus espacios locales.<\/p>\n<p style=\"text-align: justify;\">El SERNAC desarrolla permanentemente iniciativas de educaci\u00f3n financiera dirigidas especialmente a los grupos de personas m\u00e1s vulnerables o en los que la educaci\u00f3n pueda tener un mayor impacto, como son los escolares, j\u00f3venes, mujeres y personas mayores.<\/p>\n<\/div><\/section><\/div><div  style='height:50px' class='hr hr-invisible   avia-builder-el-6  el_after_av_one_full  el_before_av_social_share '><span class='hr-inner ' ><span class='hr-inner-style'><\/span><\/span><\/div><\/p>\n<div  class='av-social-sharing-box  avia-builder-el-7  el_after_av_hr  el_before_av_hr  '><div class='av-share-box'><h5 class='av-share-link-description av-no-toc '>Compartir esta noticia<\/h5><ul class='av-share-box-list noLightbox'><li class='av-share-link av-social-link-facebook' ><a target=\"_blank\" aria-label=\"Compartir en Facebook\" href='https:\/\/www.facebook.com\/sharer.php?u=https:\/\/radiorevelacionfm.cl\/?p=59215&#038;t=Regi%C3%B3n%20de%20Ays%C3%A9n%3A%20Sernac%20realiza%20taller%20sobre%20educaci%C3%B3n%20financiera%20a%20mujeres%20de%20Villa%20Frei' aria-hidden='false' data-av_icon='\ue8f3' data-av_iconfont='entypo-fontello' title='' data-avia-related-tooltip='Compartir en Facebook' rel=\"noopener\"><span class='avia_hidden_link_text'>Compartir en Facebook<\/span><\/a><\/li><li class='av-share-link av-social-link-twitter' ><a target=\"_blank\" aria-label=\"Compartir en Twitter\" href='https:\/\/twitter.com\/share?text=Regi%C3%B3n%20de%20Ays%C3%A9n%3A%20Sernac%20realiza%20taller%20sobre%20educaci%C3%B3n%20financiera%20a%20mujeres%20de%20Villa%20Frei&#038;url=https:\/\/radiorevelacionfm.cl\/?p=59215' aria-hidden='false' data-av_icon='\ue8f1' data-av_iconfont='entypo-fontello' title='' data-avia-related-tooltip='Compartir en Twitter' rel=\"noopener\"><span class='avia_hidden_link_text'>Compartir en Twitter<\/span><\/a><\/li><li class='av-share-link av-social-link-whatsapp' ><a target=\"_blank\" aria-label=\"Compartir en Whatsapp\" href='https:\/\/api.whatsapp.com\/send?text=https:\/\/radiorevelacionfm.cl\/?p=59215' aria-hidden='false' data-av_icon='\uf232' data-av_iconfont='entypo-fontello' title='' data-avia-related-tooltip='Compartir en Whatsapp' rel=\"noopener\"><span class='avia_hidden_link_text'>Compartir en Whatsapp<\/span><\/a><\/li><li class='av-share-link av-social-link-linkedin' ><a target=\"_blank\" aria-label=\"Compartir en LinkedIn\" href='https:\/\/linkedin.com\/shareArticle?mini=true&#038;title=Regi%C3%B3n%20de%20Ays%C3%A9n%3A%20Sernac%20realiza%20taller%20sobre%20educaci%C3%B3n%20financiera%20a%20mujeres%20de%20Villa%20Frei&#038;url=https:\/\/radiorevelacionfm.cl\/?p=59215' aria-hidden='false' data-av_icon='\ue8fc' data-av_iconfont='entypo-fontello' title='' data-avia-related-tooltip='Compartir en LinkedIn' rel=\"noopener\"><span class='avia_hidden_link_text'>Compartir en LinkedIn<\/span><\/a><\/li><li class='av-share-link av-social-link-mail' ><a  aria-label=\"Compartir por correo\" href='mailto:?subject=Regi%C3%B3n%20de%20Ays%C3%A9n%3A%20Sernac%20realiza%20taller%20sobre%20educaci%C3%B3n%20financiera%20a%20mujeres%20de%20Villa%20Frei&#038;body=https:\/\/radiorevelacionfm.cl\/?p=59215' aria-hidden='false' data-av_icon='\ue805' data-av_iconfont='entypo-fontello' title='' data-avia-related-tooltip='Compartir por correo'><span class='avia_hidden_link_text'>Compartir por correo<\/span><\/a><\/li><\/ul><\/div><\/div>\n<div  style='height:50px' class='hr hr-invisible   avia-builder-el-8  el_after_av_social_share  el_before_av_comments_list '><span class='hr-inner ' ><span class='hr-inner-style'><\/span><\/span><\/div>\n<div  class='av-buildercomment  av-blog-meta-html-info-disabled av-blog-meta-tag-disabled  '><\/div>\n","protected":false},"excerpt":{"rendered":"","protected":false},"author":1,"featured_media":59216,"comment_status":"closed","ping_status":"closed","sticky":false,"template":"","format":"standard","meta":{"footnotes":""},"categories":[38],"tags":[],"class_list":["post-59215","post","type-post","status-publish","format-standard","has-post-thumbnail","hentry","category-regional"],"jetpack_featured_media_url":"https:\/\/radiorevelacionfm.cl\/wp-content\/uploads\/2025\/09\/taller-villa-frei-1_optimized-1.jpg","_links":{"self":[{"href":"https:\/\/radiorevelacionfm.cl\/index.php?rest_route=\/wp\/v2\/posts\/59215","targetHints":{"allow":["GET"]}}],"collection":[{"href":"https:\/\/radiorevelacionfm.cl\/index.php?rest_route=\/wp\/v2\/posts"}],"about":[{"href":"https:\/\/radiorevelacionfm.cl\/index.php?rest_route=\/wp\/v2\/types\/post"}],"author":[{"embeddable":true,"href":"https:\/\/radiorevelacionfm.cl\/index.php?rest_route=\/wp\/v2\/users\/1"}],"replies":[{"embeddable":true,"href":"https:\/\/radiorevelacionfm.cl\/index.php?rest_route=%2Fwp%2Fv2%2Fcomments&post=59215"}],"version-history":[{"count":2,"href":"https:\/\/radiorevelacionfm.cl\/index.php?rest_route=\/wp\/v2\/posts\/59215\/revisions"}],"predecessor-version":[{"id":59218,"href":"https:\/\/radiorevelacionfm.cl\/index.php?rest_route=\/wp\/v2\/posts\/59215\/revisions\/59218"}],"wp:featuredmedia":[{"embeddable":true,"href":"https:\/\/radiorevelacionfm.cl\/index.php?rest_route=\/wp\/v2\/media\/59216"}],"wp:attachment":[{"href":"https:\/\/radiorevelacionfm.cl\/index.php?rest_route=%2Fwp%2Fv2%2Fmedia&parent=59215"}],"wp:term":[{"taxonomy":"category","embeddable":true,"href":"https:\/\/radiorevelacionfm.cl\/index.php?rest_route=%2Fwp%2Fv2%2Fcategories&post=59215"},{"taxonomy":"post_tag","embeddable":true,"href":"https:\/\/radiorevelacionfm.cl\/index.php?rest_route=%2Fwp%2Fv2%2Ftags&post=59215"}],"curies":[{"name":"wp","href":"https:\/\/api.w.org\/{rel}","templated":true}]}}