{"id":59206,"date":"2025-09-14T20:55:32","date_gmt":"2025-09-14T23:55:32","guid":{"rendered":"https:\/\/radiorevelacionfm.cl\/?p=59206"},"modified":"2025-09-20T21:12:51","modified_gmt":"2025-09-21T00:12:51","slug":"senador-sandoval-nos-alegramos-que-la-ley-de-integracion-social-y-urbana-este-generando-un-cambio-significativo-en-la-mirada-de-como-hacemos-ciudad-como-hacemos-vivienda","status":"publish","type":"post","link":"https:\/\/radiorevelacionfm.cl\/?p=59206","title":{"rendered":"Senador Sandoval: \u201cNos alegramos que la ley de integraci\u00f3n social y urbana est\u00e9 generando un cambio significativo en la mirada de c\u00f3mo hacemos ciudad, c\u00f3mo hacemos vivienda\u201d"},"content":{"rendered":"<div class=\"flex_column av_one_full  flex_column_div av-zero-column-padding first  avia-builder-el-0  el_before_av_one_full  avia-builder-el-first  \" style='border-radius:0px; '><div  class='avia-image-container  av-styling-    avia-builder-el-1  avia-builder-el-no-sibling  avia-align-center '  itemprop=\"image\" itemscope=\"itemscope\" itemtype=\"https:\/\/schema.org\/ImageObject\"  ><div class='avia-image-container-inner'><div class='avia-image-overlay-wrap'><img decoding=\"async\" class='wp-image-59207 avia-img-lazy-loading-not-59207 avia_image' src=\"https:\/\/radiorevelacionfm.cl\/wp-content\/uploads\/2025\/09\/Senador-Sandoval-14.09.2025-1-1.jpg\" alt='' title='Senador Sandoval 14.09.2025 (1) (1)' height=\"600\" width=\"900\"  itemprop=\"thumbnailUrl\" srcset=\"https:\/\/radiorevelacionfm.cl\/wp-content\/uploads\/2025\/09\/Senador-Sandoval-14.09.2025-1-1.jpg 900w, https:\/\/radiorevelacionfm.cl\/wp-content\/uploads\/2025\/09\/Senador-Sandoval-14.09.2025-1-1-300x200.jpg 300w, https:\/\/radiorevelacionfm.cl\/wp-content\/uploads\/2025\/09\/Senador-Sandoval-14.09.2025-1-1-768x512.jpg 768w, https:\/\/radiorevelacionfm.cl\/wp-content\/uploads\/2025\/09\/Senador-Sandoval-14.09.2025-1-1-705x470.jpg 705w, https:\/\/radiorevelacionfm.cl\/wp-content\/uploads\/2025\/09\/Senador-Sandoval-14.09.2025-1-1-450x300.jpg 450w, https:\/\/radiorevelacionfm.cl\/wp-content\/uploads\/2025\/09\/Senador-Sandoval-14.09.2025-1-1-600x400.jpg 600w\" sizes=\"(max-width: 900px) 100vw, 900px\" \/><\/div><\/div><\/div><\/div><div class=\"flex_column av_one_full  flex_column_div av-zero-column-padding first  avia-builder-el-2  el_after_av_one_full  el_before_av_one_full  column-top-margin\" style='border-radius:0px; '><section class=\"av_textblock_section \"  itemscope=\"itemscope\" itemtype=\"https:\/\/schema.org\/BlogPosting\" itemprop=\"blogPost\" ><div class='avia_textblock  '   itemprop=\"text\" ><p style=\"text-align: center;\"><span style=\"font-size: 18pt;\"><strong>Senador Sandoval: <\/strong><strong>\u201cNos alegramos que la ley de integraci\u00f3n social y urbana est\u00e9 generando un cambio significativo en la mirada de c\u00f3mo hacemos ciudad, c\u00f3mo hacemos vivienda\u201d<\/strong><\/span><\/p>\n<div id=\"gtx-trans\" style=\"position: absolute; left: -50px; top: 4.31534px;\">\n<div class=\"gtx-trans-icon\"><\/div>\n<\/div>\n<\/div><\/section><\/div><div class=\"flex_column av_one_full  flex_column_div av-zero-column-padding first  avia-builder-el-4  el_after_av_one_full  el_before_av_hr  column-top-margin\" style='border-radius:0px; '><section class=\"av_textblock_section \"  itemscope=\"itemscope\" itemtype=\"https:\/\/schema.org\/BlogPosting\" itemprop=\"blogPost\" ><div class='avia_textblock  '   itemprop=\"text\" ><p style=\"text-align: justify;\"><em>Esto, luego de que en \u00faltimos d\u00edas se iniciara discusi\u00f3n de proyecto de ley que prorroga el Plan de Emergencia Habitacional.<\/em><\/p>\n<p style=\"text-align: justify;\">\u201cNos alegramos que esta ley de integraci\u00f3n social y urbana est\u00e9 generando de alguna manera un cambio significativo en la mirada de c\u00f3mo hacemos ciudad, c\u00f3mo hacemos vivienda\u201d. As\u00ed lo afirm\u00f3 el senador David Sandoval, luego de que en los \u00faltimos d\u00edas la comisi\u00f3n de Vivienda de la C\u00e1mara Alta iniciara la discusi\u00f3n del proyecto que modifica la ley N\u00b0 21.450, para prorrogar la vigencia de la Ley sobre Gesti\u00f3n de Suelo para la Integraci\u00f3n Social y Urbana y Plan de Emergencia Habitacional.<\/p>\n<p style=\"text-align: justify;\">El parlamentario analiz\u00f3 el tema, afirmando que eso \u201cevidentemente nos ha impuesto desaf\u00edos nuevos y como bien (se) se\u00f1ala se han tramitado diversas mociones y proyectos para perfeccionar y acortar los plazos de tramitaci\u00f3n que esto tiene\u201d.<\/p>\n<p style=\"text-align: justify;\">En ese contexto, considera que existe un escenario para, quiz\u00e1s desde la misma comisi\u00f3n, impulsar un di\u00e1logo m\u00e1s abierto respecto de los nuevos desaf\u00edos que se vienen por delante en el \u00e1mbito habitacional. \u201cEl plan de emergencia (habitacional) no va a concluir el a\u00f1o 2029 con la ampliaci\u00f3n de este plazo y a veces cuando uno fija plazos y no fija tareas complementarias, terminamos todos amarrados por el plazo y empieza a pasar el tiempo\u201d, insistiendo en la importancia de enfrentar los problemas de fondo.<\/p>\n<p style=\"text-align: justify;\">Por lo mismo, considera que se debiera \u201cavanzar en una din\u00e1mica en esa direcci\u00f3n y no perder obviamente la acumulaci\u00f3n de experiencia en gesti\u00f3n, en los esfuerzos que se han hecho en diversas materias\u201d.<\/p>\n<p style=\"text-align: justify;\">Sandoval llam\u00f3 tambi\u00e9n a no olvidar que Chile es un pa\u00eds diverso, donde las zonas extremas o las zonas rurales generan demandas distintas con innovaciones locales, como por ejemplo lo que se hace en Puerto Ays\u00e9n, a trav\u00e9s de la empresa Ays\u00e9n Recircular, que construye paneles SIP reciclando materiales de empresas salmoneras.<\/p>\n<p style=\"text-align: justify;\">Con todo, insisti\u00f3 en que se pueda generar este di\u00e1logo amplio. \u201cNos alegramos que esta ley ya est\u00e1 sirviendo y creo deber\u00edamos pensar en hacer un di\u00e1logo apuntando en este contexto\u201d, enfatiz\u00f3.<\/p>\n<p style=\"text-align: justify;\">Cabe se\u00f1alar que el proyecto de ley que prorroga el plan de emergencia habitacional hasta el 31 de diciembre de 2029, del cual Sandoval es uno de sus autores, continuar\u00e1 su tr\u00e1mite esta semana en el Senado.<\/p>\n<\/div><\/section><\/div><div  style='height:50px' class='hr hr-invisible   avia-builder-el-6  el_after_av_one_full  el_before_av_social_share '><span class='hr-inner ' ><span class='hr-inner-style'><\/span><\/span><\/div><\/p>\n<div  class='av-social-sharing-box  avia-builder-el-7  el_after_av_hr  el_before_av_hr  '><div class='av-share-box'><h5 class='av-share-link-description av-no-toc '>Compartir esta noticia<\/h5><ul class='av-share-box-list noLightbox'><li class='av-share-link av-social-link-facebook' ><a target=\"_blank\" aria-label=\"Compartir en Facebook\" href='https:\/\/www.facebook.com\/sharer.php?u=https:\/\/radiorevelacionfm.cl\/?p=59206&#038;t=Senador%20Sandoval%3A%20%E2%80%9CNos%20alegramos%20que%20la%20ley%20de%20integraci%C3%B3n%20social%20y%20urbana%20est%C3%A9%20generando%20un%20cambio%20significativo%20en%20la%20mirada%20de%20c%C3%B3mo%20hacemos%20ciudad%2C%20c%C3%B3mo%20hacemos%20vivienda%E2%80%9D' aria-hidden='false' data-av_icon='\ue8f3' data-av_iconfont='entypo-fontello' title='' data-avia-related-tooltip='Compartir en Facebook' rel=\"noopener\"><span class='avia_hidden_link_text'>Compartir en Facebook<\/span><\/a><\/li><li class='av-share-link av-social-link-twitter' ><a target=\"_blank\" aria-label=\"Compartir en Twitter\" href='https:\/\/twitter.com\/share?text=Senador%20Sandoval%3A%20%E2%80%9CNos%20alegramos%20que%20la%20ley%20de%20integraci%C3%B3n%20social%20y%20urbana%20est%C3%A9%20generando%20un%20cambio%20significativo%20en%20la%20mirada%20de%20c%C3%B3mo%20hacemos%20ciudad%2C%20c%C3%B3mo%20hacemos%20vivienda%E2%80%9D&#038;url=https:\/\/radiorevelacionfm.cl\/?p=59206' aria-hidden='false' data-av_icon='\ue8f1' data-av_iconfont='entypo-fontello' title='' data-avia-related-tooltip='Compartir en Twitter' rel=\"noopener\"><span class='avia_hidden_link_text'>Compartir en Twitter<\/span><\/a><\/li><li class='av-share-link av-social-link-whatsapp' ><a target=\"_blank\" aria-label=\"Compartir en Whatsapp\" href='https:\/\/api.whatsapp.com\/send?text=https:\/\/radiorevelacionfm.cl\/?p=59206' aria-hidden='false' data-av_icon='\uf232' data-av_iconfont='entypo-fontello' title='' data-avia-related-tooltip='Compartir en Whatsapp' rel=\"noopener\"><span class='avia_hidden_link_text'>Compartir en Whatsapp<\/span><\/a><\/li><li class='av-share-link av-social-link-linkedin' ><a target=\"_blank\" aria-label=\"Compartir en LinkedIn\" href='https:\/\/linkedin.com\/shareArticle?mini=true&#038;title=Senador%20Sandoval%3A%20%E2%80%9CNos%20alegramos%20que%20la%20ley%20de%20integraci%C3%B3n%20social%20y%20urbana%20est%C3%A9%20generando%20un%20cambio%20significativo%20en%20la%20mirada%20de%20c%C3%B3mo%20hacemos%20ciudad%2C%20c%C3%B3mo%20hacemos%20vivienda%E2%80%9D&#038;url=https:\/\/radiorevelacionfm.cl\/?p=59206' aria-hidden='false' data-av_icon='\ue8fc' data-av_iconfont='entypo-fontello' title='' data-avia-related-tooltip='Compartir en LinkedIn' rel=\"noopener\"><span class='avia_hidden_link_text'>Compartir en LinkedIn<\/span><\/a><\/li><li class='av-share-link av-social-link-mail' ><a  aria-label=\"Compartir por correo\" href='mailto:?subject=Senador%20Sandoval%3A%20%E2%80%9CNos%20alegramos%20que%20la%20ley%20de%20integraci%C3%B3n%20social%20y%20urbana%20est%C3%A9%20generando%20un%20cambio%20significativo%20en%20la%20mirada%20de%20c%C3%B3mo%20hacemos%20ciudad%2C%20c%C3%B3mo%20hacemos%20vivienda%E2%80%9D&#038;body=https:\/\/radiorevelacionfm.cl\/?p=59206' aria-hidden='false' data-av_icon='\ue805' data-av_iconfont='entypo-fontello' title='' data-avia-related-tooltip='Compartir por correo'><span class='avia_hidden_link_text'>Compartir por correo<\/span><\/a><\/li><\/ul><\/div><\/div>\n<div  style='height:50px' class='hr hr-invisible   avia-builder-el-8  el_after_av_social_share  el_before_av_comments_list '><span class='hr-inner ' ><span class='hr-inner-style'><\/span><\/span><\/div>\n<div  class='av-buildercomment  av-blog-meta-html-info-disabled av-blog-meta-tag-disabled  '><\/div>\n","protected":false},"excerpt":{"rendered":"","protected":false},"author":1,"featured_media":59207,"comment_status":"closed","ping_status":"closed","sticky":false,"template":"","format":"standard","meta":{"footnotes":""},"categories":[35],"tags":[],"class_list":["post-59206","post","type-post","status-publish","format-standard","has-post-thumbnail","hentry","category-politica"],"jetpack_featured_media_url":"https:\/\/radiorevelacionfm.cl\/wp-content\/uploads\/2025\/09\/Senador-Sandoval-14.09.2025-1-1.jpg","_links":{"self":[{"href":"https:\/\/radiorevelacionfm.cl\/index.php?rest_route=\/wp\/v2\/posts\/59206","targetHints":{"allow":["GET"]}}],"collection":[{"href":"https:\/\/radiorevelacionfm.cl\/index.php?rest_route=\/wp\/v2\/posts"}],"about":[{"href":"https:\/\/radiorevelacionfm.cl\/index.php?rest_route=\/wp\/v2\/types\/post"}],"author":[{"embeddable":true,"href":"https:\/\/radiorevelacionfm.cl\/index.php?rest_route=\/wp\/v2\/users\/1"}],"replies":[{"embeddable":true,"href":"https:\/\/radiorevelacionfm.cl\/index.php?rest_route=%2Fwp%2Fv2%2Fcomments&post=59206"}],"version-history":[{"count":2,"href":"https:\/\/radiorevelacionfm.cl\/index.php?rest_route=\/wp\/v2\/posts\/59206\/revisions"}],"predecessor-version":[{"id":59367,"href":"https:\/\/radiorevelacionfm.cl\/index.php?rest_route=\/wp\/v2\/posts\/59206\/revisions\/59367"}],"wp:featuredmedia":[{"embeddable":true,"href":"https:\/\/radiorevelacionfm.cl\/index.php?rest_route=\/wp\/v2\/media\/59207"}],"wp:attachment":[{"href":"https:\/\/radiorevelacionfm.cl\/index.php?rest_route=%2Fwp%2Fv2%2Fmedia&parent=59206"}],"wp:term":[{"taxonomy":"category","embeddable":true,"href":"https:\/\/radiorevelacionfm.cl\/index.php?rest_route=%2Fwp%2Fv2%2Fcategories&post=59206"},{"taxonomy":"post_tag","embeddable":true,"href":"https:\/\/radiorevelacionfm.cl\/index.php?rest_route=%2Fwp%2Fv2%2Ftags&post=59206"}],"curies":[{"name":"wp","href":"https:\/\/api.w.org\/{rel}","templated":true}]}}