{"id":59203,"date":"2025-09-16T09:44:23","date_gmt":"2025-09-16T12:44:23","guid":{"rendered":"https:\/\/radiorevelacionfm.cl\/?p=59203"},"modified":"2025-09-16T09:44:23","modified_gmt":"2025-09-16T12:44:23","slug":"columna-de-opinion-planes-de-fiestas-patrias-lo-mas-importante-es-cuidarse","status":"publish","type":"post","link":"https:\/\/radiorevelacionfm.cl\/?p=59203","title":{"rendered":"Columna de Opini\u00f3n | Planes de Fiestas Patrias: Lo m\u00e1s importante es cuidarse"},"content":{"rendered":"<div class=\"flex_column av_one_full  flex_column_div av-zero-column-padding first  avia-builder-el-0  el_before_av_one_full  avia-builder-el-first  \" style='border-radius:0px; '><div  class='avia-image-container  av-styling-    avia-builder-el-1  avia-builder-el-no-sibling  avia-align-center '  itemprop=\"image\" itemscope=\"itemscope\" itemtype=\"https:\/\/schema.org\/ImageObject\"  ><div class='avia-image-container-inner'><div class='avia-image-overlay-wrap'><img decoding=\"async\" class='wp-image-59204 avia-img-lazy-loading-not-59204 avia_image' src=\"https:\/\/radiorevelacionfm.cl\/wp-content\/uploads\/2025\/09\/Opinion_Senda-y-Segegob-1-1.jpeg\" alt='' title='Opini\u00f3n_Senda y Segegob (1) (1)' height=\"600\" width=\"899\"  itemprop=\"thumbnailUrl\" srcset=\"https:\/\/radiorevelacionfm.cl\/wp-content\/uploads\/2025\/09\/Opinion_Senda-y-Segegob-1-1.jpeg 899w, https:\/\/radiorevelacionfm.cl\/wp-content\/uploads\/2025\/09\/Opinion_Senda-y-Segegob-1-1-300x200.jpeg 300w, https:\/\/radiorevelacionfm.cl\/wp-content\/uploads\/2025\/09\/Opinion_Senda-y-Segegob-1-1-768x513.jpeg 768w, https:\/\/radiorevelacionfm.cl\/wp-content\/uploads\/2025\/09\/Opinion_Senda-y-Segegob-1-1-705x471.jpeg 705w, https:\/\/radiorevelacionfm.cl\/wp-content\/uploads\/2025\/09\/Opinion_Senda-y-Segegob-1-1-450x300.jpeg 450w, https:\/\/radiorevelacionfm.cl\/wp-content\/uploads\/2025\/09\/Opinion_Senda-y-Segegob-1-1-600x400.jpeg 600w\" sizes=\"(max-width: 899px) 100vw, 899px\" \/><\/div><\/div><\/div><\/div>\n<div class=\"flex_column av_one_full  flex_column_div av-zero-column-padding first  avia-builder-el-2  el_after_av_one_full  el_before_av_one_full  column-top-margin\" style='border-radius:0px; '><section class=\"av_textblock_section \"  itemscope=\"itemscope\" itemtype=\"https:\/\/schema.org\/BlogPosting\" itemprop=\"blogPost\" ><div class='avia_textblock  '   itemprop=\"text\" ><p style=\"text-align: center;\"><strong><span style=\"font-size: 18pt;\">Columna de Opini\u00f3n | Planes de Fiestas Patrias: Lo m\u00e1s importante es cuidarse<\/span><\/strong><\/p>\n<div id=\"gtx-trans\" style=\"position: absolute; left: -50px; top: 4.31534px;\">\n<div class=\"gtx-trans-icon\"><\/div>\n<\/div>\n<\/div><\/section><\/div><div class=\"flex_column av_one_full  flex_column_div av-zero-column-padding first  avia-builder-el-4  el_after_av_one_full  el_before_av_hr  column-top-margin\" style='border-radius:0px; '><section class=\"av_textblock_section \"  itemscope=\"itemscope\" itemtype=\"https:\/\/schema.org\/BlogPosting\" itemprop=\"blogPost\" ><div class='avia_textblock  '   itemprop=\"text\" ><p style=\"text-align: justify;\"><em>Por: \u00darsula Mix Jim\u00e9nez, Seremi de Gobierno de la Regi\u00f3n de Ays\u00e9n y <\/em><em>Victoria Contreras Lemus, Directora SENDA Ays\u00e9n<\/em><\/p>\n<p style=\"text-align: justify;\">Con el entusiasmo que caracteriza a septiembre, miles de ayseninos y ayseninas se preparan para dar inicio a las celebraciones de las Fiestas Patrias. Las calles comienzan a vestirse con banderas, los patios se llenan del aroma de las empanadas y el sonido de la cueca y el chamam\u00e9 suenan en la regi\u00f3n.<\/p>\n<p style=\"text-align: justify;\">Las familias se re\u00fanen, los amigos celebran y la alegr\u00eda se desborda. Sin embargo, en medio de la festividad, tambi\u00e9n se refuerza un mensaje claro: celebrar con responsabilidad. Las autoridades y la comunidad ponen especial \u00e9nfasis en evitar la peligrosa mezcla entre alcohol y conducci\u00f3n, para que estas fiestas sean recordadas por su alegr\u00eda, no por tragedias evitables.<\/p>\n<p style=\"text-align: justify;\">La preocupaci\u00f3n por la seguridad vial est\u00e1 m\u00e1s presente que nunca. Este a\u00f1o, once personas han perdido la vida en distintos trayectos del territorio, una cifra que se acerca peligrosamente a los doce fallecidos registrados el a\u00f1o pasado. Lo m\u00e1s alarmante es que, pese a los llamados constantes a la responsabilidad, las causas de estos accidentes fatales se repiten una y otra vez. El exceso de velocidad, la falta de atenci\u00f3n a las condiciones del tr\u00e1nsito y la conducci\u00f3n bajo los efectos del alcohol o las drogas son factores comunes en todos los siniestros. Por eso, en estas Fiestas Patrias, el llamado a la conciencia no es menor: celebrar con responsabilidad es tambi\u00e9n cuidar la vida propia y la de los dem\u00e1s.<\/p>\n<p style=\"text-align: justify;\">El Servicio Nacional para la Prevenci\u00f3n y Rehabilitaci\u00f3n del Consumo de Drogas y Alcohol, Senda, con la campa\u00f1a \u201cEl Otro Plan\u201d, busca impulsar una organizaci\u00f3n responsable en estas festividades. Por eso debemos promover el autocuidado como pieza fundamental en la planificaci\u00f3n del pr\u00f3ximo fin de semana largo.<\/p>\n<p style=\"text-align: justify;\">Evitar los excesos y priorizar la seguridad en todas las actividades es clave para prevenir siniestros. Detr\u00e1s de cada n\u00famero hay una vida perdida, una familia afectada y una comunidad que sufre las consecuencias de tragedias que pudieron evitarse. Cuidarse es parte esencial de celebrar.<\/p>\n<p style=\"text-align: justify;\">Sabemos que durante las Fiestas Patrias el consumo de alcohol suele aumentar, por eso es importante hacerlo con control y responsabilidad. Mantente hidratado tomando agua, y nunca pierdas de vista tu vaso; si sospechas que ha sido adulterado, lo m\u00e1s seguro es no consumirlo. Adem\u00e1s, es fundamental no normalizar el uso de alcohol ni otras drogas frente a ni\u00f1os, ni\u00f1as y adolescentes, mostrando con el ejemplo que se puede disfrutar sin poner en riesgo la salud ni la seguridad. Entre todas y todos podemos cuidarnos, para que estas celebraciones sean motivo de alegr\u00eda y no de lamentaciones. Disfruta con responsabilidad y aseg\u00farate de poder celebrar nuevamente el pr\u00f3ximo a\u00f1o.<\/p>\n<p style=\"text-align: justify;\"><strong>\u00a0<\/strong><\/p>\n<\/div><\/section><\/div><\/p>\n<div  style='height:50px' class='hr hr-invisible   avia-builder-el-6  el_after_av_one_full  el_before_av_social_share '><span class='hr-inner ' ><span class='hr-inner-style'><\/span><\/span><\/div>\n<div  class='av-social-sharing-box  avia-builder-el-7  el_after_av_hr  el_before_av_hr  '><div class='av-share-box'><h5 class='av-share-link-description av-no-toc '>Compartir esta noticia<\/h5><ul class='av-share-box-list noLightbox'><li class='av-share-link av-social-link-facebook' ><a target=\"_blank\" aria-label=\"Compartir en Facebook\" href='https:\/\/www.facebook.com\/sharer.php?u=https:\/\/radiorevelacionfm.cl\/?p=59203&#038;t=Columna%20de%20Opini%C3%B3n%20%7C%20Planes%20de%20Fiestas%20Patrias%3A%20Lo%20m%C3%A1s%20importante%20es%20cuidarse' aria-hidden='false' data-av_icon='\ue8f3' data-av_iconfont='entypo-fontello' title='' data-avia-related-tooltip='Compartir en Facebook' rel=\"noopener\"><span class='avia_hidden_link_text'>Compartir en Facebook<\/span><\/a><\/li><li class='av-share-link av-social-link-twitter' ><a target=\"_blank\" aria-label=\"Compartir en Twitter\" href='https:\/\/twitter.com\/share?text=Columna%20de%20Opini%C3%B3n%20%7C%20Planes%20de%20Fiestas%20Patrias%3A%20Lo%20m%C3%A1s%20importante%20es%20cuidarse&#038;url=https:\/\/radiorevelacionfm.cl\/?p=59203' aria-hidden='false' data-av_icon='\ue8f1' data-av_iconfont='entypo-fontello' title='' data-avia-related-tooltip='Compartir en Twitter' rel=\"noopener\"><span class='avia_hidden_link_text'>Compartir en Twitter<\/span><\/a><\/li><li class='av-share-link av-social-link-whatsapp' ><a target=\"_blank\" aria-label=\"Compartir en Whatsapp\" href='https:\/\/api.whatsapp.com\/send?text=https:\/\/radiorevelacionfm.cl\/?p=59203' aria-hidden='false' data-av_icon='\uf232' data-av_iconfont='entypo-fontello' title='' data-avia-related-tooltip='Compartir en Whatsapp' rel=\"noopener\"><span class='avia_hidden_link_text'>Compartir en Whatsapp<\/span><\/a><\/li><li class='av-share-link av-social-link-linkedin' ><a target=\"_blank\" aria-label=\"Compartir en LinkedIn\" href='https:\/\/linkedin.com\/shareArticle?mini=true&#038;title=Columna%20de%20Opini%C3%B3n%20%7C%20Planes%20de%20Fiestas%20Patrias%3A%20Lo%20m%C3%A1s%20importante%20es%20cuidarse&#038;url=https:\/\/radiorevelacionfm.cl\/?p=59203' aria-hidden='false' data-av_icon='\ue8fc' data-av_iconfont='entypo-fontello' title='' data-avia-related-tooltip='Compartir en LinkedIn' rel=\"noopener\"><span class='avia_hidden_link_text'>Compartir en LinkedIn<\/span><\/a><\/li><li class='av-share-link av-social-link-mail' ><a  aria-label=\"Compartir por correo\" href='mailto:?subject=Columna%20de%20Opini%C3%B3n%20%7C%20Planes%20de%20Fiestas%20Patrias%3A%20Lo%20m%C3%A1s%20importante%20es%20cuidarse&#038;body=https:\/\/radiorevelacionfm.cl\/?p=59203' aria-hidden='false' data-av_icon='\ue805' data-av_iconfont='entypo-fontello' title='' data-avia-related-tooltip='Compartir por correo'><span class='avia_hidden_link_text'>Compartir por correo<\/span><\/a><\/li><\/ul><\/div><\/div>\n<div  style='height:50px' class='hr hr-invisible   avia-builder-el-8  el_after_av_social_share  el_before_av_comments_list '><span class='hr-inner ' ><span class='hr-inner-style'><\/span><\/span><\/div>\n<div  class='av-buildercomment  av-blog-meta-html-info-disabled av-blog-meta-tag-disabled  '><\/div>\n","protected":false},"excerpt":{"rendered":"","protected":false},"author":1,"featured_media":59204,"comment_status":"closed","ping_status":"closed","sticky":false,"template":"","format":"standard","meta":{"footnotes":""},"categories":[50],"tags":[],"class_list":["post-59203","post","type-post","status-publish","format-standard","has-post-thumbnail","hentry","category-cartas-y-opinion"],"jetpack_featured_media_url":"https:\/\/radiorevelacionfm.cl\/wp-content\/uploads\/2025\/09\/Opinion_Senda-y-Segegob-1-1.jpeg","_links":{"self":[{"href":"https:\/\/radiorevelacionfm.cl\/index.php?rest_route=\/wp\/v2\/posts\/59203","targetHints":{"allow":["GET"]}}],"collection":[{"href":"https:\/\/radiorevelacionfm.cl\/index.php?rest_route=\/wp\/v2\/posts"}],"about":[{"href":"https:\/\/radiorevelacionfm.cl\/index.php?rest_route=\/wp\/v2\/types\/post"}],"author":[{"embeddable":true,"href":"https:\/\/radiorevelacionfm.cl\/index.php?rest_route=\/wp\/v2\/users\/1"}],"replies":[{"embeddable":true,"href":"https:\/\/radiorevelacionfm.cl\/index.php?rest_route=%2Fwp%2Fv2%2Fcomments&post=59203"}],"version-history":[{"count":3,"href":"https:\/\/radiorevelacionfm.cl\/index.php?rest_route=\/wp\/v2\/posts\/59203\/revisions"}],"predecessor-version":[{"id":59275,"href":"https:\/\/radiorevelacionfm.cl\/index.php?rest_route=\/wp\/v2\/posts\/59203\/revisions\/59275"}],"wp:featuredmedia":[{"embeddable":true,"href":"https:\/\/radiorevelacionfm.cl\/index.php?rest_route=\/wp\/v2\/media\/59204"}],"wp:attachment":[{"href":"https:\/\/radiorevelacionfm.cl\/index.php?rest_route=%2Fwp%2Fv2%2Fmedia&parent=59203"}],"wp:term":[{"taxonomy":"category","embeddable":true,"href":"https:\/\/radiorevelacionfm.cl\/index.php?rest_route=%2Fwp%2Fv2%2Fcategories&post=59203"},{"taxonomy":"post_tag","embeddable":true,"href":"https:\/\/radiorevelacionfm.cl\/index.php?rest_route=%2Fwp%2Fv2%2Ftags&post=59203"}],"curies":[{"name":"wp","href":"https:\/\/api.w.org\/{rel}","templated":true}]}}