{"id":59199,"date":"2025-09-14T18:48:51","date_gmt":"2025-09-14T21:48:51","guid":{"rendered":"https:\/\/radiorevelacionfm.cl\/?p=59199"},"modified":"2025-09-14T18:48:51","modified_gmt":"2025-09-14T21:48:51","slug":"carabineros-de-la-siat-coyhaique-enfatiza-en-la-prevencion-de-accidentes-fatales-en-fiestas-patrias","status":"publish","type":"post","link":"https:\/\/radiorevelacionfm.cl\/?p=59199","title":{"rendered":"Carabineros de la SIAT Coyhaique enfatiza en la prevenci\u00f3n de accidentes fatales en Fiestas Patrias"},"content":{"rendered":"<div class=\"flex_column av_one_full  flex_column_div av-zero-column-padding first  avia-builder-el-0  el_before_av_one_full  avia-builder-el-first  \" style='border-radius:0px; '><div  class='avia-image-container  av-styling-    avia-builder-el-1  avia-builder-el-no-sibling  avia-align-center '  itemprop=\"image\" itemscope=\"itemscope\" itemtype=\"https:\/\/schema.org\/ImageObject\"  ><div class='avia-image-container-inner'><div class='avia-image-overlay-wrap'><img decoding=\"async\" class='wp-image-59200 avia-img-lazy-loading-not-59200 avia_image' src=\"https:\/\/radiorevelacionfm.cl\/wp-content\/uploads\/2025\/09\/5b61b293-d784-4742-8a19-8c4e2a9dfd66-1-1-1.jpg\" alt='' title='5b61b293-d784-4742-8a19-8c4e2a9dfd66 (1) (1) (1)' height=\"600\" width=\"905\"  itemprop=\"thumbnailUrl\" srcset=\"https:\/\/radiorevelacionfm.cl\/wp-content\/uploads\/2025\/09\/5b61b293-d784-4742-8a19-8c4e2a9dfd66-1-1-1.jpg 905w, https:\/\/radiorevelacionfm.cl\/wp-content\/uploads\/2025\/09\/5b61b293-d784-4742-8a19-8c4e2a9dfd66-1-1-1-300x199.jpg 300w, https:\/\/radiorevelacionfm.cl\/wp-content\/uploads\/2025\/09\/5b61b293-d784-4742-8a19-8c4e2a9dfd66-1-1-1-768x509.jpg 768w, https:\/\/radiorevelacionfm.cl\/wp-content\/uploads\/2025\/09\/5b61b293-d784-4742-8a19-8c4e2a9dfd66-1-1-1-705x467.jpg 705w, https:\/\/radiorevelacionfm.cl\/wp-content\/uploads\/2025\/09\/5b61b293-d784-4742-8a19-8c4e2a9dfd66-1-1-1-450x298.jpg 450w, https:\/\/radiorevelacionfm.cl\/wp-content\/uploads\/2025\/09\/5b61b293-d784-4742-8a19-8c4e2a9dfd66-1-1-1-600x398.jpg 600w\" sizes=\"(max-width: 905px) 100vw, 905px\" \/><\/div><\/div><\/div><\/div><div class=\"flex_column av_one_full  flex_column_div av-zero-column-padding first  avia-builder-el-2  el_after_av_one_full  el_before_av_one_full  column-top-margin\" style='border-radius:0px; '><section class=\"av_textblock_section \"  itemscope=\"itemscope\" itemtype=\"https:\/\/schema.org\/BlogPosting\" itemprop=\"blogPost\" ><div class='avia_textblock  '   itemprop=\"text\" ><p style=\"text-align: center;\"><strong><span style=\"font-size: 18pt;\">Carabineros de la SIAT Coyhaique enfatiza en la prevenci\u00f3n de accidentes fatales en Fiestas Patrias\u00a0<\/span><\/strong><\/p>\n<div id=\"gtx-trans\" style=\"position: absolute; left: -50px; top: 4.31534px;\">\n<div class=\"gtx-trans-icon\"><\/div>\n<\/div>\n<\/div><\/section><\/div><div class=\"flex_column av_one_full  flex_column_div av-zero-column-padding first  avia-builder-el-4  el_after_av_one_full  el_before_av_hr  column-top-margin\" style='border-radius:0px; '><section class=\"av_textblock_section \"  itemscope=\"itemscope\" itemtype=\"https:\/\/schema.org\/BlogPosting\" itemprop=\"blogPost\" ><div class='avia_textblock  '   itemprop=\"text\" ><ul>\n<li dir=\"ltr\">\n<p dir=\"ltr\" style=\"text-align: justify;\" role=\"presentation\"><em>La Instituci\u00f3n redoblar\u00e1 servicios preventivos en las pr\u00f3ximas horas y recuerda incompatibilidad entre el consumo de drogas y alcohol con la conducci\u00f3n. Asimismo, record\u00f3 el uso de Sistemas de Retenci\u00f3n Infantil al momento de viajar con ni\u00f1os.<\/em><\/p>\n<\/li>\n<\/ul>\n<p dir=\"ltr\" style=\"text-align: justify;\">En v\u00edsperas de Fiestas Patrias, Carabineros de la regi\u00f3n de Ays\u00e9n ha intensificado sus medidas de prevenci\u00f3n y control vehicular con la finalidad de prevenir tragedias en las carreteras. A pesar de una tendencia positiva del \u00faltimo tiempo, la Instituci\u00f3n advirti\u00f3 sobre un preocupante aumento de la cifra de fallecidos en lo que va del a\u00f1o.<\/p>\n<p dir=\"ltr\" style=\"text-align: justify;\">Sobre lo anterior en el contexto de una fonda preventiva desarrollada en la Plaza de Armas de Coyhaique junto a la Of. MICC de la 1ra Comisar\u00eda de Coyhaique, el OS14 y la Oficina de Postulaciones, el Jefe de la Secci\u00f3n de Investigaci\u00f3n de Accidentes en el Tr\u00e1nsito (SIAT) de Carabineros, Capit\u00e1n Claudio Vera, se refiri\u00f3 a esta problem\u00e1tica e indic\u00f3 que \u00abhist\u00f3ricamente, en estas fechas muchos lugares del pa\u00eds registran un aumento de fallecidos. En la regi\u00f3n llevamos un par de a\u00f1os sin muertes en las Fiestas Patrias, y esperamos que este a\u00f1o se repita\u00bb, se\u00f1al\u00f3 el Oficial.<\/p>\n<p dir=\"ltr\" style=\"text-align: justify;\"><strong>Peligro en la conducci\u00f3n<\/strong><\/p>\n<p dir=\"ltr\" style=\"text-align: justify;\">Carabineros ha iniciado un despliegue operativo que potenciar\u00e1 los controles y fiscalizaciones en rutas clave. Seg\u00fan el Capit\u00e1n Vera, esta es una medida probada para reducir los siniestros.<\/p>\n<p dir=\"ltr\" style=\"text-align: justify;\">\u00abHacemos un llamado a las personas a no conducir con alcohol o drogas\u00bb, enfatiz\u00f3, destacando que el consumo de alcohol sigue siendo una causa importante de accidentes fatales.<\/p>\n<p dir=\"ltr\" style=\"text-align: justify;\">El principal motivo de preocupaci\u00f3n en la regi\u00f3n es la velocidad imprudente. \u00abEn esta regi\u00f3n la causa primordial de los fallecidos es la conducci\u00f3n a una velocidad no razonable ni prudente\u00bb, a\u00f1adi\u00f3 el Jefe de la SIAT.<\/p>\n<p dir=\"ltr\" style=\"text-align: justify;\"><strong>Cifras inquietantes<\/strong><\/p>\n<p dir=\"ltr\" style=\"text-align: justify;\">\u00a0Para Carabineros la principal alerta se centra en la cifra de v\u00edctimas fatales en lo que va transcurrido del 2025. \u00abEste a\u00f1o llevamos 11 fallecidos y el a\u00f1o pasado ten\u00edamos 12 en todo el a\u00f1o. Nos quedan pr\u00e1cticamente tres meses y medio y estamos a una cifra de equiparar los n\u00fameros del a\u00f1o pasado\u00bb, explic\u00f3 el Capit\u00e1n Vera, subrayando la urgencia de redoblar los esfuerzos en materias de prevenci\u00f3n.<\/p>\n<p dir=\"ltr\" style=\"text-align: justify;\">Para hacer frente a esta situaci\u00f3n, la SIAT de Carabineros ha dispuesto equipos potenciados que podr\u00e1n reaccionar de manera m\u00e1s r\u00e1pida y simult\u00e1nea en caso de ser necesario o ante alg\u00fan requerimiento.<\/p>\n<p dir=\"ltr\" style=\"text-align: justify;\"><strong>Uso de Sillas de Retenci\u00f3n Infantil<\/strong><\/p>\n<p dir=\"ltr\" style=\"text-align: justify;\">Otro punto cr\u00edtico detectado en los controles es la falta de uso del Sistema de Retenci\u00f3n Infantil (SRI) o silla de seguridad para menores. Sobre esto, el Capit\u00e1n Vera calific\u00f3 la situaci\u00f3n como una grave preocupaci\u00f3n. \u00abHemos visto que muchos conductores al trasladar menores no usan la silla de seguridad, lo que es no entender el peligro potencial que es trasladar un menor sin un Sistema de Retenci\u00f3n Infantil\u00bb, concluy\u00f3.<\/p>\n<p dir=\"ltr\" style=\"text-align: justify;\">Carabineros reiter\u00f3 que la prevenci\u00f3n, la fiscalizaci\u00f3n y la responsabilidad de cada conductor son claves para garantizar que estas Fiestas Patrias sean una celebraci\u00f3n segura para todos.<\/p>\n<div class=\"yj6qo\" style=\"text-align: justify;\"><\/div>\n<div class=\"adL\" style=\"text-align: justify;\"><\/div>\n<\/div><\/section><\/div><div  style='height:50px' class='hr hr-invisible   avia-builder-el-6  el_after_av_one_full  el_before_av_social_share '><span class='hr-inner ' ><span class='hr-inner-style'><\/span><\/span><\/div><\/p>\n<div  class='av-social-sharing-box  avia-builder-el-7  el_after_av_hr  el_before_av_hr  '><div class='av-share-box'><h5 class='av-share-link-description av-no-toc '>Compartir esta noticia<\/h5><ul class='av-share-box-list noLightbox'><li class='av-share-link av-social-link-facebook' ><a target=\"_blank\" aria-label=\"Compartir en Facebook\" href='https:\/\/www.facebook.com\/sharer.php?u=https:\/\/radiorevelacionfm.cl\/?p=59199&#038;t=Carabineros%20de%20la%20SIAT%20Coyhaique%20enfatiza%20en%20la%20prevenci%C3%B3n%20de%20accidentes%20fatales%20en%20Fiestas%20Patrias' aria-hidden='false' data-av_icon='\ue8f3' data-av_iconfont='entypo-fontello' title='' data-avia-related-tooltip='Compartir en Facebook' rel=\"noopener\"><span class='avia_hidden_link_text'>Compartir en Facebook<\/span><\/a><\/li><li class='av-share-link av-social-link-twitter' ><a target=\"_blank\" aria-label=\"Compartir en Twitter\" href='https:\/\/twitter.com\/share?text=Carabineros%20de%20la%20SIAT%20Coyhaique%20enfatiza%20en%20la%20prevenci%C3%B3n%20de%20accidentes%20fatales%20en%20Fiestas%20Patrias&#038;url=https:\/\/radiorevelacionfm.cl\/?p=59199' aria-hidden='false' data-av_icon='\ue8f1' data-av_iconfont='entypo-fontello' title='' data-avia-related-tooltip='Compartir en Twitter' rel=\"noopener\"><span class='avia_hidden_link_text'>Compartir en Twitter<\/span><\/a><\/li><li class='av-share-link av-social-link-whatsapp' ><a target=\"_blank\" aria-label=\"Compartir en Whatsapp\" href='https:\/\/api.whatsapp.com\/send?text=https:\/\/radiorevelacionfm.cl\/?p=59199' aria-hidden='false' data-av_icon='\uf232' data-av_iconfont='entypo-fontello' title='' data-avia-related-tooltip='Compartir en Whatsapp' rel=\"noopener\"><span class='avia_hidden_link_text'>Compartir en Whatsapp<\/span><\/a><\/li><li class='av-share-link av-social-link-linkedin' ><a target=\"_blank\" aria-label=\"Compartir en LinkedIn\" href='https:\/\/linkedin.com\/shareArticle?mini=true&#038;title=Carabineros%20de%20la%20SIAT%20Coyhaique%20enfatiza%20en%20la%20prevenci%C3%B3n%20de%20accidentes%20fatales%20en%20Fiestas%20Patrias&#038;url=https:\/\/radiorevelacionfm.cl\/?p=59199' aria-hidden='false' data-av_icon='\ue8fc' data-av_iconfont='entypo-fontello' title='' data-avia-related-tooltip='Compartir en LinkedIn' rel=\"noopener\"><span class='avia_hidden_link_text'>Compartir en LinkedIn<\/span><\/a><\/li><li class='av-share-link av-social-link-mail' ><a  aria-label=\"Compartir por correo\" href='mailto:?subject=Carabineros%20de%20la%20SIAT%20Coyhaique%20enfatiza%20en%20la%20prevenci%C3%B3n%20de%20accidentes%20fatales%20en%20Fiestas%20Patrias&#038;body=https:\/\/radiorevelacionfm.cl\/?p=59199' aria-hidden='false' data-av_icon='\ue805' data-av_iconfont='entypo-fontello' title='' data-avia-related-tooltip='Compartir por correo'><span class='avia_hidden_link_text'>Compartir por correo<\/span><\/a><\/li><\/ul><\/div><\/div>\n<div  style='height:50px' class='hr hr-invisible   avia-builder-el-8  el_after_av_social_share  el_before_av_comments_list '><span class='hr-inner ' ><span class='hr-inner-style'><\/span><\/span><\/div>\n<div  class='av-buildercomment  av-blog-meta-html-info-disabled av-blog-meta-tag-disabled  '><\/div>\n","protected":false},"excerpt":{"rendered":"","protected":false},"author":1,"featured_media":59200,"comment_status":"closed","ping_status":"closed","sticky":false,"template":"","format":"standard","meta":{"footnotes":""},"categories":[36],"tags":[],"class_list":["post-59199","post","type-post","status-publish","format-standard","has-post-thumbnail","hentry","category-policial"],"jetpack_featured_media_url":"https:\/\/radiorevelacionfm.cl\/wp-content\/uploads\/2025\/09\/5b61b293-d784-4742-8a19-8c4e2a9dfd66-1-1-1.jpg","_links":{"self":[{"href":"https:\/\/radiorevelacionfm.cl\/index.php?rest_route=\/wp\/v2\/posts\/59199","targetHints":{"allow":["GET"]}}],"collection":[{"href":"https:\/\/radiorevelacionfm.cl\/index.php?rest_route=\/wp\/v2\/posts"}],"about":[{"href":"https:\/\/radiorevelacionfm.cl\/index.php?rest_route=\/wp\/v2\/types\/post"}],"author":[{"embeddable":true,"href":"https:\/\/radiorevelacionfm.cl\/index.php?rest_route=\/wp\/v2\/users\/1"}],"replies":[{"embeddable":true,"href":"https:\/\/radiorevelacionfm.cl\/index.php?rest_route=%2Fwp%2Fv2%2Fcomments&post=59199"}],"version-history":[{"count":2,"href":"https:\/\/radiorevelacionfm.cl\/index.php?rest_route=\/wp\/v2\/posts\/59199\/revisions"}],"predecessor-version":[{"id":59202,"href":"https:\/\/radiorevelacionfm.cl\/index.php?rest_route=\/wp\/v2\/posts\/59199\/revisions\/59202"}],"wp:featuredmedia":[{"embeddable":true,"href":"https:\/\/radiorevelacionfm.cl\/index.php?rest_route=\/wp\/v2\/media\/59200"}],"wp:attachment":[{"href":"https:\/\/radiorevelacionfm.cl\/index.php?rest_route=%2Fwp%2Fv2%2Fmedia&parent=59199"}],"wp:term":[{"taxonomy":"category","embeddable":true,"href":"https:\/\/radiorevelacionfm.cl\/index.php?rest_route=%2Fwp%2Fv2%2Fcategories&post=59199"},{"taxonomy":"post_tag","embeddable":true,"href":"https:\/\/radiorevelacionfm.cl\/index.php?rest_route=%2Fwp%2Fv2%2Ftags&post=59199"}],"curies":[{"name":"wp","href":"https:\/\/api.w.org\/{rel}","templated":true}]}}