{"id":59186,"date":"2025-09-14T15:19:57","date_gmt":"2025-09-14T18:19:57","guid":{"rendered":"https:\/\/radiorevelacionfm.cl\/?p=59186"},"modified":"2025-09-14T15:19:57","modified_gmt":"2025-09-14T18:19:57","slug":"autoridades-laborales-instan-a-respetar-el-feriado-obligatorio-e-irrenunciable-del-comercio-durante-este-18-y-19-de-septiembre","status":"publish","type":"post","link":"https:\/\/radiorevelacionfm.cl\/?p=59186","title":{"rendered":"Autoridades laborales instan a respetar el feriado obligatorio e irrenunciable del comercio durante este 18 y 19 de septiembre"},"content":{"rendered":"<div class=\"flex_column av_one_full  flex_column_div av-zero-column-padding first  avia-builder-el-0  el_before_av_one_full  avia-builder-el-first  \" style='border-radius:0px; '><div  class='avia-image-container  av-styling-    avia-builder-el-1  avia-builder-el-no-sibling  avia-align-center '  itemprop=\"image\" itemscope=\"itemscope\" itemtype=\"https:\/\/schema.org\/ImageObject\"  ><div class='avia-image-container-inner'><div class='avia-image-overlay-wrap'><img decoding=\"async\" class='wp-image-59187 avia-img-lazy-loading-not-59187 avia_image' src=\"https:\/\/radiorevelacionfm.cl\/wp-content\/uploads\/2025\/09\/18y19feriadocomercio-3-1_optimized.jpeg\" alt='' title='18y19feriadocomercio-(3)-(1)_optimized' height=\"600\" width=\"800\"  itemprop=\"thumbnailUrl\" srcset=\"https:\/\/radiorevelacionfm.cl\/wp-content\/uploads\/2025\/09\/18y19feriadocomercio-3-1_optimized.jpeg 800w, https:\/\/radiorevelacionfm.cl\/wp-content\/uploads\/2025\/09\/18y19feriadocomercio-3-1_optimized-300x225.jpeg 300w, https:\/\/radiorevelacionfm.cl\/wp-content\/uploads\/2025\/09\/18y19feriadocomercio-3-1_optimized-768x576.jpeg 768w, https:\/\/radiorevelacionfm.cl\/wp-content\/uploads\/2025\/09\/18y19feriadocomercio-3-1_optimized-705x529.jpeg 705w, https:\/\/radiorevelacionfm.cl\/wp-content\/uploads\/2025\/09\/18y19feriadocomercio-3-1_optimized-450x338.jpeg 450w, https:\/\/radiorevelacionfm.cl\/wp-content\/uploads\/2025\/09\/18y19feriadocomercio-3-1_optimized-600x450.jpeg 600w\" sizes=\"(max-width: 800px) 100vw, 800px\" \/><\/div><\/div><\/div><\/div><div class=\"flex_column av_one_full  flex_column_div av-zero-column-padding first  avia-builder-el-2  el_after_av_one_full  el_before_av_one_full  column-top-margin\" style='border-radius:0px; '><section class=\"av_textblock_section \"  itemscope=\"itemscope\" itemtype=\"https:\/\/schema.org\/BlogPosting\" itemprop=\"blogPost\" ><div class='avia_textblock  '   itemprop=\"text\" ><p style=\"text-align: center;\"><span style=\"font-size: 18pt;\"><b>Autoridades laborales instan a respetar el feriado obligatorio e irrenunciable del comercio durante este 18 y 19 de septiembre<\/b><\/span><\/p>\n<div id=\"gtx-trans\" style=\"position: absolute; left: -50px; top: 4.31534px;\">\n<div class=\"gtx-trans-icon\"><\/div>\n<\/div>\n<\/div><\/section><\/div><div class=\"flex_column av_one_full  flex_column_div av-zero-column-padding first  avia-builder-el-4  el_after_av_one_full  el_before_av_hr  column-top-margin\" style='border-radius:0px; '><section class=\"av_textblock_section \"  itemscope=\"itemscope\" itemtype=\"https:\/\/schema.org\/BlogPosting\" itemprop=\"blogPost\" ><div class='avia_textblock  '   itemprop=\"text\" ><p style=\"font-weight: 400; text-align: justify;\"><em>Un llamado a cumplir con el feriado obligatorio e irrenunciable en el comercio durante el 18 y 19 de septiembre efectuaron las autoridades laborales.<\/em><\/p>\n<p style=\"font-weight: 400; text-align: justify;\">El director regional del Trabajo, Christian Aros, inst\u00f3 a que se respete plenamente el doble feriado obligatorio e irrenunciable para los trabajadores y trabajadoras del comercio durante este 18 y 19 de septiembre.<\/p>\n<p style=\"font-weight: 400; text-align: justify;\">Ambas fechas son dos de los cinco feriados con tales caracter\u00edsticas durante cada a\u00f1o.\u00a0 Los otros tres son el 1\u00b0 de enero, 1\u00b0 de mayo y 25 de diciembre.<\/p>\n<p style=\"font-weight: 400; text-align: justify;\">El Seremi del Trabajo y Previsi\u00f3n Social, Rodrigo D\u00edaz Cordaro, luego de un recorrido por locales de Coyhaique, explic\u00f3 sobre el feriado irrenunciable y obligatorio para las y los trabajadores del comercio, \u201cNos encontramos haciendo una campa\u00f1a de difusi\u00f3n en el comercio, record\u00e1ndole a los empleadores que este 18 y 19 es un feriado irrenunciable para el comercio. Por tal raz\u00f3n, los comercios que s\u00ed pueden abrir son solamente los que son atendidos por sus due\u00f1os. Adem\u00e1s, los trabajadores que trabajaron el a\u00f1o pasado no pueden trabajar este a\u00f1o, as\u00ed que hacemos el llamado como Seremi de Trabajo y Previsi\u00f3n Social con la Direcci\u00f3n del Trabajo para que los empleadores cumplan la normativa y no tengamos sancionados\u201d, afirm\u00f3.<\/p>\n<p style=\"font-weight: 400; text-align: justify;\">Sobre las excepciones, orientaci\u00f3n y denuncias, se refiri\u00f3 el director regional del Trabajo, Christian Aros Troncoso, \u201cPueden funcionar en este feriado irrenunciable locales donde se expenda comida, restaurante, pub, discoteca, etc. y no el comercio en general. Nosotros como Direcci\u00f3n del Trabajo vamos a estar fiscalizando en las cuatro oficinas de nuestra regi\u00f3n, en Coyhaique, Puerto Ays\u00e9n, Puerto Cisnes y en Chile Chico todas las denuncias que puedan efectuar trabajadores que se puedan afectados durante este feriado irrenunciable, pero tambi\u00e9n por programas, es decir, vamos a hacer algunos recorridos por las distintas ciudades. A los trabajadores o a alguna persona que sepa que se est\u00e1 infringiendo la ley, pueden hacer las denuncias al tel\u00e9fono 600 450 4000 o directamente en la p\u00e1gina de la Direcci\u00f3n del Trabajo\u00a0<a href=\"http:\/\/www.dt.gob.cl\/\" data-saferedirecturl=\"https:\/\/www.google.com\/url?q=http:\/\/www.dt.gob.cl&amp;source=gmail&amp;ust=1757947482380000&amp;usg=AOvVaw3a5PCudAYof1TTPtQ6bcZx\">www.dt.gob.cl<\/a>\u201d, asever\u00f3.<\/p>\n<p style=\"font-weight: 400; text-align: justify;\">Con respecto a las personas que laboran en el comercio que est\u00e1n exceptuadas de este feriado, son los trabajadores y trabajadoras que se desempe\u00f1an en clubes, restaurantes, establecimientos de entretenimiento, tales como cines, espect\u00e1culos en vivo, discotecas, pub, cabarets, locales comerciales en los aer\u00f3dromos civiles p\u00fablicos y aeropuertos, casinos de juego y otros lugares de juego legalmente autorizados, farmacias de urgencias y de turno definidas por la autoridad, expendios combustibles y las llamadas \u201ctiendas de conveniencia\u201d adosadas a los servicentros si venden alimentos preparados all\u00ed mismo.<\/p>\n<p style=\"font-weight: 400; text-align: justify;\">Aquellos negocios donde no existen trabajadores dependientes, como las tradicionales tiendas de barrio, pueden abrir y atender normalmente, ya que son atendidos por sus propios due\u00f1os y\/o familiares directos.<\/p>\n<p style=\"font-weight: 400; text-align: justify;\">En caso de no cumplir con este doble feriado obligatorio e irrenunciable, se cursar\u00e1n multas por trabajador\/a, seg\u00fan el tama\u00f1o de la empresa y que van de:<\/p>\n<p style=\"font-weight: 400; text-align: justify;\">\u00d8\u00a0\u00a0Microempresa: 5 UTM ($346.325)<\/p>\n<p style=\"font-weight: 400; text-align: justify;\">\u00d8\u00a0\u00a0Peque\u00f1a empresa: 5 UTM ($346.325)<\/p>\n<p style=\"font-weight: 400; text-align: justify;\">\u00d8\u00a0\u00a0Mediana empresa: 10 UTM ($692.650)<\/p>\n<p style=\"font-weight: 400; text-align: justify;\">\u00d8\u00a0\u00a0Gran empresa: 20 UTM ($1.385.300)<\/p>\n<p style=\"font-weight: 400; text-align: justify;\">Nota: UTM en septiembre de 2025: 69.265 pesos.<\/p>\n<p style=\"font-weight: 400; text-align: justify;\">Aparte de la multa, los empleadores sorprendidos con trabajadores y trabajadoras laborando deber\u00e1n cesar sus turnos, hacerlos salir de los locales y bajar las cortinas.<\/p>\n<p style=\"font-weight: 400; text-align: justify;\">Durante la fiscalizaci\u00f3n, tambi\u00e9n se pondr\u00e1 especial atenci\u00f3n al descanso alternado cada dos a\u00f1os, es decir si a un trabajador o trabajadora le toc\u00f3 laborar el a\u00f1o pasado, este a\u00f1o debe descansar, y ser\u00e1 responsabilidad del empleador demostrar documentalmente que los trabajadores que est\u00e1n laborando en este a\u00f1o s\u00ed descansaron en estos mismos feriados en 2023.<\/p>\n<p style=\"font-weight: 400; text-align: justify;\">El feriado comienza a las 21:00 horas del d\u00eda 17 de septiembre y terminar\u00e1 a las 06:00 del 20, salvo los turnos rotativos, quienes podr\u00e1n trabajar hasta las 23:59 del 17, y podr\u00e1n ingresar a las 00:00 del 20.<\/p>\n<p style=\"font-weight: 400; text-align: justify;\">El director regional del Trabajo, Christian Aros, record\u00f3 que \u201cesta es una norma a favor de los trabajadores del comercio que ha tenido un alto \u00edndice de cumplimiento en los \u00faltimos a\u00f1os, el que esperamos se repita en esta ocasi\u00f3n\u201d.<\/p>\n<p style=\"font-weight: 400; text-align: justify;\">La DT fiscalizar\u00e1 tres materias: el feriado como tal, su inicio y t\u00e9rmino en los horarios se\u00f1alados m\u00e1s arriba y el descanso cada dos a\u00f1os para los trabajadores exceptuados de este feriado y que siguen trabajando para el mismo empleador.<\/p>\n<p style=\"font-weight: 400; text-align: justify;\">Los trabajadores podr\u00e1n hacer sus denuncias a trav\u00e9s de la p\u00e1gina web\u00a0<a href=\"http:\/\/www.dt.gob.cl\/\" data-saferedirecturl=\"https:\/\/www.google.com\/url?q=http:\/\/www.dt.gob.cl&amp;source=gmail&amp;ust=1757947482380000&amp;usg=AOvVaw3a5PCudAYof1TTPtQ6bcZx\">www.dt.gob.cl<\/a>\u00a0y las fiscalizaciones se realizar\u00e1n por denuncias y proactivas, entre las 09:00 y las 15:00 horas del 18 y 19 de septiembre.<\/p>\n<p style=\"font-weight: 400; text-align: justify;\">Finalmente, ante consultas reiteradas, cabe consignar que para las y los trabajadores que no pertenecen al comercio, el 18 y 19 de septiembre es feriado com\u00fan y debe cumplir la normativa de cualquier otro d\u00eda feriado.<\/p>\n<\/div><\/section><\/div><div  style='height:50px' class='hr hr-invisible   avia-builder-el-6  el_after_av_one_full  el_before_av_social_share '><span class='hr-inner ' ><span class='hr-inner-style'><\/span><\/span><\/div><\/p>\n<div  class='av-social-sharing-box  avia-builder-el-7  el_after_av_hr  el_before_av_hr  '><div class='av-share-box'><h5 class='av-share-link-description av-no-toc '>Compartir esta noticia<\/h5><ul class='av-share-box-list noLightbox'><li class='av-share-link av-social-link-facebook' ><a target=\"_blank\" aria-label=\"Compartir en Facebook\" href='https:\/\/www.facebook.com\/sharer.php?u=https:\/\/radiorevelacionfm.cl\/?p=59186&#038;t=Autoridades%20laborales%20instan%20a%20respetar%20el%20feriado%20obligatorio%20e%20irrenunciable%20del%20comercio%20durante%20este%2018%20y%2019%20de%20septiembre' aria-hidden='false' data-av_icon='\ue8f3' data-av_iconfont='entypo-fontello' title='' data-avia-related-tooltip='Compartir en Facebook' rel=\"noopener\"><span class='avia_hidden_link_text'>Compartir en Facebook<\/span><\/a><\/li><li class='av-share-link av-social-link-twitter' ><a target=\"_blank\" aria-label=\"Compartir en Twitter\" href='https:\/\/twitter.com\/share?text=Autoridades%20laborales%20instan%20a%20respetar%20el%20feriado%20obligatorio%20e%20irrenunciable%20del%20comercio%20durante%20este%2018%20y%2019%20de%20septiembre&#038;url=https:\/\/radiorevelacionfm.cl\/?p=59186' aria-hidden='false' data-av_icon='\ue8f1' data-av_iconfont='entypo-fontello' title='' data-avia-related-tooltip='Compartir en Twitter' rel=\"noopener\"><span class='avia_hidden_link_text'>Compartir en Twitter<\/span><\/a><\/li><li class='av-share-link av-social-link-whatsapp' ><a target=\"_blank\" aria-label=\"Compartir en Whatsapp\" href='https:\/\/api.whatsapp.com\/send?text=https:\/\/radiorevelacionfm.cl\/?p=59186' aria-hidden='false' data-av_icon='\uf232' data-av_iconfont='entypo-fontello' title='' data-avia-related-tooltip='Compartir en Whatsapp' rel=\"noopener\"><span class='avia_hidden_link_text'>Compartir en Whatsapp<\/span><\/a><\/li><li class='av-share-link av-social-link-linkedin' ><a target=\"_blank\" aria-label=\"Compartir en LinkedIn\" href='https:\/\/linkedin.com\/shareArticle?mini=true&#038;title=Autoridades%20laborales%20instan%20a%20respetar%20el%20feriado%20obligatorio%20e%20irrenunciable%20del%20comercio%20durante%20este%2018%20y%2019%20de%20septiembre&#038;url=https:\/\/radiorevelacionfm.cl\/?p=59186' aria-hidden='false' data-av_icon='\ue8fc' data-av_iconfont='entypo-fontello' title='' data-avia-related-tooltip='Compartir en LinkedIn' rel=\"noopener\"><span class='avia_hidden_link_text'>Compartir en LinkedIn<\/span><\/a><\/li><li class='av-share-link av-social-link-mail' ><a  aria-label=\"Compartir por correo\" href='mailto:?subject=Autoridades%20laborales%20instan%20a%20respetar%20el%20feriado%20obligatorio%20e%20irrenunciable%20del%20comercio%20durante%20este%2018%20y%2019%20de%20septiembre&#038;body=https:\/\/radiorevelacionfm.cl\/?p=59186' aria-hidden='false' data-av_icon='\ue805' data-av_iconfont='entypo-fontello' title='' data-avia-related-tooltip='Compartir por correo'><span class='avia_hidden_link_text'>Compartir por correo<\/span><\/a><\/li><\/ul><\/div><\/div>\n<div  style='height:50px' class='hr hr-invisible   avia-builder-el-8  el_after_av_social_share  el_before_av_comments_list '><span class='hr-inner ' ><span class='hr-inner-style'><\/span><\/span><\/div>\n<div  class='av-buildercomment  av-blog-meta-html-info-disabled av-blog-meta-tag-disabled  '><\/div>\n","protected":false},"excerpt":{"rendered":"","protected":false},"author":1,"featured_media":59187,"comment_status":"closed","ping_status":"closed","sticky":false,"template":"","format":"standard","meta":{"footnotes":""},"categories":[56],"tags":[],"class_list":["post-59186","post","type-post","status-publish","format-standard","has-post-thumbnail","hentry","category-trabajo"],"jetpack_featured_media_url":"https:\/\/radiorevelacionfm.cl\/wp-content\/uploads\/2025\/09\/18y19feriadocomercio-3-1_optimized.jpeg","_links":{"self":[{"href":"https:\/\/radiorevelacionfm.cl\/index.php?rest_route=\/wp\/v2\/posts\/59186","targetHints":{"allow":["GET"]}}],"collection":[{"href":"https:\/\/radiorevelacionfm.cl\/index.php?rest_route=\/wp\/v2\/posts"}],"about":[{"href":"https:\/\/radiorevelacionfm.cl\/index.php?rest_route=\/wp\/v2\/types\/post"}],"author":[{"embeddable":true,"href":"https:\/\/radiorevelacionfm.cl\/index.php?rest_route=\/wp\/v2\/users\/1"}],"replies":[{"embeddable":true,"href":"https:\/\/radiorevelacionfm.cl\/index.php?rest_route=%2Fwp%2Fv2%2Fcomments&post=59186"}],"version-history":[{"count":2,"href":"https:\/\/radiorevelacionfm.cl\/index.php?rest_route=\/wp\/v2\/posts\/59186\/revisions"}],"predecessor-version":[{"id":59190,"href":"https:\/\/radiorevelacionfm.cl\/index.php?rest_route=\/wp\/v2\/posts\/59186\/revisions\/59190"}],"wp:featuredmedia":[{"embeddable":true,"href":"https:\/\/radiorevelacionfm.cl\/index.php?rest_route=\/wp\/v2\/media\/59187"}],"wp:attachment":[{"href":"https:\/\/radiorevelacionfm.cl\/index.php?rest_route=%2Fwp%2Fv2%2Fmedia&parent=59186"}],"wp:term":[{"taxonomy":"category","embeddable":true,"href":"https:\/\/radiorevelacionfm.cl\/index.php?rest_route=%2Fwp%2Fv2%2Fcategories&post=59186"},{"taxonomy":"post_tag","embeddable":true,"href":"https:\/\/radiorevelacionfm.cl\/index.php?rest_route=%2Fwp%2Fv2%2Ftags&post=59186"}],"curies":[{"name":"wp","href":"https:\/\/api.w.org\/{rel}","templated":true}]}}