{"id":59183,"date":"2025-09-14T15:00:09","date_gmt":"2025-09-14T18:00:09","guid":{"rendered":"https:\/\/radiorevelacionfm.cl\/?p=59183"},"modified":"2025-09-14T15:00:09","modified_gmt":"2025-09-14T18:00:09","slug":"43-familias-de-puyuhuapi-celebran-entrega-de-terreno-para-iniciar-la-esperada-construccion-de-sus-casas","status":"publish","type":"post","link":"https:\/\/radiorevelacionfm.cl\/?p=59183","title":{"rendered":"43 familias de Puyuhuapi celebran entrega de terreno para iniciar la esperada construcci\u00f3n de sus casas"},"content":{"rendered":"<div class=\"flex_column av_one_full  flex_column_div av-zero-column-padding first  avia-builder-el-0  el_before_av_one_full  avia-builder-el-first  \" style='border-radius:0px; '><div  class='avia-image-container  av-styling-    avia-builder-el-1  avia-builder-el-no-sibling  avia-align-center '  itemprop=\"image\" itemscope=\"itemscope\" itemtype=\"https:\/\/schema.org\/ImageObject\"  ><div class='avia-image-container-inner'><div class='avia-image-overlay-wrap'><img decoding=\"async\" class='wp-image-59184 avia-img-lazy-loading-not-59184 avia_image' src=\"https:\/\/radiorevelacionfm.cl\/wp-content\/uploads\/2025\/09\/dirigentas-de-puyuhuapi-entregan-reconocimiento-a-la-seremi-de-vivienda-1_optimized.jpg\" alt='' title='dirigentas-de-puyuhuapi-entregan-reconocimiento-a-la-seremi-de-vivienda-(1)_optimized' height=\"600\" width=\"900\"  itemprop=\"thumbnailUrl\" srcset=\"https:\/\/radiorevelacionfm.cl\/wp-content\/uploads\/2025\/09\/dirigentas-de-puyuhuapi-entregan-reconocimiento-a-la-seremi-de-vivienda-1_optimized.jpg 900w, https:\/\/radiorevelacionfm.cl\/wp-content\/uploads\/2025\/09\/dirigentas-de-puyuhuapi-entregan-reconocimiento-a-la-seremi-de-vivienda-1_optimized-300x200.jpg 300w, https:\/\/radiorevelacionfm.cl\/wp-content\/uploads\/2025\/09\/dirigentas-de-puyuhuapi-entregan-reconocimiento-a-la-seremi-de-vivienda-1_optimized-768x512.jpg 768w, https:\/\/radiorevelacionfm.cl\/wp-content\/uploads\/2025\/09\/dirigentas-de-puyuhuapi-entregan-reconocimiento-a-la-seremi-de-vivienda-1_optimized-705x470.jpg 705w, https:\/\/radiorevelacionfm.cl\/wp-content\/uploads\/2025\/09\/dirigentas-de-puyuhuapi-entregan-reconocimiento-a-la-seremi-de-vivienda-1_optimized-450x300.jpg 450w, https:\/\/radiorevelacionfm.cl\/wp-content\/uploads\/2025\/09\/dirigentas-de-puyuhuapi-entregan-reconocimiento-a-la-seremi-de-vivienda-1_optimized-600x400.jpg 600w\" sizes=\"(max-width: 900px) 100vw, 900px\" \/><\/div><\/div><\/div><\/div><div class=\"flex_column av_one_full  flex_column_div av-zero-column-padding first  avia-builder-el-2  el_after_av_one_full  el_before_av_one_full  column-top-margin\" style='border-radius:0px; '><section class=\"av_textblock_section \"  itemscope=\"itemscope\" itemtype=\"https:\/\/schema.org\/BlogPosting\" itemprop=\"blogPost\" ><div class='avia_textblock  '   itemprop=\"text\" ><p style=\"text-align: center;\"><span style=\"font-size: 18pt;\"><strong>43 familias de Puyuhuapi celebran entrega de terreno para iniciar la esperada construcci\u00f3n de sus casas<\/strong><\/span><\/p>\n<div id=\"gtx-trans\" style=\"position: absolute; left: -50px; top: 4.31534px;\">\n<div class=\"gtx-trans-icon\"><\/div>\n<\/div>\n<\/div><\/section><\/div><div class=\"flex_column av_one_full  flex_column_div av-zero-column-padding first  avia-builder-el-4  el_after_av_one_full  el_before_av_hr  column-top-margin\" style='border-radius:0px; '><section class=\"av_textblock_section \"  itemscope=\"itemscope\" itemtype=\"https:\/\/schema.org\/BlogPosting\" itemprop=\"blogPost\" ><div class='avia_textblock  '   itemprop=\"text\" ><p style=\"text-align: justify;\">Una verdadera fiesta ciudadana se vivi\u00f3 el pasado viernes en el Gimnasio de Puerto Puyuhuapi. Hasta el recinto deportivo llegaron autoridades, dirigentes, vecinos y vecinas para celebrar el esperado inicio de obras para construir 43 viviendas para las familias integrantes de los comit\u00e9s \u201cPuyuhuapi Crece\u201d y Puyuhuapi 2, quienes trabajaron tenazmente y por varios a\u00f1os para lograr dicho objetivo.<\/p>\n<p style=\"text-align: justify;\">Se trata de familias que se empezaron a reunir en 2016 tras el sue\u00f1o de la casa propia y tras recorrer un camino no exento de dificultades lograron el apoyo del municipio y un terreno de parte del Serviu regional.\u00a0 Fue a fines del 2023 que recibieron sus certificados de subsidio, los que junto al ahorro de las familias se traducen en m\u00e1s de 4 mil millones de pesos que hicieron posible la contrataci\u00f3n de la empresa constructora Bellavista SPA, que ser\u00e1 la responsable de la construcci\u00f3n del nuevo barrio en un plazo de 294 d\u00edas corridos.<\/p>\n<p style=\"text-align: justify;\">Es en ese contexto que la Seremi de Vivienda, Paulina Ruz, calific\u00f3 el hito como muy importante, ya que hace nueve a\u00f1os que no exist\u00eda un conjunto habitacional nuevo en la localidad. \u201cEsto tambi\u00e9n viene en parte a saldar deudas con el litoral de la regi\u00f3n, que siempre ha sido un poco m\u00e1s rezagado en cuanto a las pol\u00edticas del Estado, y nosotros estamos llegando con pol\u00edtica p\u00fablica, como es el acceso a una vivienda de calidad, donde adem\u00e1s estas 43 viviendas ya nos permiten decir que van a ser 900 viviendas que est\u00e1n hoy en ejecuci\u00f3n en el marco del Plan de Emergencia Habitacional. Y si bien la meta est\u00e1 cumplida, no se trata de una cifra, sino de c\u00f3mo con recursos p\u00fablicos garantizamos el acceso a la vivienda a familias que lo necesitan, y tambi\u00e9n el haber asumido un compromiso con las dirigencias que hoy d\u00eda cumplimos. Creo que eso tambi\u00e9n es muy satisfactorio, porque llegamos el 2022 con una deuda pendiente que exist\u00eda como Estado, que la tomamos, es una deuda heredada, y que nos hicimos cargo, y el d\u00eda de hoy podemos dar cuenta de un inicio de obras para estas 43 familias\u201d, afirm\u00f3.<\/p>\n<p style=\"text-align: justify;\">En representaci\u00f3n de ambos comit\u00e9s, la dirigente Paola Romero, expres\u00f3 su satisfacci\u00f3n y agradecimiento por el apoyo recibido, lo que hoy les permite estar en las etapas finales del camino hacia su soluci\u00f3n habitacional.\u00a0 \u201cLlevamos un largo trayecto trabajando en este proyecto. Estamos muy felices, estamos muy agradecidos de la Seremi de Vivienda, como lo dije en la ceremonia. Ella desde el d\u00eda uno que asumi\u00f3 su cargo siempre ha estado presente, constante aqu\u00ed en terreno, conoci\u00e9ndonos cercanamente a los vecinos, a las problem\u00e1ticas, buscando soluciones. En alg\u00fan minuto nos faltaron recursos para partir, pero ya estamos en proceso de construcci\u00f3n y esto es un hito muy especial, porque en diez a\u00f1os no se construy\u00f3 una vivienda aqu\u00ed en Puyuhuapi. As\u00ed que de verdad muy agradecida y muy contenta\u201d, indic\u00f3.<\/p>\n<p style=\"text-align: justify;\">De igual forma, la presidenta del Comit\u00e9 \u201cPuyuhuapi Crece\u201d, Mar\u00eda del Pilar Bustamante, sostuvo que todos los esfuerzos y las dificultades finalmente han rendido sus frutos. \u201cMuy contenta, hemos esperado varios a\u00f1os para esto, as\u00ed que ahora estamos felices. Falta la nada misma para que ya la gente y nuestra agrupaci\u00f3n tenga su casita propia. El proceso en realidad ha sido bastante largo, nosotros llevamos harto tiempo con el comit\u00e9, pero gracias a Dios hemos tenido harta ayuda, y si bien al comienzo \u00edbamos muy lento, despu\u00e9s con la ayuda del Serviu y de la municipalidad avanzamos bastante, hasta llegar hoy al inicio de las obras\u201d, manifest\u00f3.<\/p>\n<p style=\"text-align: justify;\">Finalmente, el Delegado Presidencial Provincial de Ays\u00e9n, Rodrigo Moreno, felicit\u00f3 a las familias indicando que momentos como el vivido llenan el coraz\u00f3n, porque el sue\u00f1o de todo chileno es obtener su casa propia. \u201cAs\u00ed que felices como Gobierno de poder estar cumpliendo las metas, agradecer al Seremi de Vivienda, quien ha podido lograr las metas que nos ha propuesto y que nos ha dicho que tenemos que cumplir nuestro presidente Gabriel Boric. As\u00ed que hoy felices de estar, para m\u00ed en especial, porque este fue uno de los primeros comit\u00e9s que visit\u00e9 desde que asum\u00ed en el cargo, y hoy d\u00eda ya estamos haciendo la entrega de terreno, as\u00ed que esperar que pasen pronto estos diez meses para que por fin puedan cumplir el sue\u00f1o anhelado de su casa propia\u201d, puntualiz\u00f3.<\/p>\n<p style=\"text-align: justify;\">La ceremonia cerr\u00f3 con la firma de las actas a trav\u00e9s de las cuales el Serviu regi\u00f3n de Ays\u00e9n hizo entrega oficial del terreno a la empresa Bellavista SPA, tramite necesario para iniciar la construcci\u00f3n de las 43 viviendas que estar\u00e1n ubicadas en la salida norte de la localidad y las cuales deber\u00edan estar terminadas a comienzos del mes de julio del pr\u00f3ximo a\u00f1o.<\/p>\n<\/div><\/section><\/div><div  style='height:50px' class='hr hr-invisible   avia-builder-el-6  el_after_av_one_full  el_before_av_social_share '><span class='hr-inner ' ><span class='hr-inner-style'><\/span><\/span><\/div><\/p>\n<div  class='av-social-sharing-box  avia-builder-el-7  el_after_av_hr  el_before_av_hr  '><div class='av-share-box'><h5 class='av-share-link-description av-no-toc '>Compartir esta noticia<\/h5><ul class='av-share-box-list noLightbox'><li class='av-share-link av-social-link-facebook' ><a target=\"_blank\" aria-label=\"Compartir en Facebook\" href='https:\/\/www.facebook.com\/sharer.php?u=https:\/\/radiorevelacionfm.cl\/?p=59183&#038;t=43%20familias%20de%20Puyuhuapi%20celebran%20entrega%20de%20terreno%20para%20iniciar%20la%20esperada%20construcci%C3%B3n%20de%20sus%20casas' aria-hidden='false' data-av_icon='\ue8f3' data-av_iconfont='entypo-fontello' title='' data-avia-related-tooltip='Compartir en Facebook' rel=\"noopener\"><span class='avia_hidden_link_text'>Compartir en Facebook<\/span><\/a><\/li><li class='av-share-link av-social-link-twitter' ><a target=\"_blank\" aria-label=\"Compartir en Twitter\" href='https:\/\/twitter.com\/share?text=43%20familias%20de%20Puyuhuapi%20celebran%20entrega%20de%20terreno%20para%20iniciar%20la%20esperada%20construcci%C3%B3n%20de%20sus%20casas&#038;url=https:\/\/radiorevelacionfm.cl\/?p=59183' aria-hidden='false' data-av_icon='\ue8f1' data-av_iconfont='entypo-fontello' title='' data-avia-related-tooltip='Compartir en Twitter' rel=\"noopener\"><span class='avia_hidden_link_text'>Compartir en Twitter<\/span><\/a><\/li><li class='av-share-link av-social-link-whatsapp' ><a target=\"_blank\" aria-label=\"Compartir en Whatsapp\" href='https:\/\/api.whatsapp.com\/send?text=https:\/\/radiorevelacionfm.cl\/?p=59183' aria-hidden='false' data-av_icon='\uf232' data-av_iconfont='entypo-fontello' title='' data-avia-related-tooltip='Compartir en Whatsapp' rel=\"noopener\"><span class='avia_hidden_link_text'>Compartir en Whatsapp<\/span><\/a><\/li><li class='av-share-link av-social-link-linkedin' ><a target=\"_blank\" aria-label=\"Compartir en LinkedIn\" href='https:\/\/linkedin.com\/shareArticle?mini=true&#038;title=43%20familias%20de%20Puyuhuapi%20celebran%20entrega%20de%20terreno%20para%20iniciar%20la%20esperada%20construcci%C3%B3n%20de%20sus%20casas&#038;url=https:\/\/radiorevelacionfm.cl\/?p=59183' aria-hidden='false' data-av_icon='\ue8fc' data-av_iconfont='entypo-fontello' title='' data-avia-related-tooltip='Compartir en LinkedIn' rel=\"noopener\"><span class='avia_hidden_link_text'>Compartir en LinkedIn<\/span><\/a><\/li><li class='av-share-link av-social-link-mail' ><a  aria-label=\"Compartir por correo\" href='mailto:?subject=43%20familias%20de%20Puyuhuapi%20celebran%20entrega%20de%20terreno%20para%20iniciar%20la%20esperada%20construcci%C3%B3n%20de%20sus%20casas&#038;body=https:\/\/radiorevelacionfm.cl\/?p=59183' aria-hidden='false' data-av_icon='\ue805' data-av_iconfont='entypo-fontello' title='' data-avia-related-tooltip='Compartir por correo'><span class='avia_hidden_link_text'>Compartir por correo<\/span><\/a><\/li><\/ul><\/div><\/div>\n<div  style='height:50px' class='hr hr-invisible   avia-builder-el-8  el_after_av_social_share  el_before_av_comments_list '><span class='hr-inner ' ><span class='hr-inner-style'><\/span><\/span><\/div>\n<div  class='av-buildercomment  av-blog-meta-html-info-disabled av-blog-meta-tag-disabled  '><\/div>\n","protected":false},"excerpt":{"rendered":"","protected":false},"author":1,"featured_media":59184,"comment_status":"closed","ping_status":"closed","sticky":false,"template":"","format":"standard","meta":{"footnotes":""},"categories":[57],"tags":[],"class_list":["post-59183","post","type-post","status-publish","format-standard","has-post-thumbnail","hentry","category-vivienda"],"jetpack_featured_media_url":"https:\/\/radiorevelacionfm.cl\/wp-content\/uploads\/2025\/09\/dirigentas-de-puyuhuapi-entregan-reconocimiento-a-la-seremi-de-vivienda-1_optimized.jpg","_links":{"self":[{"href":"https:\/\/radiorevelacionfm.cl\/index.php?rest_route=\/wp\/v2\/posts\/59183","targetHints":{"allow":["GET"]}}],"collection":[{"href":"https:\/\/radiorevelacionfm.cl\/index.php?rest_route=\/wp\/v2\/posts"}],"about":[{"href":"https:\/\/radiorevelacionfm.cl\/index.php?rest_route=\/wp\/v2\/types\/post"}],"author":[{"embeddable":true,"href":"https:\/\/radiorevelacionfm.cl\/index.php?rest_route=\/wp\/v2\/users\/1"}],"replies":[{"embeddable":true,"href":"https:\/\/radiorevelacionfm.cl\/index.php?rest_route=%2Fwp%2Fv2%2Fcomments&post=59183"}],"version-history":[{"count":2,"href":"https:\/\/radiorevelacionfm.cl\/index.php?rest_route=\/wp\/v2\/posts\/59183\/revisions"}],"predecessor-version":[{"id":59189,"href":"https:\/\/radiorevelacionfm.cl\/index.php?rest_route=\/wp\/v2\/posts\/59183\/revisions\/59189"}],"wp:featuredmedia":[{"embeddable":true,"href":"https:\/\/radiorevelacionfm.cl\/index.php?rest_route=\/wp\/v2\/media\/59184"}],"wp:attachment":[{"href":"https:\/\/radiorevelacionfm.cl\/index.php?rest_route=%2Fwp%2Fv2%2Fmedia&parent=59183"}],"wp:term":[{"taxonomy":"category","embeddable":true,"href":"https:\/\/radiorevelacionfm.cl\/index.php?rest_route=%2Fwp%2Fv2%2Fcategories&post=59183"},{"taxonomy":"post_tag","embeddable":true,"href":"https:\/\/radiorevelacionfm.cl\/index.php?rest_route=%2Fwp%2Fv2%2Ftags&post=59183"}],"curies":[{"name":"wp","href":"https:\/\/api.w.org\/{rel}","templated":true}]}}