{"id":59178,"date":"2025-09-14T12:23:21","date_gmt":"2025-09-14T15:23:21","guid":{"rendered":"https:\/\/radiorevelacionfm.cl\/?p=59178"},"modified":"2025-09-14T12:23:21","modified_gmt":"2025-09-14T15:23:21","slug":"indap-aysen-abre-concurso-especial-de-forraje-para-productores-ganaderos-afectados-por-la-cuncunilla-negra","status":"publish","type":"post","link":"https:\/\/radiorevelacionfm.cl\/?p=59178","title":{"rendered":"Indap Ays\u00e9n abre concurso especial de forraje para productores ganaderos afectados por la cuncunilla negra"},"content":{"rendered":"<div class=\"flex_column av_one_full  flex_column_div av-zero-column-padding first  avia-builder-el-0  el_before_av_one_full  avia-builder-el-first  \" style='border-radius:0px; '><div  class='avia-image-container  av-styling-    avia-builder-el-1  avia-builder-el-no-sibling  avia-align-center '  itemprop=\"image\" itemscope=\"itemscope\" itemtype=\"https:\/\/schema.org\/ImageObject\"  ><div class='avia-image-container-inner'><div class='avia-image-overlay-wrap'><img decoding=\"async\" class='wp-image-59179 avia-img-lazy-loading-not-59179 avia_image' src=\"https:\/\/radiorevelacionfm.cl\/wp-content\/uploads\/2025\/09\/forrajes-1080x675-1_optimized-1_optimized-1.jpg\" alt='' title='forrajes-1080x675-(1)_optimized-(1)_optimized (1)' height=\"600\" width=\"960\"  itemprop=\"thumbnailUrl\" srcset=\"https:\/\/radiorevelacionfm.cl\/wp-content\/uploads\/2025\/09\/forrajes-1080x675-1_optimized-1_optimized-1.jpg 960w, https:\/\/radiorevelacionfm.cl\/wp-content\/uploads\/2025\/09\/forrajes-1080x675-1_optimized-1_optimized-1-300x188.jpg 300w, https:\/\/radiorevelacionfm.cl\/wp-content\/uploads\/2025\/09\/forrajes-1080x675-1_optimized-1_optimized-1-768x480.jpg 768w, https:\/\/radiorevelacionfm.cl\/wp-content\/uploads\/2025\/09\/forrajes-1080x675-1_optimized-1_optimized-1-705x441.jpg 705w, https:\/\/radiorevelacionfm.cl\/wp-content\/uploads\/2025\/09\/forrajes-1080x675-1_optimized-1_optimized-1-450x281.jpg 450w, https:\/\/radiorevelacionfm.cl\/wp-content\/uploads\/2025\/09\/forrajes-1080x675-1_optimized-1_optimized-1-600x375.jpg 600w\" sizes=\"(max-width: 960px) 100vw, 960px\" \/><\/div><\/div><\/div><\/div><div class=\"flex_column av_one_full  flex_column_div av-zero-column-padding first  avia-builder-el-2  el_after_av_one_full  el_before_av_one_full  column-top-margin\" style='border-radius:0px; '><section class=\"av_textblock_section \"  itemscope=\"itemscope\" itemtype=\"https:\/\/schema.org\/BlogPosting\" itemprop=\"blogPost\" ><div class='avia_textblock  '   itemprop=\"text\" ><p style=\"text-align: center;\"><strong><span style=\"font-size: 18pt;\">Indap Ays\u00e9n abre concurso especial de forraje para productores ganaderos afectados por la cuncunilla negra<\/span><\/strong><\/p>\n<div id=\"gtx-trans\" style=\"position: absolute; left: -50px; top: 4.31534px;\">\n<div class=\"gtx-trans-icon\"><\/div>\n<\/div>\n<\/div><\/section><\/div><div class=\"flex_column av_one_full  flex_column_div av-zero-column-padding first  avia-builder-el-4  el_after_av_one_full  el_before_av_hr  column-top-margin\" style='border-radius:0px; '><section class=\"av_textblock_section \"  itemscope=\"itemscope\" itemtype=\"https:\/\/schema.org\/BlogPosting\" itemprop=\"blogPost\" ><div class='avia_textblock  '   itemprop=\"text\" ><p style=\"text-align: justify;\">En respuesta a los efectos adversos sobre la productividad de las praderas, que la plaga de cuncunilla negra ha generado, INDAP Ays\u00e9n del Ministerio de Agricultura abri\u00f3 un llamado especial del Programa de Desarrollo de Inversiones (PDI) para apoyar a productores y productoras ganaderos. Esta medida busca dar soporte a la alimentaci\u00f3n del ganado ovino, caprino y bovino, en aquellos sectores m\u00e1s afectados por esta plaga end\u00e9mica.<\/p>\n<p style=\"text-align: justify;\">La directora regional de INDAP, Yessica Lagos C\u00e1rdenas, se\u00f1al\u00f3 que \u201ceste concurso es un esfuerzo focalizado para acompa\u00f1ar a nuestros usuarios y usuarias ganaderas en un momento complejo. Sabemos que la plaga ha reducido la productividad de las praderas y, con este apoyo, queremos contribuir a que las familias campesinas cuenten con forraje para sostener su producci\u00f3n y cuidar el bienestar de sus animales\u201d.<\/p>\n<p style=\"text-align: justify;\">El concurso considera un monto m\u00e1ximo de incentivo de hasta el 90% del valor bruto de la inversi\u00f3n con un tope m\u00e1ximo de $400.000, dependiendo de la cantidad de animales que tenga el productor o productora. Este monto est\u00e1 destinado a la compra de alimentaci\u00f3n para el ganado como forraje, concentrado u otros t\u00e9cnicamente justificados. Se focalizar\u00e1 el concurso en aquellos productores con mayor afectaci\u00f3n de la plaga, como por ejemplo, los sectores de la Zona H\u00fameda (Valle Lagunas, Los Torreones, entre otros) debido al grado de afectaci\u00f3n.<\/p>\n<p style=\"text-align: justify;\">Camila Reyes, directora regional de INIA, indic\u00f3 respecto a los aspectos m\u00e1s t\u00e9cnicos de este fen\u00f3meno en los campos que debemos ser previsores al respecto: \u201cdada las caracter\u00edstica de la cuncunilla negra, especie end\u00e9mica del cono sur de am\u00e9rica, estas explosiones o quiebres poblacionales de la plaga, que se han manifestado aleatoriamente en diferentes sectores de la regi\u00f3n durante las \u00faltimas seis temporadas, se van a continuar repitiendo en el futuro. Probablemente los cambios en las condiciones clim\u00e1ticas han llegado a tal punto, que ahora la plaga encuentra mejores condiciones para desarrollarse y generar altas poblaciones, que sobrepasan los umbrales de da\u00f1o. Por lo anterior, debemos prepararnos como regi\u00f3n para hacerle frente a esta plaga, desde aqu\u00ed y hacia el futuro\u201d.<\/p>\n<p style=\"text-align: justify;\">El calendario del llamado establece que las postulaciones estar\u00e1n abiertas entre el 8 y el 24 de septiembre de 2025, con cierre definitivo el 1 de octubre a las 13:00 horas. Los resultados preliminares se publicar\u00e1n el 8 de octubre, las reconsideraciones podr\u00e1n presentarse hasta el 15 de octubre y los resultados finales se dar\u00e1n a conocer el 17 de octubre de 2025.<\/p>\n<p style=\"text-align: justify;\">Con esta medida, INDAP Ays\u00e9n reafirma su compromiso de apoyar y responder ante emergencias productivas, priorizando el uso de recursos p\u00fablicos all\u00ed donde el impacto de la plaga ha sido mayor y asegurando que las familias ganaderas puedan enfrentar la temporada con m\u00e1s seguridad y acompa\u00f1amiento t\u00e9cnico.<\/p>\n<\/div><\/section><\/div><div  style='height:50px' class='hr hr-invisible   avia-builder-el-6  el_after_av_one_full  el_before_av_social_share '><span class='hr-inner ' ><span class='hr-inner-style'><\/span><\/span><\/div><\/p>\n<div  class='av-social-sharing-box  avia-builder-el-7  el_after_av_hr  el_before_av_hr  '><div class='av-share-box'><h5 class='av-share-link-description av-no-toc '>Compartir esta noticia<\/h5><ul class='av-share-box-list noLightbox'><li class='av-share-link av-social-link-facebook' ><a target=\"_blank\" aria-label=\"Compartir en Facebook\" href='https:\/\/www.facebook.com\/sharer.php?u=https:\/\/radiorevelacionfm.cl\/?p=59178&#038;t=Indap%20Ays%C3%A9n%20abre%20concurso%20especial%20de%20forraje%20para%20productores%20ganaderos%20afectados%20por%20la%20cuncunilla%20negra' aria-hidden='false' data-av_icon='\ue8f3' data-av_iconfont='entypo-fontello' title='' data-avia-related-tooltip='Compartir en Facebook' rel=\"noopener\"><span class='avia_hidden_link_text'>Compartir en Facebook<\/span><\/a><\/li><li class='av-share-link av-social-link-twitter' ><a target=\"_blank\" aria-label=\"Compartir en Twitter\" href='https:\/\/twitter.com\/share?text=Indap%20Ays%C3%A9n%20abre%20concurso%20especial%20de%20forraje%20para%20productores%20ganaderos%20afectados%20por%20la%20cuncunilla%20negra&#038;url=https:\/\/radiorevelacionfm.cl\/?p=59178' aria-hidden='false' data-av_icon='\ue8f1' data-av_iconfont='entypo-fontello' title='' data-avia-related-tooltip='Compartir en Twitter' rel=\"noopener\"><span class='avia_hidden_link_text'>Compartir en Twitter<\/span><\/a><\/li><li class='av-share-link av-social-link-whatsapp' ><a target=\"_blank\" aria-label=\"Compartir en Whatsapp\" href='https:\/\/api.whatsapp.com\/send?text=https:\/\/radiorevelacionfm.cl\/?p=59178' aria-hidden='false' data-av_icon='\uf232' data-av_iconfont='entypo-fontello' title='' data-avia-related-tooltip='Compartir en Whatsapp' rel=\"noopener\"><span class='avia_hidden_link_text'>Compartir en Whatsapp<\/span><\/a><\/li><li class='av-share-link av-social-link-linkedin' ><a target=\"_blank\" aria-label=\"Compartir en LinkedIn\" href='https:\/\/linkedin.com\/shareArticle?mini=true&#038;title=Indap%20Ays%C3%A9n%20abre%20concurso%20especial%20de%20forraje%20para%20productores%20ganaderos%20afectados%20por%20la%20cuncunilla%20negra&#038;url=https:\/\/radiorevelacionfm.cl\/?p=59178' aria-hidden='false' data-av_icon='\ue8fc' data-av_iconfont='entypo-fontello' title='' data-avia-related-tooltip='Compartir en LinkedIn' rel=\"noopener\"><span class='avia_hidden_link_text'>Compartir en LinkedIn<\/span><\/a><\/li><li class='av-share-link av-social-link-mail' ><a  aria-label=\"Compartir por correo\" href='mailto:?subject=Indap%20Ays%C3%A9n%20abre%20concurso%20especial%20de%20forraje%20para%20productores%20ganaderos%20afectados%20por%20la%20cuncunilla%20negra&#038;body=https:\/\/radiorevelacionfm.cl\/?p=59178' aria-hidden='false' data-av_icon='\ue805' data-av_iconfont='entypo-fontello' title='' data-avia-related-tooltip='Compartir por correo'><span class='avia_hidden_link_text'>Compartir por correo<\/span><\/a><\/li><\/ul><\/div><\/div>\n<div  style='height:50px' class='hr hr-invisible   avia-builder-el-8  el_after_av_social_share  el_before_av_comments_list '><span class='hr-inner ' ><span class='hr-inner-style'><\/span><\/span><\/div>\n<div  class='av-buildercomment  av-blog-meta-html-info-disabled av-blog-meta-tag-disabled  '><\/div>\n","protected":false},"excerpt":{"rendered":"","protected":false},"author":1,"featured_media":59179,"comment_status":"closed","ping_status":"closed","sticky":false,"template":"","format":"standard","meta":{"footnotes":""},"categories":[38],"tags":[],"class_list":["post-59178","post","type-post","status-publish","format-standard","has-post-thumbnail","hentry","category-regional"],"jetpack_featured_media_url":"https:\/\/radiorevelacionfm.cl\/wp-content\/uploads\/2025\/09\/forrajes-1080x675-1_optimized-1_optimized-1.jpg","_links":{"self":[{"href":"https:\/\/radiorevelacionfm.cl\/index.php?rest_route=\/wp\/v2\/posts\/59178","targetHints":{"allow":["GET"]}}],"collection":[{"href":"https:\/\/radiorevelacionfm.cl\/index.php?rest_route=\/wp\/v2\/posts"}],"about":[{"href":"https:\/\/radiorevelacionfm.cl\/index.php?rest_route=\/wp\/v2\/types\/post"}],"author":[{"embeddable":true,"href":"https:\/\/radiorevelacionfm.cl\/index.php?rest_route=\/wp\/v2\/users\/1"}],"replies":[{"embeddable":true,"href":"https:\/\/radiorevelacionfm.cl\/index.php?rest_route=%2Fwp%2Fv2%2Fcomments&post=59178"}],"version-history":[{"count":2,"href":"https:\/\/radiorevelacionfm.cl\/index.php?rest_route=\/wp\/v2\/posts\/59178\/revisions"}],"predecessor-version":[{"id":59181,"href":"https:\/\/radiorevelacionfm.cl\/index.php?rest_route=\/wp\/v2\/posts\/59178\/revisions\/59181"}],"wp:featuredmedia":[{"embeddable":true,"href":"https:\/\/radiorevelacionfm.cl\/index.php?rest_route=\/wp\/v2\/media\/59179"}],"wp:attachment":[{"href":"https:\/\/radiorevelacionfm.cl\/index.php?rest_route=%2Fwp%2Fv2%2Fmedia&parent=59178"}],"wp:term":[{"taxonomy":"category","embeddable":true,"href":"https:\/\/radiorevelacionfm.cl\/index.php?rest_route=%2Fwp%2Fv2%2Fcategories&post=59178"},{"taxonomy":"post_tag","embeddable":true,"href":"https:\/\/radiorevelacionfm.cl\/index.php?rest_route=%2Fwp%2Fv2%2Ftags&post=59178"}],"curies":[{"name":"wp","href":"https:\/\/api.w.org\/{rel}","templated":true}]}}