{"id":59175,"date":"2025-09-14T12:27:13","date_gmt":"2025-09-14T15:27:13","guid":{"rendered":"https:\/\/radiorevelacionfm.cl\/?p=59175"},"modified":"2025-09-14T12:27:13","modified_gmt":"2025-09-14T15:27:13","slug":"nuevo-informe-de-la-contraloria-revela-uso-de-980-licencias-medicas-en-la-region-de-aysen-de-funcionarios-publicos-que-viajaron-al-extranjero","status":"publish","type":"post","link":"https:\/\/radiorevelacionfm.cl\/?p=59175","title":{"rendered":"Nuevo informe de la Contralor\u00eda revela uso de 980 licencias m\u00e9dicas en la regi\u00f3n de Ays\u00e9n de funcionarios p\u00fablicos que viajaron al extranjero"},"content":{"rendered":"<div class=\"flex_column av_one_full  flex_column_div av-zero-column-padding first  avia-builder-el-0  el_before_av_one_full  avia-builder-el-first  \" style='border-radius:0px; '><div  class='avia-image-container  av-styling-    avia-builder-el-1  avia-builder-el-no-sibling  avia-align-center '  itemprop=\"image\" itemscope=\"itemscope\" itemtype=\"https:\/\/schema.org\/ImageObject\"  ><div class='avia-image-container-inner'><div class='avia-image-overlay-wrap'><img decoding=\"async\" class='wp-image-59176 avia-img-lazy-loading-not-59176 avia_image' src=\"https:\/\/radiorevelacionfm.cl\/wp-content\/uploads\/2025\/09\/Licencias-Medicas-1-1.jpg\" alt='' title='Licencias Medicas (1) (1)' height=\"600\" width=\"1231\"  itemprop=\"thumbnailUrl\" srcset=\"https:\/\/radiorevelacionfm.cl\/wp-content\/uploads\/2025\/09\/Licencias-Medicas-1-1.jpg 1231w, https:\/\/radiorevelacionfm.cl\/wp-content\/uploads\/2025\/09\/Licencias-Medicas-1-1-300x146.jpg 300w, https:\/\/radiorevelacionfm.cl\/wp-content\/uploads\/2025\/09\/Licencias-Medicas-1-1-1030x502.jpg 1030w, https:\/\/radiorevelacionfm.cl\/wp-content\/uploads\/2025\/09\/Licencias-Medicas-1-1-768x374.jpg 768w, https:\/\/radiorevelacionfm.cl\/wp-content\/uploads\/2025\/09\/Licencias-Medicas-1-1-705x344.jpg 705w, https:\/\/radiorevelacionfm.cl\/wp-content\/uploads\/2025\/09\/Licencias-Medicas-1-1-450x219.jpg 450w, https:\/\/radiorevelacionfm.cl\/wp-content\/uploads\/2025\/09\/Licencias-Medicas-1-1-600x292.jpg 600w\" sizes=\"(max-width: 1231px) 100vw, 1231px\" \/><\/div><\/div><\/div><\/div><div class=\"flex_column av_one_full  flex_column_div av-zero-column-padding first  avia-builder-el-2  el_after_av_one_full  el_before_av_one_full  column-top-margin\" style='border-radius:0px; '><section class=\"av_textblock_section \"  itemscope=\"itemscope\" itemtype=\"https:\/\/schema.org\/BlogPosting\" itemprop=\"blogPost\" ><div class='avia_textblock  '   itemprop=\"text\" ><p style=\"text-align: center;\"><strong><span style=\"font-size: 18pt;\">Nuevo informe de la Contralor\u00eda revela uso de 980 licencias m\u00e9dicas en la regi\u00f3n de Ays\u00e9n de funcionarios p\u00fablicos que viajaron al extranjero<\/span><\/strong><\/p>\n<div id=\"gtx-trans\" style=\"position: absolute; left: -50px; top: 4.31534px;\">\n<div class=\"gtx-trans-icon\"><\/div>\n<\/div>\n<\/div><\/section><\/div><div class=\"flex_column av_one_full  flex_column_div av-zero-column-padding first  avia-builder-el-4  el_after_av_one_full  el_before_av_hr  column-top-margin\" style='border-radius:0px; '><section class=\"av_textblock_section \"  itemscope=\"itemscope\" itemtype=\"https:\/\/schema.org\/BlogPosting\" itemprop=\"blogPost\" ><div class='avia_textblock  '   itemprop=\"text\" ><p style=\"text-align: justify;\"><em>En el caso de la regi\u00f3n de Ays\u00e9n que registra 980 licencias m\u00e9dicas utilizadas, 553 licencias corresponden a funcionarios\/as de la Direcci\u00f3n Servicio de Salud Ays\u00e9n.<\/em><\/p>\n<p style=\"text-align: justify;\">Estos casos se suman a los 25 mil informados en mayo de este a\u00f1o. Esta nueva informaci\u00f3n podr\u00eda implicar el uso irregular de otras 15.257 licencias emitidas entre 2023 y 2024.<\/p>\n<p style=\"text-align: justify;\">La Contralor\u00eda General de la Rep\u00fablica (CGR) dio a conocer que otros 10.805 funcionarios p\u00fablicos que se desempe\u00f1an en servicios p\u00fablicos con presencia regional salieron fuera del pa\u00eds durante su licencia m\u00e9dica o en parte de ella.<\/p>\n<p style=\"text-align: justify;\">Seg\u00fan el nuevo\u00a0<a href=\"https:\/\/www.contraloria.cl\/SicaProd\/SICAv3-BIFAPortalCGR\/servletfichacic?id=24&amp;t=w\" target=\"_blank\" rel=\"noopener\">Consolidado de Informaci\u00f3n Circularizada (CIC) N\u00b016<\/a>, esto podr\u00eda implicar el uso irregular de 15.257 licencias m\u00e9dicas emitidas entre 2023 y 2024, de las cuales el 76% corresponde a FONASA y un 24% a ISAPRES.<\/p>\n<p style=\"text-align: justify;\">Este reporte hab\u00eda sido comprometido por la Contralora General, Dorothy P\u00e9rez, en junio de este a\u00f1o ante la Comisi\u00f3n de Salud de la C\u00e1mara de Diputados. En \u00e9l, se agrega que los titulares de esas 15.257 licencias, habr\u00edan entrado o salido del pa\u00eds en 26.606 oportunidades. En total de 67 funcionarios registran entre16 y 30 entradas y\/o salida, mientras que 30 tienen m\u00e1s de 30 entradas y\/o salidas del pa\u00eds. Tanto en 2023 como en 2024, los viajes al extranjero se concentraron principalmente en el \u00faltimo trimestre, es decir entre octubre y diciembre.<\/p>\n<p style=\"text-align: justify;\">Respecto de los servicios a los que pertenecen los funcionarios que habr\u00edan incumplido su periodo de reposo, estos pertenecen a 442 entidades p\u00fablicas de regiones. De ellas, el 67% corresponde a servicios de salud y hospitales, un 15% a Servicios Locales de Educaci\u00f3n P\u00fablica (SLEP), un 11% a municipalidades, corporaciones y direcciones municipales, un 4% a establecimientos educacionales, y un 3% a otro tipo de servicios. Se destacan el Servicio de Salud Magallanes (1.258 licencias), SLEP Chinchorro (1.065 licencias), Servicio de Salud del Reloncav\u00ed (780 licencias), Servicio de Salud Vi\u00f1a del Mar-Quillota (692 licencias), Direcci\u00f3n Servicio de Salud Ays\u00e9n (553 licencias), y Corporaci\u00f3n Municipal de Desarrollo Social de Antofagasta (517 licencias).<\/p>\n<p style=\"text-align: justify;\">Estos m\u00e1s de 10 mil casos se suman a los 25.078 funcionarios p\u00fablicos dados a conocer el 20 de mayo pasado, en el marco del CIC N\u00b0 9.<\/p>\n<p style=\"text-align: justify;\">Tras la presentaci\u00f3n de este reporte, la Contralor\u00eda notificar\u00e1 a las instituciones involucradas para que se inicien los procedimientos disciplinarios de rigor, y remitan las respectivas resoluciones a trav\u00e9s del Sistema de Inspecci\u00f3n de Acciones Derivadas (SIAD) de la CGR, en un plazo de cinco d\u00edas h\u00e1biles. Adem\u00e1s, la informaci\u00f3n, ser\u00e1 remitida a la Comisi\u00f3n de Medicina Preventiva e Invalidez (COMPIN), a la Superintendencia de Seguridad Social (SUSESO), al Ministerio P\u00fablico y al Consejo de Defensa del Estado, para que se ejerzan las acciones que correspondan.<\/p>\n<\/div><\/section><\/div><div  style='height:50px' class='hr hr-invisible   avia-builder-el-6  el_after_av_one_full  el_before_av_social_share '><span class='hr-inner ' ><span class='hr-inner-style'><\/span><\/span><\/div><\/p>\n<div  class='av-social-sharing-box  avia-builder-el-7  el_after_av_hr  el_before_av_hr  '><div class='av-share-box'><h5 class='av-share-link-description av-no-toc '>Compartir esta noticia<\/h5><ul class='av-share-box-list noLightbox'><li class='av-share-link av-social-link-facebook' ><a target=\"_blank\" aria-label=\"Compartir en Facebook\" href='https:\/\/www.facebook.com\/sharer.php?u=https:\/\/radiorevelacionfm.cl\/?p=59175&#038;t=Nuevo%20informe%20de%20la%20Contralor%C3%ADa%20revela%20uso%20de%20980%20licencias%20m%C3%A9dicas%20en%20la%20regi%C3%B3n%20de%20Ays%C3%A9n%20de%20funcionarios%20p%C3%BAblicos%20que%20viajaron%20al%20extranjero' aria-hidden='false' data-av_icon='\ue8f3' data-av_iconfont='entypo-fontello' title='' data-avia-related-tooltip='Compartir en Facebook' rel=\"noopener\"><span class='avia_hidden_link_text'>Compartir en Facebook<\/span><\/a><\/li><li class='av-share-link av-social-link-twitter' ><a target=\"_blank\" aria-label=\"Compartir en Twitter\" href='https:\/\/twitter.com\/share?text=Nuevo%20informe%20de%20la%20Contralor%C3%ADa%20revela%20uso%20de%20980%20licencias%20m%C3%A9dicas%20en%20la%20regi%C3%B3n%20de%20Ays%C3%A9n%20de%20funcionarios%20p%C3%BAblicos%20que%20viajaron%20al%20extranjero&#038;url=https:\/\/radiorevelacionfm.cl\/?p=59175' aria-hidden='false' data-av_icon='\ue8f1' data-av_iconfont='entypo-fontello' title='' data-avia-related-tooltip='Compartir en Twitter' rel=\"noopener\"><span class='avia_hidden_link_text'>Compartir en Twitter<\/span><\/a><\/li><li class='av-share-link av-social-link-whatsapp' ><a target=\"_blank\" aria-label=\"Compartir en Whatsapp\" href='https:\/\/api.whatsapp.com\/send?text=https:\/\/radiorevelacionfm.cl\/?p=59175' aria-hidden='false' data-av_icon='\uf232' data-av_iconfont='entypo-fontello' title='' data-avia-related-tooltip='Compartir en Whatsapp' rel=\"noopener\"><span class='avia_hidden_link_text'>Compartir en Whatsapp<\/span><\/a><\/li><li class='av-share-link av-social-link-linkedin' ><a target=\"_blank\" aria-label=\"Compartir en LinkedIn\" href='https:\/\/linkedin.com\/shareArticle?mini=true&#038;title=Nuevo%20informe%20de%20la%20Contralor%C3%ADa%20revela%20uso%20de%20980%20licencias%20m%C3%A9dicas%20en%20la%20regi%C3%B3n%20de%20Ays%C3%A9n%20de%20funcionarios%20p%C3%BAblicos%20que%20viajaron%20al%20extranjero&#038;url=https:\/\/radiorevelacionfm.cl\/?p=59175' aria-hidden='false' data-av_icon='\ue8fc' data-av_iconfont='entypo-fontello' title='' data-avia-related-tooltip='Compartir en LinkedIn' rel=\"noopener\"><span class='avia_hidden_link_text'>Compartir en LinkedIn<\/span><\/a><\/li><li class='av-share-link av-social-link-mail' ><a  aria-label=\"Compartir por correo\" href='mailto:?subject=Nuevo%20informe%20de%20la%20Contralor%C3%ADa%20revela%20uso%20de%20980%20licencias%20m%C3%A9dicas%20en%20la%20regi%C3%B3n%20de%20Ays%C3%A9n%20de%20funcionarios%20p%C3%BAblicos%20que%20viajaron%20al%20extranjero&#038;body=https:\/\/radiorevelacionfm.cl\/?p=59175' aria-hidden='false' data-av_icon='\ue805' data-av_iconfont='entypo-fontello' title='' data-avia-related-tooltip='Compartir por correo'><span class='avia_hidden_link_text'>Compartir por correo<\/span><\/a><\/li><\/ul><\/div><\/div>\n<div  style='height:50px' class='hr hr-invisible   avia-builder-el-8  el_after_av_social_share  el_before_av_comments_list '><span class='hr-inner ' ><span class='hr-inner-style'><\/span><\/span><\/div>\n<div  class='av-buildercomment  av-blog-meta-html-info-disabled av-blog-meta-tag-disabled  '><\/div>\n","protected":false},"excerpt":{"rendered":"","protected":false},"author":1,"featured_media":59176,"comment_status":"closed","ping_status":"closed","sticky":false,"template":"","format":"standard","meta":{"footnotes":""},"categories":[38],"tags":[],"class_list":["post-59175","post","type-post","status-publish","format-standard","has-post-thumbnail","hentry","category-regional"],"jetpack_featured_media_url":"https:\/\/radiorevelacionfm.cl\/wp-content\/uploads\/2025\/09\/Licencias-Medicas-1-1.jpg","_links":{"self":[{"href":"https:\/\/radiorevelacionfm.cl\/index.php?rest_route=\/wp\/v2\/posts\/59175","targetHints":{"allow":["GET"]}}],"collection":[{"href":"https:\/\/radiorevelacionfm.cl\/index.php?rest_route=\/wp\/v2\/posts"}],"about":[{"href":"https:\/\/radiorevelacionfm.cl\/index.php?rest_route=\/wp\/v2\/types\/post"}],"author":[{"embeddable":true,"href":"https:\/\/radiorevelacionfm.cl\/index.php?rest_route=\/wp\/v2\/users\/1"}],"replies":[{"embeddable":true,"href":"https:\/\/radiorevelacionfm.cl\/index.php?rest_route=%2Fwp%2Fv2%2Fcomments&post=59175"}],"version-history":[{"count":2,"href":"https:\/\/radiorevelacionfm.cl\/index.php?rest_route=\/wp\/v2\/posts\/59175\/revisions"}],"predecessor-version":[{"id":59182,"href":"https:\/\/radiorevelacionfm.cl\/index.php?rest_route=\/wp\/v2\/posts\/59175\/revisions\/59182"}],"wp:featuredmedia":[{"embeddable":true,"href":"https:\/\/radiorevelacionfm.cl\/index.php?rest_route=\/wp\/v2\/media\/59176"}],"wp:attachment":[{"href":"https:\/\/radiorevelacionfm.cl\/index.php?rest_route=%2Fwp%2Fv2%2Fmedia&parent=59175"}],"wp:term":[{"taxonomy":"category","embeddable":true,"href":"https:\/\/radiorevelacionfm.cl\/index.php?rest_route=%2Fwp%2Fv2%2Fcategories&post=59175"},{"taxonomy":"post_tag","embeddable":true,"href":"https:\/\/radiorevelacionfm.cl\/index.php?rest_route=%2Fwp%2Fv2%2Ftags&post=59175"}],"curies":[{"name":"wp","href":"https:\/\/api.w.org\/{rel}","templated":true}]}}