{"id":59172,"date":"2025-09-13T21:49:52","date_gmt":"2025-09-14T00:49:52","guid":{"rendered":"https:\/\/radiorevelacionfm.cl\/?p=59172"},"modified":"2025-09-22T15:24:11","modified_gmt":"2025-09-22T18:24:11","slug":"mineria-vs-parques-nacionales-quien-expropia-a-quien","status":"publish","type":"post","link":"https:\/\/radiorevelacionfm.cl\/?p=59172","title":{"rendered":"Miner\u00eda vs. parques nacionales: \u00bfQui\u00e9n expropia a qui\u00e9n?"},"content":{"rendered":"<div class=\"flex_column av_one_full  flex_column_div av-zero-column-padding first  avia-builder-el-0  el_before_av_one_full  avia-builder-el-first  \" style='border-radius:0px; '><div  class='avia-image-container  av-styling-    avia-builder-el-1  avia-builder-el-no-sibling  avia-align-center '  itemprop=\"image\" itemscope=\"itemscope\" itemtype=\"https:\/\/schema.org\/ImageObject\"  ><div class='avia-image-container-inner'><div class='avia-image-overlay-wrap'><img decoding=\"async\" class='wp-image-59173 avia-img-lazy-loading-not-59173 avia_image' src=\"https:\/\/radiorevelacionfm.cl\/wp-content\/uploads\/2025\/09\/544939968_17873959044420255_8171212300413992551_n-1_optimized-1.jpg\" alt='' title='544939968_17873959044420255_8171212300413992551_n-(1)_optimized (1)' height=\"600\" width=\"856\"  itemprop=\"thumbnailUrl\" srcset=\"https:\/\/radiorevelacionfm.cl\/wp-content\/uploads\/2025\/09\/544939968_17873959044420255_8171212300413992551_n-1_optimized-1.jpg 856w, https:\/\/radiorevelacionfm.cl\/wp-content\/uploads\/2025\/09\/544939968_17873959044420255_8171212300413992551_n-1_optimized-1-300x210.jpg 300w, https:\/\/radiorevelacionfm.cl\/wp-content\/uploads\/2025\/09\/544939968_17873959044420255_8171212300413992551_n-1_optimized-1-768x538.jpg 768w, https:\/\/radiorevelacionfm.cl\/wp-content\/uploads\/2025\/09\/544939968_17873959044420255_8171212300413992551_n-1_optimized-1-705x494.jpg 705w, https:\/\/radiorevelacionfm.cl\/wp-content\/uploads\/2025\/09\/544939968_17873959044420255_8171212300413992551_n-1_optimized-1-450x315.jpg 450w, https:\/\/radiorevelacionfm.cl\/wp-content\/uploads\/2025\/09\/544939968_17873959044420255_8171212300413992551_n-1_optimized-1-600x421.jpg 600w\" sizes=\"(max-width: 856px) 100vw, 856px\" \/><\/div><\/div><\/div><\/div><div class=\"flex_column av_one_full  flex_column_div av-zero-column-padding first  avia-builder-el-2  el_after_av_one_full  el_before_av_one_full  column-top-margin\" style='border-radius:0px; '><section class=\"av_textblock_section \"  itemscope=\"itemscope\" itemtype=\"https:\/\/schema.org\/BlogPosting\" itemprop=\"blogPost\" ><div class='avia_textblock  '   itemprop=\"text\" ><p style=\"text-align: center;\"><span style=\"font-size: 18pt;\"><b><span lang=\"ES-TRAD\">Miner\u00eda vs. parques nacionales: \u00bfQui\u00e9n expropia a qui\u00e9n?<\/span><\/b><\/span><\/p>\n<div id=\"gtx-trans\" style=\"position: absolute; left: -50px; top: 4.31534px;\">\n<div class=\"gtx-trans-icon\"><\/div>\n<\/div>\n<\/div><\/section><\/div><div class=\"flex_column av_one_full  flex_column_div av-zero-column-padding first  avia-builder-el-4  el_after_av_one_full  el_before_av_hr  column-top-margin\" style='border-radius:0px; '><section class=\"av_textblock_section \"  itemscope=\"itemscope\" itemtype=\"https:\/\/schema.org\/BlogPosting\" itemprop=\"blogPost\" ><div class='avia_textblock  '   itemprop=\"text\" ><p style=\"font-weight: 400; text-align: justify;\">Hace unas semanas, la Sociedad Nacional de Miner\u00eda (SONAMI)\u00a0<a href=\"https:\/\/www.terram.cl\/sonami-acude-a-tribunales-para-invalidar-la-creacion-del-parque-nacional-desierto-florido-acusan-expropiacion-regulatoria\/\" data-saferedirecturl=\"https:\/\/www.google.com\/url?q=https:\/\/www.terram.cl\/sonami-acude-a-tribunales-para-invalidar-la-creacion-del-parque-nacional-desierto-florido-acusan-expropiacion-regulatoria\/&amp;source=gmail&amp;ust=1757896600879000&amp;usg=AOvVaw0RPCrMCE5yCD0vrqJ3gisD\">recurri\u00f3 al Segundo Tribunal Ambiental<\/a> (con sede en Santiago) con el fin de invalidar la creaci\u00f3n del Parque Nacional Desierto Florido, en la regi\u00f3n de Atacama. El argumento: expropiaci\u00f3n regulatoria.<\/p>\n<p style=\"font-weight: 400; text-align: justify;\">El parque, creado el 12 de junio de 2023 por el Ministerio de Bienes Nacionales mediante el Decreto 12, busca proteger el \u201c<em>ecosistema matorral des\u00e9rtico mediterr\u00e1neo interior de Skykanthus acutus y Atriplex deserticola, donde se manifiesta de manera epis\u00f3dica el fen\u00f3meno del desierto florido de una singular importancia flor\u00edstica y atractivo tur\u00edstico, que genera un espacio propicio para la investigaci\u00f3n cient\u00edfica, la educaci\u00f3n ambiental y el desarrollo de actividades reguladas de visitaci\u00f3n tur\u00edstica<\/em>\u201d.<\/p>\n<p style=\"font-weight: 400; text-align: justify;\">El acto administrativo fue visado por la Contralor\u00eda General de la Rep\u00fablica el 2 de junio. Hace m\u00e1s de dos a\u00f1os.<\/p>\n<p style=\"font-weight: 400; text-align: justify;\">Entre sus descargos, la SONAMI mencion\u00f3 que \u201c<em>el proceso de creaci\u00f3n del parque no se hizo con participaci\u00f3n ciudadana, por lo que no permiti\u00f3 que los propietarios de concesiones dieran su opini\u00f3n<\/em>\u201d. Para sustentar su planteamiento, se inform\u00f3 que el \u00e1rea protegida se superpondr\u00eda a 376 concesiones mineras.<\/p>\n<p style=\"font-weight: 400; text-align: justify;\">Agreg\u00f3 que la\u00a0<a href=\"https:\/\/laderasur.com\/articulo\/parque-nacional-desierto-florido-mma-y-sonami-en-desacuerdo-por-extension-del-proyecto\/\" data-saferedirecturl=\"https:\/\/www.google.com\/url?q=https:\/\/laderasur.com\/articulo\/parque-nacional-desierto-florido-mma-y-sonami-en-desacuerdo-por-extension-del-proyecto\/&amp;source=gmail&amp;ust=1757896600879000&amp;usg=AOvVaw0vHjUnNKS6yCZzlnPUoQaK\">delimitaci\u00f3n<\/a>\u00a0\u201c<em>genera un efecto directo sobre zonas con vocaci\u00f3n minera, sin una debida justificaci\u00f3n ambiental ni un an\u00e1lisis de impactos sobre los derechos preexistentes<\/em>\u201d.<\/p>\n<p style=\"font-weight: 400; text-align: justify;\">La controversia no es nueva.\u00a0\u00a0La disputa entre miner\u00eda (junto a diversas otras actividades productivas de alto impacto) y la protecci\u00f3n de ecosistemas \u00fanicos (e incluso formas de vida tradicionales), es una constante. Es m\u00e1s, se podr\u00eda decir tambi\u00e9n que un eterno.<\/p>\n<p style=\"font-weight: 400; text-align: justify;\">Lo sabemos en Ays\u00e9n con las\u00a0<a href=\"https:\/\/www.salvemoslapatagonia.cl\/web\/wp-content\/uploads\/2025\/01\/Catastro_espanol.pdf\" data-saferedirecturl=\"https:\/\/www.google.com\/url?q=https:\/\/www.salvemoslapatagonia.cl\/web\/wp-content\/uploads\/2025\/01\/Catastro_espanol.pdf&amp;source=gmail&amp;ust=1757896600879000&amp;usg=AOvVaw06kQlzr8XOCAuM5G_pgrTc\">actuales<\/a> 312 concesiones salmoneras en la reserva nacional Las Guaitecas, 4 en el parque nacional Isla Magdalena y 2 en el parque nacional Laguna San Rafael. Donde cualquier tipo de acci\u00f3n en pos de viabilizar el objetivo para el cual fueron creadas, <a href=\"https:\/\/www.salmonexpert.cl\/aysen-guaitecas-reserva-nacional\/alerta-por-planes-en-reserva-guaitecas-donde-opera-40-de-la-salmonicultura-de-aysen\/1986898\" data-saferedirecturl=\"https:\/\/www.google.com\/url?q=https:\/\/www.salmonexpert.cl\/aysen-guaitecas-reserva-nacional\/alerta-por-planes-en-reserva-guaitecas-donde-opera-40-de-la-salmonicultura-de-aysen\/1986898&amp;source=gmail&amp;ust=1757896600879000&amp;usg=AOvVaw36espumDz3z1IA-3TkEZx1\">es torpedeado por la industria del salm\u00f3n<\/a>, a pesar de que es reconocido este sector como\u00a0<a href=\"https:\/\/www.salvemoslapatagonia.cl\/noticias\/talleres-en-comunidades-aledanas-a-reserva-nacional-las-guaitecas-constatan-interes-de-habitantes-en-proteger-esta-area-protegida\/\" data-saferedirecturl=\"https:\/\/www.google.com\/url?q=https:\/\/www.salvemoslapatagonia.cl\/noticias\/talleres-en-comunidades-aledanas-a-reserva-nacional-las-guaitecas-constatan-interes-de-habitantes-en-proteger-esta-area-protegida\/&amp;source=gmail&amp;ust=1757896600879000&amp;usg=AOvVaw1vDMCHZTwZjxadGEmNLAWh\">la principal amenaza a estas \u00e1reas protegidas<\/a>.<\/p>\n<p style=\"font-weight: 400; text-align: justify;\">Extra\u00f1o es que la SONAMI hable de expropiaci\u00f3n regulatoria. Considerando que si hay un sector que expropia subsuelo p\u00fablico y privado mediante enrevesados procedimientos administrativos y legales es la miner\u00eda. Algo parecido a lo que ocurre con el sistema de derechos de aguas. Y con el de concesiones acu\u00edcolas.<\/p>\n<p style=\"font-weight: 400; text-align: justify;\">En todos estos casos, quienes solicitan concesiones lo hacen sin importar la propiedad de los elementos naturales asociados: terrenos colindantes en el caso del agua, suelo en el caso de la miner\u00eda de subsuelo, mar que es bien nacional de uso p\u00fablico en el de las salmoneras. Y los requirentes pueden ser particulares, sociedades o empresas, dando lo mismo que sean controladas por capitales extranjeros.<\/p>\n<p style=\"font-weight: 400; text-align: justify;\">Un ejemplo claro es la ofensiva de la minera Newmont en la regi\u00f3n de Ays\u00e9n. La principal corporaci\u00f3n de explotaci\u00f3n de oro del mundo.<\/p>\n<p style=\"font-weight: 400; text-align: justify;\">Un art\u00edculo de 2019 publicado en Interferencia daba cuenta de las m\u00e1s de\u00a0<a href=\"https:\/\/interferencia.cl\/articulos\/minera-newmont-inscribe-mas-de-50-mil-hectareas-en-aysen-para-explotar-oro\" data-saferedirecturl=\"https:\/\/www.google.com\/url?q=https:\/\/interferencia.cl\/articulos\/minera-newmont-inscribe-mas-de-50-mil-hectareas-en-aysen-para-explotar-oro&amp;source=gmail&amp;ust=1757896600879000&amp;usg=AOvVaw3sAyOh73KM1oC8ItTGkbH-\">50 mil hect\u00e1reas de concesiones mineras<\/a> de esta empresa al norte de Coyhaique. \u201c<em>Los terrenos inscritos por la compa\u00f1\u00eda norteamericana se ubican cerca de la frontera con Argentina, una zona que se caracteriza por bosques de lenga y \u00f1ire. Adem\u00e1s, en muchas de estas \u00e1reas existe presencia de patrimonio arqueol\u00f3gico y paleontol\u00f3gico<\/em>\u201d consignaba la cr\u00f3nica. Y alertaba sobre el prontuario ambiental de Newmont: en Guatemala, en 2009, un hombre fue quemado vivo por trabajadores de la empresa; en Per\u00fa enfrent\u00f3 un conflicto \u201c<em>luego de que en junio de 2000 se derramaran 150 litros de mercurio en la mina Yanacocha, en la zona de Cajamarca<\/em>\u201d. Y as\u00ed, se consignan problemas tambi\u00e9n en Honduras y M\u00e9xico.<\/p>\n<p style=\"font-weight: 400; text-align: justify;\">Es en este contexto que, desde hace un tiempo, en la comuna de Lago Verde la empresa est\u00e1 realizando obras viales para viabilizar sus exploraciones en el sector del Cerro Aguja. La iniciativa ha sido incluida en la cartera de proyectos que revisa el Gabinete pro Crecimiento y Pro Empleo de la regi\u00f3n. Y desde hace varios a\u00f1os, la secretar\u00eda regional ministerial de Bienes Nacionales mantiene contratos de arriendo con la empresa, con el mismo objetivo.\u00a0\u00a0Incluso, el renunciado seremi de Miner\u00eda <a href=\"https:\/\/tehuelchenoticias.cl\/nuevo_sitio\/2024\/06\/30\/con-actores-publico-privados-se-conforma-mesa-regional-de-la-mineria-y-geologia-de-aysen\/\" data-saferedirecturl=\"https:\/\/www.google.com\/url?q=https:\/\/tehuelchenoticias.cl\/nuevo_sitio\/2024\/06\/30\/con-actores-publico-privados-se-conforma-mesa-regional-de-la-mineria-y-geologia-de-aysen\/&amp;source=gmail&amp;ust=1757896600879000&amp;usg=AOvVaw3AuGNhpY_tjWkuZ0JsI9L2\">incluy\u00f3 a representantes<\/a>\u00a0de la compa\u00f1\u00eda en la Mesa Regional de Miner\u00eda y Geolog\u00eda.<\/p>\n<p style=\"font-weight: 400; text-align: justify;\">Que las autoridades de este gobierno tengan pleno conocimiento sobre lo que realiza y busca una empresa con estas credenciales no ser\u00eda problema si no fuera porque en la comunidad directamente afectada (a favor y en contra) casi no existe informaci\u00f3n sobre este tipo de faenas y objetivos. Lo sabemos porque concejales (\u00a1concejales!) han recurrido a nosotros para solicitar informaci\u00f3n que se les ha negado por distintas v\u00edas.<\/p>\n<p style=\"font-weight: 400; text-align: justify;\">Entonces, cuando desde SONAMI (y otros sectores) se habla de expropiaci\u00f3n regulatoria porque se busca constituir un parque nacional, \u00bfC\u00f3mo se llama a lo que la miner\u00eda, la industria del salm\u00f3n y la energ\u00eda hacen todos los d\u00edas?<\/p>\n<p style=\"font-weight: 400; text-align: justify;\">Esta forma de actuar de las instituciones y las empresas va a contrapelo de los principios b\u00e1sicos del Acuerdo de Escaz\u00fa, al cual\u00a0<a href=\"https:\/\/portal.sma.gob.cl\/index.php\/escazu-2025\/que-es-el-acuerdo-de-escazu\/\" data-saferedirecturl=\"https:\/\/www.google.com\/url?q=https:\/\/portal.sma.gob.cl\/index.php\/escazu-2025\/que-es-el-acuerdo-de-escazu\/&amp;source=gmail&amp;ust=1757896600879000&amp;usg=AOvVaw3bf6E-ZxUZRSbX_A39RgR_\">Chile ingres\u00f3 como Estado parte<\/a>\u00a0el 11 de septiembre de 2022. Hace ya m\u00e1s de tres a\u00f1os.<\/p>\n<p style=\"font-weight: 400; text-align: justify;\">El tratado consagra el derecho a la\u00a0<strong>informaci\u00f3n<\/strong>, la\u00a0<strong>participaci\u00f3n en la toma de decisiones<\/strong>\u00a0y\u00a0<strong>acceso a la justicia ambiental<\/strong>, de todos quienes son impactados por definiciones en la materia. Con ello se busca la paz social y el desarrollo sostenible.<\/p>\n<p style=\"font-weight: 400; text-align: justify;\">Porque cuando desde ciertos sectores se alude recurrentemente a la necesaria certeza jur\u00eddica, \u00e9sta no debe ser s\u00f3lo para invertir, de por s\u00ed relevante. Lo debe ser tambi\u00e9n para quienes habitan los lugares que muchas veces son carne de ca\u00f1\u00f3n de intereses externos, sin tener idea de lo que se fragua a sus espaldas.<\/p>\n<p style=\"font-weight: 400; text-align: justify;\">Todo esto, sin olvidar lo esencial: un \u00e1rea protegida es para beneficio de toda la sociedad. Una concesi\u00f3n sobre un \u00e1rea fiscal (sea suelo o mar) sigue siendo, aunque pretendan vestirlo de bien com\u00fan, de beneficio particular.<\/p>\n<p><em>Por: Patricio Segura Ortiz, periodista<\/em><\/p>\n<p><em>Fotograf\u00eda: Sara Schneider<\/em><\/p>\n<\/div><\/section><\/div><div  style='height:50px' class='hr hr-invisible   avia-builder-el-6  el_after_av_one_full  el_before_av_social_share '><span class='hr-inner ' ><span class='hr-inner-style'><\/span><\/span><\/div><\/p>\n<div  class='av-social-sharing-box  avia-builder-el-7  el_after_av_hr  el_before_av_hr  '><div class='av-share-box'><h5 class='av-share-link-description av-no-toc '>Compartir esta noticia<\/h5><ul class='av-share-box-list noLightbox'><li class='av-share-link av-social-link-facebook' ><a target=\"_blank\" aria-label=\"Compartir en Facebook\" href='https:\/\/www.facebook.com\/sharer.php?u=https:\/\/radiorevelacionfm.cl\/?p=59172&#038;t=Miner%C3%ADa%20vs.%20parques%20nacionales%3A%20%C2%BFQui%C3%A9n%20expropia%20a%20qui%C3%A9n%3F' aria-hidden='false' data-av_icon='\ue8f3' data-av_iconfont='entypo-fontello' title='' data-avia-related-tooltip='Compartir en Facebook' rel=\"noopener\"><span class='avia_hidden_link_text'>Compartir en Facebook<\/span><\/a><\/li><li class='av-share-link av-social-link-twitter' ><a target=\"_blank\" aria-label=\"Compartir en Twitter\" href='https:\/\/twitter.com\/share?text=Miner%C3%ADa%20vs.%20parques%20nacionales%3A%20%C2%BFQui%C3%A9n%20expropia%20a%20qui%C3%A9n%3F&#038;url=https:\/\/radiorevelacionfm.cl\/?p=59172' aria-hidden='false' data-av_icon='\ue8f1' data-av_iconfont='entypo-fontello' title='' data-avia-related-tooltip='Compartir en Twitter' rel=\"noopener\"><span class='avia_hidden_link_text'>Compartir en Twitter<\/span><\/a><\/li><li class='av-share-link av-social-link-whatsapp' ><a target=\"_blank\" aria-label=\"Compartir en Whatsapp\" href='https:\/\/api.whatsapp.com\/send?text=https:\/\/radiorevelacionfm.cl\/?p=59172' aria-hidden='false' data-av_icon='\uf232' data-av_iconfont='entypo-fontello' title='' data-avia-related-tooltip='Compartir en Whatsapp' rel=\"noopener\"><span class='avia_hidden_link_text'>Compartir en Whatsapp<\/span><\/a><\/li><li class='av-share-link av-social-link-linkedin' ><a target=\"_blank\" aria-label=\"Compartir en LinkedIn\" href='https:\/\/linkedin.com\/shareArticle?mini=true&#038;title=Miner%C3%ADa%20vs.%20parques%20nacionales%3A%20%C2%BFQui%C3%A9n%20expropia%20a%20qui%C3%A9n%3F&#038;url=https:\/\/radiorevelacionfm.cl\/?p=59172' aria-hidden='false' data-av_icon='\ue8fc' data-av_iconfont='entypo-fontello' title='' data-avia-related-tooltip='Compartir en LinkedIn' rel=\"noopener\"><span class='avia_hidden_link_text'>Compartir en LinkedIn<\/span><\/a><\/li><li class='av-share-link av-social-link-mail' ><a  aria-label=\"Compartir por correo\" href='mailto:?subject=Miner%C3%ADa%20vs.%20parques%20nacionales%3A%20%C2%BFQui%C3%A9n%20expropia%20a%20qui%C3%A9n%3F&#038;body=https:\/\/radiorevelacionfm.cl\/?p=59172' aria-hidden='false' data-av_icon='\ue805' data-av_iconfont='entypo-fontello' title='' data-avia-related-tooltip='Compartir por correo'><span class='avia_hidden_link_text'>Compartir por correo<\/span><\/a><\/li><\/ul><\/div><\/div>\n<div  style='height:50px' class='hr hr-invisible   avia-builder-el-8  el_after_av_social_share  el_before_av_comments_list '><span class='hr-inner ' ><span class='hr-inner-style'><\/span><\/span><\/div>\n<div  class='av-buildercomment  av-blog-meta-html-info-disabled av-blog-meta-tag-disabled  '><\/div>\n","protected":false},"excerpt":{"rendered":"","protected":false},"author":1,"featured_media":59173,"comment_status":"closed","ping_status":"closed","sticky":false,"template":"","format":"standard","meta":{"footnotes":""},"categories":[50],"tags":[],"class_list":["post-59172","post","type-post","status-publish","format-standard","has-post-thumbnail","hentry","category-cartas-y-opinion"],"jetpack_featured_media_url":"https:\/\/radiorevelacionfm.cl\/wp-content\/uploads\/2025\/09\/544939968_17873959044420255_8171212300413992551_n-1_optimized-1.jpg","_links":{"self":[{"href":"https:\/\/radiorevelacionfm.cl\/index.php?rest_route=\/wp\/v2\/posts\/59172","targetHints":{"allow":["GET"]}}],"collection":[{"href":"https:\/\/radiorevelacionfm.cl\/index.php?rest_route=\/wp\/v2\/posts"}],"about":[{"href":"https:\/\/radiorevelacionfm.cl\/index.php?rest_route=\/wp\/v2\/types\/post"}],"author":[{"embeddable":true,"href":"https:\/\/radiorevelacionfm.cl\/index.php?rest_route=\/wp\/v2\/users\/1"}],"replies":[{"embeddable":true,"href":"https:\/\/radiorevelacionfm.cl\/index.php?rest_route=%2Fwp%2Fv2%2Fcomments&post=59172"}],"version-history":[{"count":2,"href":"https:\/\/radiorevelacionfm.cl\/index.php?rest_route=\/wp\/v2\/posts\/59172\/revisions"}],"predecessor-version":[{"id":59407,"href":"https:\/\/radiorevelacionfm.cl\/index.php?rest_route=\/wp\/v2\/posts\/59172\/revisions\/59407"}],"wp:featuredmedia":[{"embeddable":true,"href":"https:\/\/radiorevelacionfm.cl\/index.php?rest_route=\/wp\/v2\/media\/59173"}],"wp:attachment":[{"href":"https:\/\/radiorevelacionfm.cl\/index.php?rest_route=%2Fwp%2Fv2%2Fmedia&parent=59172"}],"wp:term":[{"taxonomy":"category","embeddable":true,"href":"https:\/\/radiorevelacionfm.cl\/index.php?rest_route=%2Fwp%2Fv2%2Fcategories&post=59172"},{"taxonomy":"post_tag","embeddable":true,"href":"https:\/\/radiorevelacionfm.cl\/index.php?rest_route=%2Fwp%2Fv2%2Ftags&post=59172"}],"curies":[{"name":"wp","href":"https:\/\/api.w.org\/{rel}","templated":true}]}}