{"id":59166,"date":"2025-09-13T21:10:56","date_gmt":"2025-09-14T00:10:56","guid":{"rendered":"https:\/\/radiorevelacionfm.cl\/?p=59166"},"modified":"2025-09-13T21:10:56","modified_gmt":"2025-09-14T00:10:56","slug":"autoridades-refuerzan-llamado-al-autocuidado-para-fiestas-patrias-y-entregan-datos-sobre-consumo-riesgoso-de-alcohol","status":"publish","type":"post","link":"https:\/\/radiorevelacionfm.cl\/?p=59166","title":{"rendered":"Autoridades refuerzan llamado al autocuidado para Fiestas Patrias y entregan datos sobre consumo riesgoso de alcohol"},"content":{"rendered":"<div class=\"flex_column av_one_full  flex_column_div av-zero-column-padding first  avia-builder-el-0  el_before_av_one_full  avia-builder-el-first  \" style='border-radius:0px; '><div  class='avia-image-container  av-styling-    avia-builder-el-1  avia-builder-el-no-sibling  avia-align-center '  itemprop=\"image\" itemscope=\"itemscope\" itemtype=\"https:\/\/schema.org\/ImageObject\"  ><div class='avia-image-container-inner'><div class='avia-image-overlay-wrap'><img decoding=\"async\" class='wp-image-59167 avia-img-lazy-loading-not-59167 avia_image' src=\"https:\/\/radiorevelacionfm.cl\/wp-content\/uploads\/2025\/09\/radiografia-foto-03-1_optimized.jpg\" alt='' title='radiografia---foto-03-(1)_optimized' height=\"600\" width=\"901\"  itemprop=\"thumbnailUrl\" srcset=\"https:\/\/radiorevelacionfm.cl\/wp-content\/uploads\/2025\/09\/radiografia-foto-03-1_optimized.jpg 901w, https:\/\/radiorevelacionfm.cl\/wp-content\/uploads\/2025\/09\/radiografia-foto-03-1_optimized-300x200.jpg 300w, https:\/\/radiorevelacionfm.cl\/wp-content\/uploads\/2025\/09\/radiografia-foto-03-1_optimized-768x511.jpg 768w, https:\/\/radiorevelacionfm.cl\/wp-content\/uploads\/2025\/09\/radiografia-foto-03-1_optimized-705x469.jpg 705w, https:\/\/radiorevelacionfm.cl\/wp-content\/uploads\/2025\/09\/radiografia-foto-03-1_optimized-450x300.jpg 450w, https:\/\/radiorevelacionfm.cl\/wp-content\/uploads\/2025\/09\/radiografia-foto-03-1_optimized-600x400.jpg 600w\" sizes=\"(max-width: 901px) 100vw, 901px\" \/><\/div><\/div><\/div><\/div><div class=\"flex_column av_one_full  flex_column_div av-zero-column-padding first  avia-builder-el-2  el_after_av_one_full  el_before_av_one_full  column-top-margin\" style='border-radius:0px; '><section class=\"av_textblock_section \"  itemscope=\"itemscope\" itemtype=\"https:\/\/schema.org\/BlogPosting\" itemprop=\"blogPost\" ><div class='avia_textblock  '   itemprop=\"text\" ><p style=\"text-align: center;\"><strong><span style=\"font-size: 18pt;\">Autoridades refuerzan llamado al autocuidado para Fiestas Patrias y entregan datos sobre consumo riesgoso de alcohol<\/span><\/strong><\/p>\n<div id=\"gtx-trans\" style=\"position: absolute; left: -50px; top: 4.31534px;\">\n<div class=\"gtx-trans-icon\"><\/div>\n<\/div>\n<\/div><\/section><\/div><div class=\"flex_column av_one_full  flex_column_div av-zero-column-padding first  avia-builder-el-4  el_after_av_one_full  el_before_av_hr  column-top-margin\" style='border-radius:0px; '><section class=\"av_textblock_section \"  itemscope=\"itemscope\" itemtype=\"https:\/\/schema.org\/BlogPosting\" itemprop=\"blogPost\" ><div class='avia_textblock  '   itemprop=\"text\" ><p style=\"text-align: justify;\"><em>SENDA present\u00f3 la \u201cRadiograf\u00eda del Consumo Riesgoso de Alcohol\u201d, que evidenci\u00f3 que cerca de 2,5 millones de chilenos se han embriagado alguna vez en el \u00faltimo mes, y que 1 de cada 7 lo ha hecho 5 o m\u00e1s veces.<\/em><\/p>\n<p style=\"text-align: justify;\">En el marco de las celebraciones de Fiestas Patrias, autoridades de Gobierno realizaron un llamado conjunto a planificar las celebraciones, moderar el consumo y prevenir riesgos asociados al consumo de alcohol.<\/p>\n<p style=\"text-align: justify;\">De acuerdo a los datos presentados por SENDA en la\u00a0<strong>Radiograf\u00eda del Consumo Riesgoso de Alcohol<\/strong>, la mitad de quienes beben reconoce haberse embriagado al menos una vez en el \u00faltimo mes (50,7%), y en ciertos grupos, la frecuencia es alta, como en hombres (55,2%) o personas de 25 a 34 a\u00f1os (57,1%).<\/p>\n<p style=\"text-align: justify;\">Este patr\u00f3n de consumo intenso conlleva importantes consecuencias sanitarias y sociales: triplica el riesgo de desarrollar dependencia, aumenta los d\u00edas promedio de consumo mensual y quintuplica la probabilidad de enfrentar problemas familiares, laborales o legales, as\u00ed como de protagonizar siniestros viales o sufrir agresiones.<\/p>\n<p style=\"text-align: justify;\">El ministro del Interior, \u00c1lvaro Elizalde, enfatiz\u00f3 que \u201ces muy importante hacer un llamado en estas Fiestas Patrias a actuar con responsabilidad y lo primero es que nos planifiquemos. Todos sabemos que a los chilenos nos gusta improvisar cuando celebramos, pero si vamos a ir a una fonda o a una celebraci\u00f3n de Fiestas Patrias, lo primero que hay que definir es c\u00f3mo se va a retornar si esa persona va a volver a su casa conduciendo un veh\u00edculo. Bajo ninguna circunstancia debe consumir alcohol\u00bb.<\/p>\n<p style=\"text-align: justify;\">\u00abFinalmente, actuar con responsabilidad, tomar conciencia que el consumo de alcohol o de drogas finalmente pone en peligro la vida de las personas y, por tanto, tenemos que actuar con el m\u00e1ximo de responsabilidad para que nos cuidemos entre todos y podamos transformar este mes de septiembre en un mes de alegr\u00eda, como debe ser, sin tener que lamentar consecuencias dram\u00e1ticas como son los accidentes vehiculares u otro tipo de situaciones complejas\u201d, explic\u00f3.<\/p>\n<p style=\"text-align: justify;\">En ese sentido, la directora de SENDA, Natalia Riffo, destac\u00f3 que \u201cuna sola jornada de consumo intenso puede provocar consecuencias, incluso en personas que no beben regularmente, por lo que es importante tener en cuenta en el contexto de Fiestas Patrias\u201d.<\/p>\n<p style=\"text-align: justify;\">Por su parte, el ministro de Econom\u00eda, \u00c1lvaro Garc\u00eda, destac\u00f3 que \u201clas Fiestas Patrias son una gran oportunidad para el turismo y la econom\u00eda de nuestro pa\u00eds, esperamos alrededor de dos millones de viajes dentro de Chile y esto significa m\u00e1s empleos y m\u00e1s dinamismo econ\u00f3mico. Pero junto con esa buena noticia, queremos subrayar la importancia de celebrar con responsabilidad, por eso el Sernac va a estar fiscalizando distintas \u00e1reas del mercado, incluyendo alojamientos, transporte y supermercados, para verificar que las empresas cumplan con la Ley del Consumidor. Al mismo tiempo, Sernatur ya tiene disponible toda la informaci\u00f3n en su p\u00e1gina web para que todos puedan conocer los distintos panoramas que existen y as\u00ed disfrutar de forma segura y responsable los atractivos que ofrece Chile\u201d.<\/p>\n<p style=\"text-align: justify;\">Durante la presentaci\u00f3n de los datos, se ofreci\u00f3 una degustaci\u00f3n de bebidas sin alcohol, como alternativas saludables para disfrutar sin exponerse a los riesgos del consumo excesivo durante Fiestas Patrias.<\/p>\n<p style=\"text-align: justify;\"><strong>Radiograf\u00eda: 14% tiene 5 o m\u00e1s episodios de embriaguez en un mes<\/strong><\/p>\n<p style=\"text-align: justify;\">De acuerdo a los datos presentados por SENDA, 2,4 millones de personas se embriagaron al menos una vez en el \u00faltimo mes. De ellas, 14% \u2014uno de cada siete\u2014 lo hizo cinco o m\u00e1s veces. Esta frecuencia se asocia a consecuencias sanitarias y sociales significativas:<\/p>\n<ul style=\"text-align: justify;\">\n<li>Triplica el riesgo de abuso o dependencia, seg\u00fan escala DSM-IV.<\/li>\n<li>Triplica el promedio de d\u00edas de consumo mensual (de 3,9 a 10 d\u00edas).<\/li>\n<li>Quintuplica la probabilidad de presentar problemas familiares, laborales o legales, seg\u00fan escala AUDIT, entre ellos, manejar bajo la influencia del alcohol.<\/li>\n<\/ul>\n<p style=\"text-align: justify;\">Seg\u00fan los datos de SENDA, 26% de los consumidores que se embriagan 5 o m\u00e1s veces al mes son j\u00f3venes entre 18 y 24 a\u00f1os.<\/p>\n<p style=\"text-align: justify;\">\u201cPor eso la invitaci\u00f3n que estamos haciendo es a evitar estos riesgos y a tener Otro Plan, con medidas muy concretas: optar por bebidas sin alcohol, como las que presentamos hoy; planificar las salidas y saber c\u00f3mo volver; evitar normalizar el consumo frente a ni\u00f1os, ni\u00f1as y adolescentes y, especialmente, no manejar si se ha bebido. Si van a tomar, h\u00e1ganlo con responsabilidad y pasen las llaves\u201d, puntualiz\u00f3 Riffo.<\/p>\n<p style=\"text-align: justify;\">Los datos del informe se encuentran disponibles en\u00a0<a href=\"http:\/\/www.senda.gob.cl\/\">www.senda.gob.cl<\/a>.<\/p>\n<\/div><\/section><\/div><div  style='height:50px' class='hr hr-invisible   avia-builder-el-6  el_after_av_one_full  el_before_av_social_share '><span class='hr-inner ' ><span class='hr-inner-style'><\/span><\/span><\/div><\/p>\n<div  class='av-social-sharing-box  avia-builder-el-7  el_after_av_hr  el_before_av_hr  '><div class='av-share-box'><h5 class='av-share-link-description av-no-toc '>Compartir esta noticia<\/h5><ul class='av-share-box-list noLightbox'><li class='av-share-link av-social-link-facebook' ><a target=\"_blank\" aria-label=\"Compartir en Facebook\" href='https:\/\/www.facebook.com\/sharer.php?u=https:\/\/radiorevelacionfm.cl\/?p=59166&#038;t=Autoridades%20refuerzan%20llamado%20al%20autocuidado%20para%20Fiestas%20Patrias%20y%20entregan%20datos%20sobre%20consumo%20riesgoso%20de%20alcohol' aria-hidden='false' data-av_icon='\ue8f3' data-av_iconfont='entypo-fontello' title='' data-avia-related-tooltip='Compartir en Facebook' rel=\"noopener\"><span class='avia_hidden_link_text'>Compartir en Facebook<\/span><\/a><\/li><li class='av-share-link av-social-link-twitter' ><a target=\"_blank\" aria-label=\"Compartir en Twitter\" href='https:\/\/twitter.com\/share?text=Autoridades%20refuerzan%20llamado%20al%20autocuidado%20para%20Fiestas%20Patrias%20y%20entregan%20datos%20sobre%20consumo%20riesgoso%20de%20alcohol&#038;url=https:\/\/radiorevelacionfm.cl\/?p=59166' aria-hidden='false' data-av_icon='\ue8f1' data-av_iconfont='entypo-fontello' title='' data-avia-related-tooltip='Compartir en Twitter' rel=\"noopener\"><span class='avia_hidden_link_text'>Compartir en Twitter<\/span><\/a><\/li><li class='av-share-link av-social-link-whatsapp' ><a target=\"_blank\" aria-label=\"Compartir en Whatsapp\" href='https:\/\/api.whatsapp.com\/send?text=https:\/\/radiorevelacionfm.cl\/?p=59166' aria-hidden='false' data-av_icon='\uf232' data-av_iconfont='entypo-fontello' title='' data-avia-related-tooltip='Compartir en Whatsapp' rel=\"noopener\"><span class='avia_hidden_link_text'>Compartir en Whatsapp<\/span><\/a><\/li><li class='av-share-link av-social-link-linkedin' ><a target=\"_blank\" aria-label=\"Compartir en LinkedIn\" href='https:\/\/linkedin.com\/shareArticle?mini=true&#038;title=Autoridades%20refuerzan%20llamado%20al%20autocuidado%20para%20Fiestas%20Patrias%20y%20entregan%20datos%20sobre%20consumo%20riesgoso%20de%20alcohol&#038;url=https:\/\/radiorevelacionfm.cl\/?p=59166' aria-hidden='false' data-av_icon='\ue8fc' data-av_iconfont='entypo-fontello' title='' data-avia-related-tooltip='Compartir en LinkedIn' rel=\"noopener\"><span class='avia_hidden_link_text'>Compartir en LinkedIn<\/span><\/a><\/li><li class='av-share-link av-social-link-mail' ><a  aria-label=\"Compartir por correo\" href='mailto:?subject=Autoridades%20refuerzan%20llamado%20al%20autocuidado%20para%20Fiestas%20Patrias%20y%20entregan%20datos%20sobre%20consumo%20riesgoso%20de%20alcohol&#038;body=https:\/\/radiorevelacionfm.cl\/?p=59166' aria-hidden='false' data-av_icon='\ue805' data-av_iconfont='entypo-fontello' title='' data-avia-related-tooltip='Compartir por correo'><span class='avia_hidden_link_text'>Compartir por correo<\/span><\/a><\/li><\/ul><\/div><\/div>\n<div  style='height:50px' class='hr hr-invisible   avia-builder-el-8  el_after_av_social_share  el_before_av_comments_list '><span class='hr-inner ' ><span class='hr-inner-style'><\/span><\/span><\/div>\n<div  class='av-buildercomment  av-blog-meta-html-info-disabled av-blog-meta-tag-disabled  '><\/div>\n","protected":false},"excerpt":{"rendered":"","protected":false},"author":1,"featured_media":59167,"comment_status":"closed","ping_status":"closed","sticky":false,"template":"","format":"standard","meta":{"footnotes":""},"categories":[61],"tags":[],"class_list":["post-59166","post","type-post","status-publish","format-standard","has-post-thumbnail","hentry","category-nacional"],"jetpack_featured_media_url":"https:\/\/radiorevelacionfm.cl\/wp-content\/uploads\/2025\/09\/radiografia-foto-03-1_optimized.jpg","_links":{"self":[{"href":"https:\/\/radiorevelacionfm.cl\/index.php?rest_route=\/wp\/v2\/posts\/59166","targetHints":{"allow":["GET"]}}],"collection":[{"href":"https:\/\/radiorevelacionfm.cl\/index.php?rest_route=\/wp\/v2\/posts"}],"about":[{"href":"https:\/\/radiorevelacionfm.cl\/index.php?rest_route=\/wp\/v2\/types\/post"}],"author":[{"embeddable":true,"href":"https:\/\/radiorevelacionfm.cl\/index.php?rest_route=\/wp\/v2\/users\/1"}],"replies":[{"embeddable":true,"href":"https:\/\/radiorevelacionfm.cl\/index.php?rest_route=%2Fwp%2Fv2%2Fcomments&post=59166"}],"version-history":[{"count":2,"href":"https:\/\/radiorevelacionfm.cl\/index.php?rest_route=\/wp\/v2\/posts\/59166\/revisions"}],"predecessor-version":[{"id":59169,"href":"https:\/\/radiorevelacionfm.cl\/index.php?rest_route=\/wp\/v2\/posts\/59166\/revisions\/59169"}],"wp:featuredmedia":[{"embeddable":true,"href":"https:\/\/radiorevelacionfm.cl\/index.php?rest_route=\/wp\/v2\/media\/59167"}],"wp:attachment":[{"href":"https:\/\/radiorevelacionfm.cl\/index.php?rest_route=%2Fwp%2Fv2%2Fmedia&parent=59166"}],"wp:term":[{"taxonomy":"category","embeddable":true,"href":"https:\/\/radiorevelacionfm.cl\/index.php?rest_route=%2Fwp%2Fv2%2Fcategories&post=59166"},{"taxonomy":"post_tag","embeddable":true,"href":"https:\/\/radiorevelacionfm.cl\/index.php?rest_route=%2Fwp%2Fv2%2Ftags&post=59166"}],"curies":[{"name":"wp","href":"https:\/\/api.w.org\/{rel}","templated":true}]}}