{"id":59161,"date":"2025-09-13T16:52:37","date_gmt":"2025-09-13T19:52:37","guid":{"rendered":"https:\/\/radiorevelacionfm.cl\/?p=59161"},"modified":"2025-09-13T16:52:37","modified_gmt":"2025-09-13T19:52:37","slug":"coyhaique-fiscalia-solicito-la-prision-preventiva-para-imputado-por-robo-con-intimidacion-que-afecto-a-local-comercial-de-calle-las-lengas","status":"publish","type":"post","link":"https:\/\/radiorevelacionfm.cl\/?p=59161","title":{"rendered":"Coyhaique: Fiscal\u00eda solicit\u00f3 la prisi\u00f3n preventiva para imputado por robo con intimidaci\u00f3n que afect\u00f3 a local comercial de calle Las Lengas"},"content":{"rendered":"<div class=\"flex_column av_one_full  flex_column_div av-zero-column-padding first  avia-builder-el-0  el_before_av_one_full  avia-builder-el-first  \" style='border-radius:0px; '><div  class='avia-image-container  av-styling-    avia-builder-el-1  avia-builder-el-no-sibling  avia-align-center '  itemprop=\"image\" itemscope=\"itemscope\" itemtype=\"https:\/\/schema.org\/ImageObject\"  ><div class='avia-image-container-inner'><div class='avia-image-overlay-wrap'><img decoding=\"async\" class='wp-image-38114 avia-img-lazy-loading-not-38114 avia_image' src=\"https:\/\/radiorevelacionfm.cl\/wp-content\/uploads\/2023\/12\/Fiscalia3-1-1.jpeg\" alt='' title='Fiscalia3 (1) (1)' height=\"600\" width=\"942\"  itemprop=\"thumbnailUrl\" srcset=\"https:\/\/radiorevelacionfm.cl\/wp-content\/uploads\/2023\/12\/Fiscalia3-1-1.jpeg 942w, https:\/\/radiorevelacionfm.cl\/wp-content\/uploads\/2023\/12\/Fiscalia3-1-1-300x191.jpeg 300w, https:\/\/radiorevelacionfm.cl\/wp-content\/uploads\/2023\/12\/Fiscalia3-1-1-768x489.jpeg 768w, https:\/\/radiorevelacionfm.cl\/wp-content\/uploads\/2023\/12\/Fiscalia3-1-1-705x449.jpeg 705w, https:\/\/radiorevelacionfm.cl\/wp-content\/uploads\/2023\/12\/Fiscalia3-1-1-450x287.jpeg 450w, https:\/\/radiorevelacionfm.cl\/wp-content\/uploads\/2023\/12\/Fiscalia3-1-1-600x382.jpeg 600w\" sizes=\"(max-width: 942px) 100vw, 942px\" \/><\/div><\/div><\/div><\/div><div class=\"flex_column av_one_full  flex_column_div av-zero-column-padding first  avia-builder-el-2  el_after_av_one_full  el_before_av_one_full  column-top-margin\" style='border-radius:0px; '><section class=\"av_textblock_section \"  itemscope=\"itemscope\" itemtype=\"https:\/\/schema.org\/BlogPosting\" itemprop=\"blogPost\" ><div class='avia_textblock  '   itemprop=\"text\" ><p style=\"text-align: center;\"><strong><span style=\"font-size: 18pt;\">Coyhaique: Fiscal\u00eda solicit\u00f3 la prisi\u00f3n preventiva para imputado por robo con intimidaci\u00f3n que afect\u00f3 a local comercial de calle Las Lengas<\/span><\/strong><\/p>\n<div id=\"gtx-trans\" style=\"position: absolute; left: -50px; top: 4.31534px;\">\n<div class=\"gtx-trans-icon\"><\/div>\n<\/div>\n<\/div><\/section><\/div><div class=\"flex_column av_one_full  flex_column_div av-zero-column-padding first  avia-builder-el-4  el_after_av_one_full  el_before_av_hr  column-top-margin\" style='border-radius:0px; '><section class=\"av_textblock_section \"  itemscope=\"itemscope\" itemtype=\"https:\/\/schema.org\/BlogPosting\" itemprop=\"blogPost\" ><div class='avia_textblock  '   itemprop=\"text\" ><p style=\"font-weight: 400; text-align: justify;\">\u201cEl imputado mantiene antecedentes anteriores por diversos delitos, la mayor\u00eda contra la propiedad\u201d, explic\u00f3 el abogado de la Fiscal\u00eda Local de Coyhaique, Sebasti\u00e1n Vild\u00f3sola.<\/p>\n<p style=\"font-weight: 400; text-align: justify;\">La Fiscal\u00eda Local de Coyhaique formaliz\u00f3 a un imputado de 23 a\u00f1os por los delitos de robo con intimidaci\u00f3n -en car\u00e1cter de frustrado- ocurrido la tarde del jueves en Coyhaique como asimismo un delito de porte ilegal de una escopeta hechiza.<\/p>\n<p style=\"font-weight: 400; text-align: justify;\">El sujeto fue puesto en prisi\u00f3n preventiva y las diligencias investigativas de este caso fueron solicitadas a la SIP y Labocar de Carabineros, seg\u00fan inform\u00f3 el abogado de la Fiscal\u00eda Local de Coyhaique, Sebasti\u00e1n Vild\u00f3sola.<\/p>\n<p style=\"font-weight: 400; text-align: justify;\">\u201cSe formaliz\u00f3 investigaci\u00f3n en contra de un imputado var\u00f3n de 23 a\u00f1os de edad como autor de un delito de robo con intimidaci\u00f3n frustrado y porte ilegal de arma de fuego prohibida, hechos ocurridos el jueves en horas de la tarde y que afect\u00f3 a los dependientes de un local comercial de la comuna de Coyhaique\u201d, explic\u00f3 Sebasti\u00e1n Vild\u00f3sola.<\/p>\n<p style=\"font-weight: 400; text-align: justify;\">\u201cA prop\u00f3sito de los antecedentes vertidos en la audiencia de control de detenci\u00f3n, esta Fiscal\u00eda solicit\u00f3 la prisi\u00f3n preventiva del imputado por estimar que su libertad constituye un peligro para la seguridad de la sociedad, as\u00ed como tambi\u00e9n de las v\u00edctimas de este delito, petici\u00f3n que fue acogida por el Juzgado de Garant\u00eda de Coyhaique, fijando un plazo de investigaci\u00f3n de 60 d\u00edas\u201d, agreg\u00f3 el profesional.<\/p>\n<p style=\"font-weight: 400; text-align: justify;\">Las diligencias investigativas fueron solicitadas a la Secci\u00f3n de Investigaci\u00f3n Policial (SIP) de Carabineros y al Labocar, \u201cquien est\u00e1 a cargo de las pericias relacionadas con el arma de fuego incautada, la cual corresponde a una escopeta hechiza\u201d, detall\u00f3 el abogado de la Fiscal\u00eda.<\/p>\n<p style=\"font-weight: 400; text-align: justify;\">DETENCI\u00d3N<\/p>\n<p style=\"font-weight: 400; text-align: justify;\">De acuerdo a los antecedentes preliminares de este caso, el sujeto fue detenido por personal de la Secci\u00f3n Centauro de la Prefectura de Carabineros, tras el delito ocurrido cerca de las 19.40 horas y el cual afect\u00f3 a una local comercial de calle Las Lengas. All\u00ed, el imputado de 23 a\u00f1os acopi\u00f3 especies y manipul\u00f3 la escopeta hechiza al interior del local y al ser encarado por el dependiente, huy\u00f3 sin concretar el robo.<\/p>\n<p style=\"font-weight: 400; text-align: justify;\">Este hecho fue reportado a la Central de Comunicaciones de Carabineros, tras lo cual el imputado fue detenido, manteniendo en su poder un arma de fuego de confecci\u00f3n artesanal.<\/p>\n<p style=\"font-weight: 400; text-align: justify;\">Respecto de si el imputado posee antecedentes penales anteriores, el abogado Sebasti\u00e1n Vild\u00f3sola, expres\u00f3 que \u201cel imputado mantiene antecedentes anteriores por diversos delitos, la mayor\u00eda contra la propiedad y a mayor abundamiento, a la fecha de comisi\u00f3n de este hecho, estaba cumpliendo condena por uno de estos delitos\u201d.<\/p>\n<\/div><\/section><\/div><div  style='height:50px' class='hr hr-invisible   avia-builder-el-6  el_after_av_one_full  el_before_av_social_share '><span class='hr-inner ' ><span class='hr-inner-style'><\/span><\/span><\/div><\/p>\n<div  class='av-social-sharing-box  avia-builder-el-7  el_after_av_hr  el_before_av_hr  '><div class='av-share-box'><h5 class='av-share-link-description av-no-toc '>Compartir esta noticia<\/h5><ul class='av-share-box-list noLightbox'><li class='av-share-link av-social-link-facebook' ><a target=\"_blank\" aria-label=\"Compartir en Facebook\" href='https:\/\/www.facebook.com\/sharer.php?u=https:\/\/radiorevelacionfm.cl\/?p=59161&#038;t=Coyhaique%3A%20Fiscal%C3%ADa%20solicit%C3%B3%20la%20prisi%C3%B3n%20preventiva%20para%20imputado%20por%20robo%20con%20intimidaci%C3%B3n%20que%20afect%C3%B3%20a%20local%20comercial%20de%20calle%20Las%20Lengas' aria-hidden='false' data-av_icon='\ue8f3' data-av_iconfont='entypo-fontello' title='' data-avia-related-tooltip='Compartir en Facebook' rel=\"noopener\"><span class='avia_hidden_link_text'>Compartir en Facebook<\/span><\/a><\/li><li class='av-share-link av-social-link-twitter' ><a target=\"_blank\" aria-label=\"Compartir en Twitter\" href='https:\/\/twitter.com\/share?text=Coyhaique%3A%20Fiscal%C3%ADa%20solicit%C3%B3%20la%20prisi%C3%B3n%20preventiva%20para%20imputado%20por%20robo%20con%20intimidaci%C3%B3n%20que%20afect%C3%B3%20a%20local%20comercial%20de%20calle%20Las%20Lengas&#038;url=https:\/\/radiorevelacionfm.cl\/?p=59161' aria-hidden='false' data-av_icon='\ue8f1' data-av_iconfont='entypo-fontello' title='' data-avia-related-tooltip='Compartir en Twitter' rel=\"noopener\"><span class='avia_hidden_link_text'>Compartir en Twitter<\/span><\/a><\/li><li class='av-share-link av-social-link-whatsapp' ><a target=\"_blank\" aria-label=\"Compartir en Whatsapp\" href='https:\/\/api.whatsapp.com\/send?text=https:\/\/radiorevelacionfm.cl\/?p=59161' aria-hidden='false' data-av_icon='\uf232' data-av_iconfont='entypo-fontello' title='' data-avia-related-tooltip='Compartir en Whatsapp' rel=\"noopener\"><span class='avia_hidden_link_text'>Compartir en Whatsapp<\/span><\/a><\/li><li class='av-share-link av-social-link-linkedin' ><a target=\"_blank\" aria-label=\"Compartir en LinkedIn\" href='https:\/\/linkedin.com\/shareArticle?mini=true&#038;title=Coyhaique%3A%20Fiscal%C3%ADa%20solicit%C3%B3%20la%20prisi%C3%B3n%20preventiva%20para%20imputado%20por%20robo%20con%20intimidaci%C3%B3n%20que%20afect%C3%B3%20a%20local%20comercial%20de%20calle%20Las%20Lengas&#038;url=https:\/\/radiorevelacionfm.cl\/?p=59161' aria-hidden='false' data-av_icon='\ue8fc' data-av_iconfont='entypo-fontello' title='' data-avia-related-tooltip='Compartir en LinkedIn' rel=\"noopener\"><span class='avia_hidden_link_text'>Compartir en LinkedIn<\/span><\/a><\/li><li class='av-share-link av-social-link-mail' ><a  aria-label=\"Compartir por correo\" href='mailto:?subject=Coyhaique%3A%20Fiscal%C3%ADa%20solicit%C3%B3%20la%20prisi%C3%B3n%20preventiva%20para%20imputado%20por%20robo%20con%20intimidaci%C3%B3n%20que%20afect%C3%B3%20a%20local%20comercial%20de%20calle%20Las%20Lengas&#038;body=https:\/\/radiorevelacionfm.cl\/?p=59161' aria-hidden='false' data-av_icon='\ue805' data-av_iconfont='entypo-fontello' title='' data-avia-related-tooltip='Compartir por correo'><span class='avia_hidden_link_text'>Compartir por correo<\/span><\/a><\/li><\/ul><\/div><\/div>\n<div  style='height:50px' class='hr hr-invisible   avia-builder-el-8  el_after_av_social_share  el_before_av_comments_list '><span class='hr-inner ' ><span class='hr-inner-style'><\/span><\/span><\/div>\n<div  class='av-buildercomment  av-blog-meta-html-info-disabled av-blog-meta-tag-disabled  '><\/div>\n","protected":false},"excerpt":{"rendered":"","protected":false},"author":1,"featured_media":38114,"comment_status":"closed","ping_status":"closed","sticky":false,"template":"","format":"standard","meta":{"footnotes":""},"categories":[55],"tags":[],"class_list":["post-59161","post","type-post","status-publish","format-standard","has-post-thumbnail","hentry","category-justicia"],"jetpack_featured_media_url":"https:\/\/radiorevelacionfm.cl\/wp-content\/uploads\/2023\/12\/Fiscalia3-1-1.jpeg","_links":{"self":[{"href":"https:\/\/radiorevelacionfm.cl\/index.php?rest_route=\/wp\/v2\/posts\/59161","targetHints":{"allow":["GET"]}}],"collection":[{"href":"https:\/\/radiorevelacionfm.cl\/index.php?rest_route=\/wp\/v2\/posts"}],"about":[{"href":"https:\/\/radiorevelacionfm.cl\/index.php?rest_route=\/wp\/v2\/types\/post"}],"author":[{"embeddable":true,"href":"https:\/\/radiorevelacionfm.cl\/index.php?rest_route=\/wp\/v2\/users\/1"}],"replies":[{"embeddable":true,"href":"https:\/\/radiorevelacionfm.cl\/index.php?rest_route=%2Fwp%2Fv2%2Fcomments&post=59161"}],"version-history":[{"count":2,"href":"https:\/\/radiorevelacionfm.cl\/index.php?rest_route=\/wp\/v2\/posts\/59161\/revisions"}],"predecessor-version":[{"id":59163,"href":"https:\/\/radiorevelacionfm.cl\/index.php?rest_route=\/wp\/v2\/posts\/59161\/revisions\/59163"}],"wp:featuredmedia":[{"embeddable":true,"href":"https:\/\/radiorevelacionfm.cl\/index.php?rest_route=\/wp\/v2\/media\/38114"}],"wp:attachment":[{"href":"https:\/\/radiorevelacionfm.cl\/index.php?rest_route=%2Fwp%2Fv2%2Fmedia&parent=59161"}],"wp:term":[{"taxonomy":"category","embeddable":true,"href":"https:\/\/radiorevelacionfm.cl\/index.php?rest_route=%2Fwp%2Fv2%2Fcategories&post=59161"},{"taxonomy":"post_tag","embeddable":true,"href":"https:\/\/radiorevelacionfm.cl\/index.php?rest_route=%2Fwp%2Fv2%2Ftags&post=59161"}],"curies":[{"name":"wp","href":"https:\/\/api.w.org\/{rel}","templated":true}]}}